{"id":1162,"date":"2022-03-30T07:00:50","date_gmt":"2022-03-30T10:00:50","guid":{"rendered":"https:\/\/blogs.correiobraziliense.com.br\/eixocapital\/?p=1162"},"modified":"2022-03-30T07:00:50","modified_gmt":"2022-03-30T10:00:50","slug":"leila-entra-no-pdt-e-deve-ser-candidata-ao-gdf","status":"publish","type":"post","link":"https:\/\/blogs.correiobraziliense.com.br\/eixocapital\/2022\/03\/30\/leila-entra-no-pdt-e-deve-ser-candidata-ao-gdf\/","title":{"rendered":"Leila entra no PDT e deve ser candidata ao GDF"},"content":{"rendered":"<p>A senadora Leila Barros entra hoje no PDT em ato com lan\u00e7amento de pr\u00e9-candidatura ao GDF. Eleita para o primeiro mandato no Congresso em 2018, a medalhista ol\u00edmpica de v\u00f4lei busca agora assumir uma posi\u00e7\u00e3o de protagonismo na pol\u00edtica do DF. Ela quer seguir com o senador Jos\u00e9 Ant\u00f4nio Reguffe (Uni\u00e3o Brasil). Mas ainda falta acertar como ser\u00e1 essa alian\u00e7a.<\/p>\n<p>&nbsp;<\/p>\n<p>&nbsp;<\/p>\n<p><strong>Pipoka na disputa a distrital<\/strong><\/p>\n<p>&nbsp;<\/p>\n<p>Ao lado da senadora Leila Barros entra no PDT outro craque candango do esporte. Agora do basquete. Jo\u00e3o Jos\u00e9 Viana, o Pipoka, o ex-camisa sete da sele\u00e7\u00e3o brasileira. Ele vai se candidatar a deputado distrital.<\/p>\n<p>&nbsp;<\/p>\n<p>&nbsp;<\/p>\n<p><strong>Sem preju\u00edzo<\/strong><\/p>\n<p>&nbsp;<\/p>\n<p>O senador Jos\u00e9 Ant\u00f4nio Reguffe (Uni\u00e3o Brasil) disse a aliados que a candidatura de Leila Barros (PDT) n\u00e3o prejudica seus planos.<\/p>\n<p>&nbsp;<\/p>\n<p>&nbsp;<\/p>\n<p><strong>Irm\u00e3os Faraj no Uni\u00e3o Brasil<\/strong><\/p>\n<p>&nbsp;<\/p>\n<p>O ap\u00f3stolo Fadi Faraj se filiou ontem ao Uni\u00e3o Brasil em acordo nacional, com ficha abonada pelo presidente nacional, Luciano Bivar. Vai concorrer a uma vaga de deputado federal pelo partido de Reguffe. A irm\u00e3 do evang\u00e9lico, a ex-deputada Sandra Faraj, \u00e9 pr\u00e9-candidata a distrital, tamb\u00e9m pelo Uni\u00e3o Brasil.<\/p>\n<p>&nbsp;<\/p>\n<p>&nbsp;<\/p>\n<p><strong>Festival em setembro<\/strong><\/p>\n<p>&nbsp;<\/p>\n<p>O secret\u00e1rio se Cultura e Economia Criativa, Bartolomeu Rodrigues, bateu o martelo: a 55\u00aa edi\u00e7\u00e3o do Festival de Bras\u00edlia do Cinema Brasileiro este ano ser\u00e1 em setembro, presencial, no Cine Bras\u00edlia. Mas ser\u00e1 exibido ao mesmo tempo em plataforma digital para todo o pa\u00eds, seguindo uma tend\u00eancia que veio para ficar desde o in\u00edcio da pandemia.<\/p>\n<p>&nbsp;<\/p>\n<p>&nbsp;<\/p>\n<p><strong>Ex-presidentes na posse de D\u00e9lio<\/strong><\/p>\n<p>&nbsp;<\/p>\n<p>Tr\u00eas ex-presidentes prestigiaram a festa de posse de D\u00e9lio Lins e Silva J\u00fanior na OAB\/DF. Esdras Dantas de Souza, Francisco Lacerda e Juliano Costa Couto compareceram. Juliano foi a surpresa. Candidato a conselheiro federal na chapa de Tha\u00eds Riedel, ele deixou de lado as disputas pol\u00edticas para parabenizar D\u00e9lio, sua equipe e os presidentes de subse\u00e7\u00f5es da OAB-DF.<\/p>\n<p>&nbsp;<\/p>\n<p>&nbsp;<\/p>\n<p><strong>Tentativa de acordo<\/strong><\/p>\n<p>&nbsp;<\/p>\n<p>No Tribunal de Justi\u00e7a do DF, h\u00e1 um movimento em torno de uma composi\u00e7\u00e3o entre os desembargadores Roberval Belinati e Sebasti\u00e3o Coelho, para evitar disputas no comando do TRE-DF. Os dois magistrados, muito queridos pelos colegas, foram eleitos para exercerem as fun\u00e7\u00f5es de presidente e vice-presidente, que acumula como corregedor, do TRE-DF. A elei\u00e7\u00e3o ocorrer\u00e1 em 22 de abril, com os votos dos desembargadores eleitorais. Belinati e Sebasti\u00e3o v\u00e3o comandar as elei\u00e7\u00f5es de 2022. A defini\u00e7\u00e3o dos cargos sairia, ent\u00e3o, de um acerto entre os dois. Sem disputa. Mas os dois precisam topar.<\/p>\n<p>&nbsp;<\/p>\n<p>&nbsp;<\/p>\n<p><strong>Grupo cresce<\/strong><\/p>\n<p>&nbsp;<\/p>\n<p>Dois movimentos importantes ocorreram ontem em torno da prov\u00e1vel candidatura de Reguffe ao governo do DF. Um dos articuladores da campanha, o ex-deputado Luiz Pitiman se filiou ao Podemos. Entra na legenda com a ben\u00e7\u00e3o da presidente nacional, Renata Abreu, e ser\u00e1 secret\u00e1rio-geral do Podemos no DF. A ex-governadora Maria de Lourdes Abadia aceitou convite para se filiar ao Uni\u00e3o Brasil e deve concorrer a deputada federal.<\/p>\n<p>&nbsp;<\/p>\n<p>&nbsp;<\/p>\n<p><strong>Al\u00edrio Neto se filia ao PSD<\/strong><\/p>\n<p>&nbsp;<\/p>\n<p>O ex-presidente da C\u00e2mara Legislativa Al\u00edrio Neto acertou hoje entrada no PSD de olho em candidatura nas pr\u00f3ximas elei\u00e7\u00f5es. Ele avalia se concorrer\u00e1 a um mandato de deputado federal ou distrital. Em 2018, Al\u00edrio foi pr\u00e9-candidato ao governo, mas acabou fechando uma alian\u00e7a com a ex-deputada Eliana Pedrosa. Ela concorreu ao Pal\u00e1cio do Buriti, tendo Al\u00edrio como vice. Com a elei\u00e7\u00e3o de Ibaneis Rocha, Al\u00edrio assumiu a dire\u00e7\u00e3o-geral do Detran, mas teve um grave problema de sa\u00fade e se afastou.<\/p>\n<p>&nbsp;<\/p>\n","protected":false},"excerpt":{"rendered":"<p>A senadora Leila Barros entra hoje no PDT em ato com lan\u00e7amento de pr\u00e9-candidatura ao GDF. Eleita para o primeiro mandato no Congresso em 2018, a medalhista ol\u00edmpica de v\u00f4lei busca agora assumir uma posi\u00e7\u00e3o de protagonismo na pol\u00edtica do DF. Ela quer seguir com o senador Jos\u00e9 Ant\u00f4nio Reguffe (Uni\u00e3o Brasil). Mas ainda falta acertar como ser\u00e1 essa alian\u00e7a. [&hellip;]<\/p>\n","protected":false},"author":9,"featured_media":149,"comment_status":"open","ping_status":"open","sticky":false,"template":"","format":"standard","meta":{"footnotes":""},"categories":[1],"tags":[428,427,194],"class_list":["post-1162","post","type-post","status-publish","format-standard","has-post-thumbnail","hentry","category-sem-categoria","tag-faraj","tag-leila","tag-reguffe"],"_links":{"self":[{"href":"https:\/\/blogs.correiobraziliense.com.br\/eixocapital\/wp-json\/wp\/v2\/posts\/1162","targetHints":{"allow":["GET"]}}],"collection":[{"href":"https:\/\/blogs.correiobraziliense.com.br\/eixocapital\/wp-json\/wp\/v2\/posts"}],"about":[{"href":"https:\/\/blogs.correiobraziliense.com.br\/eixocapital\/wp-json\/wp\/v2\/types\/post"}],"author":[{"embeddable":true,"href":"https:\/\/blogs.correiobraziliense.com.br\/eixocapital\/wp-json\/wp\/v2\/users\/9"}],"replies":[{"embeddable":true,"href":"https:\/\/blogs.correiobraziliense.com.br\/eixocapital\/wp-json\/wp\/v2\/comments?post=1162"}],"version-history":[{"count":1,"href":"https:\/\/blogs.correiobraziliense.com.br\/eixocapital\/wp-json\/wp\/v2\/posts\/1162\/revisions"}],"predecessor-version":[{"id":1163,"href":"https:\/\/blogs.correiobraziliense.com.br\/eixocapital\/wp-json\/wp\/v2\/posts\/1162\/revisions\/1163"}],"wp:featuredmedia":[{"embeddable":true,"href":"https:\/\/blogs.correiobraziliense.com.br\/eixocapital\/wp-json\/wp\/v2\/media\/149"}],"wp:attachment":[{"href":"https:\/\/blogs.correiobraziliense.com.br\/eixocapital\/wp-json\/wp\/v2\/media?parent=1162"}],"wp:term":[{"taxonomy":"category","embeddable":true,"href":"https:\/\/blogs.correiobraziliense.com.br\/eixocapital\/wp-json\/wp\/v2\/categories?post=1162"},{"taxonomy":"post_tag","embeddable":true,"href":"https:\/\/blogs.correiobraziliense.com.br\/eixocapital\/wp-json\/wp\/v2\/tags?post=1162"}],"curies":[{"name":"wp","href":"https:\/\/api.w.org\/{rel}","templated":true}]}}