{"id":1160,"date":"2022-03-30T00:37:28","date_gmt":"2022-03-30T03:37:28","guid":{"rendered":"https:\/\/blogs.correiobraziliense.com.br\/eixocapital\/?p=1160"},"modified":"2022-03-30T00:37:28","modified_gmt":"2022-03-30T03:37:28","slug":"camara-aprova-transformacao-de-cargos-no-tribunal-de-justica-do-df","status":"publish","type":"post","link":"https:\/\/blogs.correiobraziliense.com.br\/eixocapital\/2022\/03\/30\/camara-aprova-transformacao-de-cargos-no-tribunal-de-justica-do-df\/","title":{"rendered":"C\u00e2mara aprova transforma\u00e7\u00e3o de cargos no Tribunal de Justi\u00e7a do DF"},"content":{"rendered":"<p>A C\u00e2mara dos Deputados aprovou nesta ter\u00e7a-feira (29) projeto do Tribunal de Justi\u00e7a do Distrito Federal e dos Territ\u00f3rios, que transforma cargos vagos de auxiliar e de t\u00e9cnico judici\u00e1rio em cargos de analista judici\u00e1rio. A mat\u00e9ria ser\u00e1 enviada ao Senado.<\/p>\n<p>&nbsp;<\/p>\n<p>De acordo com o <span id=\"4098\" class=\"termoGlossario\" title=\"\">substitutivo<\/span> aprovado, de autoria da deputada Celina Le\u00e3o (PP-DF), ser\u00e3o usados quatro cargos de auxiliar judici\u00e1rio e 192 cargos de t\u00e9cnico judici\u00e1rio para a cria\u00e7\u00e3o de 118 cargos da carreira de analista judici\u00e1rio, todos do quadro permanente da Justi\u00e7a do Distrito Federal e dos Territ\u00f3rios.<\/p>\n<p>&nbsp;<\/p>\n<p>A relatora acatou <span id=\"4028\" class=\"termoGlossario\" title=\"\">emendas<\/span> e incluiu duas principais mudan\u00e7as: a exig\u00eancia de curso superior completo para ingressar no cargo de t\u00e9cnico judici\u00e1rio e a previs\u00e3o expl\u00edcita no projeto de que os cargos de analista e de t\u00e9cnico s\u00e3o essenciais \u00e0 atividade jurisdicional. Caber\u00e1 ao tribunal normatizar as regras para a aplica\u00e7\u00e3o da lei.<\/p>\n<p>&nbsp;<\/p>\n","protected":false},"excerpt":{"rendered":"<p>A C\u00e2mara dos Deputados aprovou nesta ter\u00e7a-feira (29) projeto do Tribunal de Justi\u00e7a do Distrito Federal e dos Territ\u00f3rios, que transforma cargos vagos de auxiliar e de t\u00e9cnico judici\u00e1rio em cargos de analista judici\u00e1rio. A mat\u00e9ria ser\u00e1 enviada ao Senado. &nbsp; De acordo com o substitutivo aprovado, de autoria da deputada Celina Le\u00e3o (PP-DF), ser\u00e3o usados quatro cargos de auxiliar [&hellip;]<\/p>\n","protected":false},"author":9,"featured_media":836,"comment_status":"open","ping_status":"open","sticky":false,"template":"","format":"standard","meta":{"footnotes":""},"categories":[1],"tags":[],"class_list":["post-1160","post","type-post","status-publish","format-standard","has-post-thumbnail","hentry","category-sem-categoria"],"_links":{"self":[{"href":"https:\/\/blogs.correiobraziliense.com.br\/eixocapital\/wp-json\/wp\/v2\/posts\/1160","targetHints":{"allow":["GET"]}}],"collection":[{"href":"https:\/\/blogs.correiobraziliense.com.br\/eixocapital\/wp-json\/wp\/v2\/posts"}],"about":[{"href":"https:\/\/blogs.correiobraziliense.com.br\/eixocapital\/wp-json\/wp\/v2\/types\/post"}],"author":[{"embeddable":true,"href":"https:\/\/blogs.correiobraziliense.com.br\/eixocapital\/wp-json\/wp\/v2\/users\/9"}],"replies":[{"embeddable":true,"href":"https:\/\/blogs.correiobraziliense.com.br\/eixocapital\/wp-json\/wp\/v2\/comments?post=1160"}],"version-history":[{"count":1,"href":"https:\/\/blogs.correiobraziliense.com.br\/eixocapital\/wp-json\/wp\/v2\/posts\/1160\/revisions"}],"predecessor-version":[{"id":1161,"href":"https:\/\/blogs.correiobraziliense.com.br\/eixocapital\/wp-json\/wp\/v2\/posts\/1160\/revisions\/1161"}],"wp:featuredmedia":[{"embeddable":true,"href":"https:\/\/blogs.correiobraziliense.com.br\/eixocapital\/wp-json\/wp\/v2\/media\/836"}],"wp:attachment":[{"href":"https:\/\/blogs.correiobraziliense.com.br\/eixocapital\/wp-json\/wp\/v2\/media?parent=1160"}],"wp:term":[{"taxonomy":"category","embeddable":true,"href":"https:\/\/blogs.correiobraziliense.com.br\/eixocapital\/wp-json\/wp\/v2\/categories?post=1160"},{"taxonomy":"post_tag","embeddable":true,"href":"https:\/\/blogs.correiobraziliense.com.br\/eixocapital\/wp-json\/wp\/v2\/tags?post=1160"}],"curies":[{"name":"wp","href":"https:\/\/api.w.org\/{rel}","templated":true}]}}