{"id":1157,"date":"2022-03-29T23:59:49","date_gmt":"2022-03-30T02:59:49","guid":{"rendered":"https:\/\/blogs.correiobraziliense.com.br\/eixocapital\/?p=1157"},"modified":"2022-03-29T23:59:49","modified_gmt":"2022-03-30T02:59:49","slug":"ex-vice-governador-renato-santana-deixa-psd-pelo-pp","status":"publish","type":"post","link":"https:\/\/blogs.correiobraziliense.com.br\/eixocapital\/2022\/03\/29\/ex-vice-governador-renato-santana-deixa-psd-pelo-pp\/","title":{"rendered":"Ex-vice-governador Renato Santana deixa PSD pelo PP"},"content":{"rendered":"<h4>ANA MARIA CAMPOS<\/h4>\n<p>O ex-vice-governador Renato Santana anunciou hoje (29) que deixa o PSD, partido pelo qual se elegeu como 02 do DF, na gest\u00e3o de Rodrigo Rollemberg.<\/p>\n<p>&nbsp;<\/p>\n<p>Santana vai seguir os passos do aliado Rog\u00e9rio Rosso e ingressa no PP. Dever\u00e1 concorrer a um mandato de deputado distrital.<\/p>\n<p>&nbsp;<\/p>\n<p>Em nota, ele afirmou que deixa o PSD depois de 11 anos, depois de muita reflex\u00e3o. \u201cEsclare\u00e7o que n\u00e3o foi uma decis\u00e3o improvisada,\u00a0irrefletida. Claro que isto tem, pra mim, um pre\u00e7o afetivo muito grande.<\/p>\n<p>&nbsp;<\/p>\n<p>Pelo PSD, al\u00e9m de vice-governador, Renato Santana foi administrador regional de Ceil\u00e2ndia, Taguatinga, Vicente Pires, Brazl\u00e2ndia, Samambaia, SIA, Guar\u00e1 e Riacho Fundo I.<\/p>\n<p>&nbsp;<\/p>\n<p>Ao trocar de partido, Santana permanece na base de partidos que apoiar\u00e3o a reelei\u00e7\u00e3o do governador Ibaneis Rocha (MDB).<\/p>\n","protected":false},"excerpt":{"rendered":"<p>ANA MARIA CAMPOS O ex-vice-governador Renato Santana anunciou hoje (29) que deixa o PSD, partido pelo qual se elegeu como 02 do DF, na gest\u00e3o de Rodrigo Rollemberg. &nbsp; Santana vai seguir os passos do aliado Rog\u00e9rio Rosso e ingressa no PP. Dever\u00e1 concorrer a um mandato de deputado distrital. &nbsp; Em nota, ele afirmou que deixa o PSD depois [&hellip;]<\/p>\n","protected":false},"author":9,"featured_media":1158,"comment_status":"open","ping_status":"open","sticky":false,"template":"","format":"standard","meta":{"footnotes":""},"categories":[247],"tags":[406,384,28,426,257,185],"class_list":["post-1157","post","type-post","status-publish","format-standard","has-post-thumbnail","hentry","category-eixo-capital","tag-deputado-distrital","tag-pp","tag-psd","tag-renato-santana","tag-rogerio-rosso","tag-vice-governador"],"_links":{"self":[{"href":"https:\/\/blogs.correiobraziliense.com.br\/eixocapital\/wp-json\/wp\/v2\/posts\/1157","targetHints":{"allow":["GET"]}}],"collection":[{"href":"https:\/\/blogs.correiobraziliense.com.br\/eixocapital\/wp-json\/wp\/v2\/posts"}],"about":[{"href":"https:\/\/blogs.correiobraziliense.com.br\/eixocapital\/wp-json\/wp\/v2\/types\/post"}],"author":[{"embeddable":true,"href":"https:\/\/blogs.correiobraziliense.com.br\/eixocapital\/wp-json\/wp\/v2\/users\/9"}],"replies":[{"embeddable":true,"href":"https:\/\/blogs.correiobraziliense.com.br\/eixocapital\/wp-json\/wp\/v2\/comments?post=1157"}],"version-history":[{"count":1,"href":"https:\/\/blogs.correiobraziliense.com.br\/eixocapital\/wp-json\/wp\/v2\/posts\/1157\/revisions"}],"predecessor-version":[{"id":1159,"href":"https:\/\/blogs.correiobraziliense.com.br\/eixocapital\/wp-json\/wp\/v2\/posts\/1157\/revisions\/1159"}],"wp:featuredmedia":[{"embeddable":true,"href":"https:\/\/blogs.correiobraziliense.com.br\/eixocapital\/wp-json\/wp\/v2\/media\/1158"}],"wp:attachment":[{"href":"https:\/\/blogs.correiobraziliense.com.br\/eixocapital\/wp-json\/wp\/v2\/media?parent=1157"}],"wp:term":[{"taxonomy":"category","embeddable":true,"href":"https:\/\/blogs.correiobraziliense.com.br\/eixocapital\/wp-json\/wp\/v2\/categories?post=1157"},{"taxonomy":"post_tag","embeddable":true,"href":"https:\/\/blogs.correiobraziliense.com.br\/eixocapital\/wp-json\/wp\/v2\/tags?post=1157"}],"curies":[{"name":"wp","href":"https:\/\/api.w.org\/{rel}","templated":true}]}}