{"id":1152,"date":"2022-03-29T20:09:29","date_gmt":"2022-03-29T23:09:29","guid":{"rendered":"https:\/\/blogs.correiobraziliense.com.br\/eixocapital\/?p=1152"},"modified":"2022-03-29T20:15:07","modified_gmt":"2022-03-29T23:15:07","slug":"aliado-de-reguffe-pitiman-se-filia-ao-podemos","status":"publish","type":"post","link":"https:\/\/blogs.correiobraziliense.com.br\/eixocapital\/2022\/03\/29\/aliado-de-reguffe-pitiman-se-filia-ao-podemos\/","title":{"rendered":"Aliado de Reguffe, Pitiman se filia ao Podemos"},"content":{"rendered":"<h4>ANA MARIA CAMPOS<\/h4>\n<p>Dois movimentos importantes ocorreram nesta tarde (29) em torno da prov\u00e1vel candidatura do senador Jos\u00e9 Ant\u00f4nio\u00a0Reguffe (Uni\u00e3o Brasil-DF) ao governo do DF.<\/p>\n<p>&nbsp;<\/p>\n<p>Um dos articuladores da campanha, o ex-deputado Luiz Pitiman se filiou ao Podemos. Entra na legenda com a ben\u00e7\u00e3o da presidente nacional, Renata Abreu, e ser\u00e1 secret\u00e1rio-geral do Podemos no DF.<\/p>\n<p>&nbsp;<\/p>\n<p>A ex-governadora Maria de Lourdes Abadia aceitou convite para se filiar ao Uni\u00e3o Brasil e deve concorrer a deputada federal. Ela estava filiada ao PSB, partido que a abrigou quando se desentendeu com o PSDB-DF.<\/p>\n","protected":false},"excerpt":{"rendered":"<p>ANA MARIA CAMPOS Dois movimentos importantes ocorreram nesta tarde (29) em torno da prov\u00e1vel candidatura do senador Jos\u00e9 Ant\u00f4nio\u00a0Reguffe (Uni\u00e3o Brasil-DF) ao governo do DF. &nbsp; Um dos articuladores da campanha, o ex-deputado Luiz Pitiman se filiou ao Podemos. Entra na legenda com a ben\u00e7\u00e3o da presidente nacional, Renata Abreu, e ser\u00e1 secret\u00e1rio-geral do Podemos no DF. &nbsp; A ex-governadora [&hellip;]<\/p>\n","protected":false},"author":9,"featured_media":1153,"comment_status":"open","ping_status":"open","sticky":false,"template":"","format":"standard","meta":{"footnotes":""},"categories":[1],"tags":[424,29,423,98,194,425,32],"class_list":["post-1152","post","type-post","status-publish","format-standard","has-post-thumbnail","hentry","category-sem-categoria","tag-abadia","tag-eleicoes-2022","tag-luiz-pitiman","tag-podemos","tag-reguffe","tag-renata-abreu","tag-uniao-brasil"],"_links":{"self":[{"href":"https:\/\/blogs.correiobraziliense.com.br\/eixocapital\/wp-json\/wp\/v2\/posts\/1152","targetHints":{"allow":["GET"]}}],"collection":[{"href":"https:\/\/blogs.correiobraziliense.com.br\/eixocapital\/wp-json\/wp\/v2\/posts"}],"about":[{"href":"https:\/\/blogs.correiobraziliense.com.br\/eixocapital\/wp-json\/wp\/v2\/types\/post"}],"author":[{"embeddable":true,"href":"https:\/\/blogs.correiobraziliense.com.br\/eixocapital\/wp-json\/wp\/v2\/users\/9"}],"replies":[{"embeddable":true,"href":"https:\/\/blogs.correiobraziliense.com.br\/eixocapital\/wp-json\/wp\/v2\/comments?post=1152"}],"version-history":[{"count":3,"href":"https:\/\/blogs.correiobraziliense.com.br\/eixocapital\/wp-json\/wp\/v2\/posts\/1152\/revisions"}],"predecessor-version":[{"id":1156,"href":"https:\/\/blogs.correiobraziliense.com.br\/eixocapital\/wp-json\/wp\/v2\/posts\/1152\/revisions\/1156"}],"wp:featuredmedia":[{"embeddable":true,"href":"https:\/\/blogs.correiobraziliense.com.br\/eixocapital\/wp-json\/wp\/v2\/media\/1153"}],"wp:attachment":[{"href":"https:\/\/blogs.correiobraziliense.com.br\/eixocapital\/wp-json\/wp\/v2\/media?parent=1152"}],"wp:term":[{"taxonomy":"category","embeddable":true,"href":"https:\/\/blogs.correiobraziliense.com.br\/eixocapital\/wp-json\/wp\/v2\/categories?post=1152"},{"taxonomy":"post_tag","embeddable":true,"href":"https:\/\/blogs.correiobraziliense.com.br\/eixocapital\/wp-json\/wp\/v2\/tags?post=1152"}],"curies":[{"name":"wp","href":"https:\/\/api.w.org\/{rel}","templated":true}]}}