{"id":1149,"date":"2022-03-29T18:14:34","date_gmt":"2022-03-29T21:14:34","guid":{"rendered":"https:\/\/blogs.correiobraziliense.com.br\/eixocapital\/?p=1149"},"modified":"2022-03-29T18:14:34","modified_gmt":"2022-03-29T21:14:34","slug":"claudio-abrantes-deixa-pdt-e-flerta-com-psd","status":"publish","type":"post","link":"https:\/\/blogs.correiobraziliense.com.br\/eixocapital\/2022\/03\/29\/claudio-abrantes-deixa-pdt-e-flerta-com-psd\/","title":{"rendered":"Cl\u00e1udio Abrantes deixa PDT e flerta com PSD"},"content":{"rendered":"<h4>ANA ISABEL MANSUR<\/h4>\n<p>O deputado distrital Cl\u00e1udio Abrantes anunciou a sa\u00edda do PDT na tarde desta ter\u00e7a-feira (29\/3). Em carta dirigida ao partido, o parlamentar destacou que encontrou &#8220;no PDT muito mais do que esperava buscar.&#8221;<\/p>\n<p>&nbsp;<\/p>\n<p>O agora ex-PDT deve se filiar ao PSD. O acordo ainda n\u00e3o foi fechado, mas o flerte est\u00e1 em estado avan\u00e7ado. Cl\u00e1udio Abrantes esteve, durante esta tarde, lado a lado com Paulo Octavio, presidente regional do PSD, em reuni\u00e3o no Pal\u00e1cio do Buriti.<\/p>\n<p>&nbsp;<\/p>\n<p>Os motivos da desfilia\u00e7\u00e3o n\u00e3o foram explicitados pelo distrital, que ressaltou que &#8220;os caminhos daqueles que trabalham em prol de um mesmo objetivo sempre se cruzam.&#8221;<\/p>\n","protected":false},"excerpt":{"rendered":"<p>ANA ISABEL MANSUR O deputado distrital Cl\u00e1udio Abrantes anunciou a sa\u00edda do PDT na tarde desta ter\u00e7a-feira (29\/3). Em carta dirigida ao partido, o parlamentar destacou que encontrou &#8220;no PDT muito mais do que esperava buscar.&#8221; &nbsp; O agora ex-PDT deve se filiar ao PSD. O acordo ainda n\u00e3o foi fechado, mas o flerte est\u00e1 em estado avan\u00e7ado. Cl\u00e1udio Abrantes [&hellip;]<\/p>\n","protected":false},"author":9,"featured_media":1150,"comment_status":"open","ping_status":"open","sticky":false,"template":"","format":"standard","meta":{"footnotes":""},"categories":[1],"tags":[421,406,29,104,28],"class_list":["post-1149","post","type-post","status-publish","format-standard","has-post-thumbnail","hentry","category-sem-categoria","tag-claudio-abrantes","tag-deputado-distrital","tag-eleicoes-2022","tag-pdt","tag-psd"],"_links":{"self":[{"href":"https:\/\/blogs.correiobraziliense.com.br\/eixocapital\/wp-json\/wp\/v2\/posts\/1149","targetHints":{"allow":["GET"]}}],"collection":[{"href":"https:\/\/blogs.correiobraziliense.com.br\/eixocapital\/wp-json\/wp\/v2\/posts"}],"about":[{"href":"https:\/\/blogs.correiobraziliense.com.br\/eixocapital\/wp-json\/wp\/v2\/types\/post"}],"author":[{"embeddable":true,"href":"https:\/\/blogs.correiobraziliense.com.br\/eixocapital\/wp-json\/wp\/v2\/users\/9"}],"replies":[{"embeddable":true,"href":"https:\/\/blogs.correiobraziliense.com.br\/eixocapital\/wp-json\/wp\/v2\/comments?post=1149"}],"version-history":[{"count":1,"href":"https:\/\/blogs.correiobraziliense.com.br\/eixocapital\/wp-json\/wp\/v2\/posts\/1149\/revisions"}],"predecessor-version":[{"id":1151,"href":"https:\/\/blogs.correiobraziliense.com.br\/eixocapital\/wp-json\/wp\/v2\/posts\/1149\/revisions\/1151"}],"wp:featuredmedia":[{"embeddable":true,"href":"https:\/\/blogs.correiobraziliense.com.br\/eixocapital\/wp-json\/wp\/v2\/media\/1150"}],"wp:attachment":[{"href":"https:\/\/blogs.correiobraziliense.com.br\/eixocapital\/wp-json\/wp\/v2\/media?parent=1149"}],"wp:term":[{"taxonomy":"category","embeddable":true,"href":"https:\/\/blogs.correiobraziliense.com.br\/eixocapital\/wp-json\/wp\/v2\/categories?post=1149"},{"taxonomy":"post_tag","embeddable":true,"href":"https:\/\/blogs.correiobraziliense.com.br\/eixocapital\/wp-json\/wp\/v2\/tags?post=1149"}],"curies":[{"name":"wp","href":"https:\/\/api.w.org\/{rel}","templated":true}]}}