{"id":1146,"date":"2022-03-29T18:11:00","date_gmt":"2022-03-29T21:11:00","guid":{"rendered":"https:\/\/blogs.correiobraziliense.com.br\/eixocapital\/?p=1146"},"modified":"2022-03-29T18:11:00","modified_gmt":"2022-03-29T21:11:00","slug":"deputado-reginaldo-veras-filia-se-ao-pv","status":"publish","type":"post","link":"https:\/\/blogs.correiobraziliense.com.br\/eixocapital\/2022\/03\/29\/deputado-reginaldo-veras-filia-se-ao-pv\/","title":{"rendered":"Deputado Reginaldo Veras filia-se ao PV"},"content":{"rendered":"<h4>ANA ISABEL MANSUR<\/h4>\n<p>O deputado distrital Reginaldo Veras saiu do PDT e agora est\u00e1 no PV. O an\u00fancio de filia\u00e7\u00e3o \u00e0 nova sigla foi feito em plen\u00e1rio, na tarde desta ter\u00e7a-feira (29). Ele destacou que deixa o PDT com &#8220;tristeza&#8221;, mas ciente de que as condi\u00e7\u00f5es eleitorais s\u00e3o mais favor\u00e1veis no PV.<\/p>\n<p>&nbsp;<\/p>\n<p>O parlamentar afirmou que recebeu convite de oito partidos, de diversas ideologias, mas que escolheu o PV para manter a coer\u00eancia dos pontos que defende desde seu primeiro mandato, em 2014.<\/p>\n<p>&nbsp;<\/p>\n<p>As condi\u00e7\u00f5es de campanha da agremia\u00e7\u00e3o escolhida eram as menores em termos financeiros, de acordo com o deputado.<\/p>\n<p>&nbsp;<\/p>\n<p>&#8220;O PV, que \u00e9 o partido da sustentabilidade, democracia e pluralidade ser\u00e1 agora tamb\u00e9m o partido da educa\u00e7\u00e3o e da defesa dos direitos dos trabalhadores&#8221;, anunciou Reginaldo Veras.<\/p>\n<p>O distrital anunciou que em, breve, vai lan\u00e7ar candidatura para deputado federal.<\/p>\n<p>&nbsp;<\/p>\n<p>O PV vai fechar uma federa\u00e7\u00e3o com o PT e PCdoB. Assim a frente reunir\u00e1 uma nominata mais forte e com mais recursos.<\/p>\n","protected":false},"excerpt":{"rendered":"<p>ANA ISABEL MANSUR O deputado distrital Reginaldo Veras saiu do PDT e agora est\u00e1 no PV. O an\u00fancio de filia\u00e7\u00e3o \u00e0 nova sigla foi feito em plen\u00e1rio, na tarde desta ter\u00e7a-feira (29). Ele destacou que deixa o PDT com &#8220;tristeza&#8221;, mas ciente de que as condi\u00e7\u00f5es eleitorais s\u00e3o mais favor\u00e1veis no PV. &nbsp; O parlamentar afirmou que recebeu convite de [&hellip;]<\/p>\n","protected":false},"author":9,"featured_media":1147,"comment_status":"open","ping_status":"open","sticky":false,"template":"","format":"standard","meta":{"footnotes":""},"categories":[1],"tags":[104,77,103],"class_list":["post-1146","post","type-post","status-publish","format-standard","has-post-thumbnail","hentry","category-sem-categoria","tag-pdt","tag-pv","tag-reginaldo-veras"],"_links":{"self":[{"href":"https:\/\/blogs.correiobraziliense.com.br\/eixocapital\/wp-json\/wp\/v2\/posts\/1146","targetHints":{"allow":["GET"]}}],"collection":[{"href":"https:\/\/blogs.correiobraziliense.com.br\/eixocapital\/wp-json\/wp\/v2\/posts"}],"about":[{"href":"https:\/\/blogs.correiobraziliense.com.br\/eixocapital\/wp-json\/wp\/v2\/types\/post"}],"author":[{"embeddable":true,"href":"https:\/\/blogs.correiobraziliense.com.br\/eixocapital\/wp-json\/wp\/v2\/users\/9"}],"replies":[{"embeddable":true,"href":"https:\/\/blogs.correiobraziliense.com.br\/eixocapital\/wp-json\/wp\/v2\/comments?post=1146"}],"version-history":[{"count":1,"href":"https:\/\/blogs.correiobraziliense.com.br\/eixocapital\/wp-json\/wp\/v2\/posts\/1146\/revisions"}],"predecessor-version":[{"id":1148,"href":"https:\/\/blogs.correiobraziliense.com.br\/eixocapital\/wp-json\/wp\/v2\/posts\/1146\/revisions\/1148"}],"wp:featuredmedia":[{"embeddable":true,"href":"https:\/\/blogs.correiobraziliense.com.br\/eixocapital\/wp-json\/wp\/v2\/media\/1147"}],"wp:attachment":[{"href":"https:\/\/blogs.correiobraziliense.com.br\/eixocapital\/wp-json\/wp\/v2\/media?parent=1146"}],"wp:term":[{"taxonomy":"category","embeddable":true,"href":"https:\/\/blogs.correiobraziliense.com.br\/eixocapital\/wp-json\/wp\/v2\/categories?post=1146"},{"taxonomy":"post_tag","embeddable":true,"href":"https:\/\/blogs.correiobraziliense.com.br\/eixocapital\/wp-json\/wp\/v2\/tags?post=1146"}],"curies":[{"name":"wp","href":"https:\/\/api.w.org\/{rel}","templated":true}]}}