{"id":1142,"date":"2022-03-29T17:32:56","date_gmt":"2022-03-29T20:32:56","guid":{"rendered":"https:\/\/blogs.correiobraziliense.com.br\/eixocapital\/?p=1142"},"modified":"2022-03-29T17:38:36","modified_gmt":"2022-03-29T20:38:36","slug":"de-volta-a-politica-alirio-se-filia-ao-psd","status":"publish","type":"post","link":"https:\/\/blogs.correiobraziliense.com.br\/eixocapital\/2022\/03\/29\/de-volta-a-politica-alirio-se-filia-ao-psd\/","title":{"rendered":"De volta \u00e0 pol\u00edtica, Al\u00edrio se filia ao PSD"},"content":{"rendered":"<h4>ANA MARIA CAMPOS<\/h4>\n<p>O ex-presidente da C\u00e2mara Legislativa Al\u00edrio Neto acertou hoje entrada no PSD de olho em candidatura nas pr\u00f3ximas elei\u00e7\u00f5es. Ele avalia se concorrer\u00e1 a um mandato de deputado federal ou distrital.<\/p>\n<p>&nbsp;<\/p>\n<p>Em 2018, Al\u00edrio foi pr\u00e9-candidato ao governo, mas acabou fechando uma alian\u00e7a com a ex-deputada Eliana Pedrosa. Ela concorreu ao Pal\u00e1cio do Buriti, tendo Al\u00edrio como vice.<\/p>\n<p>&nbsp;<\/p>\n<p>Com a elei\u00e7\u00e3o de Ibaneis Rocha, Al\u00edrio assumiu a dire\u00e7\u00e3o-geral do Detran, mas teve um grave problema de sa\u00fade e se afastou.<\/p>\n<p>&nbsp;<\/p>\n<p>Dois anos depois, Al\u00edrio se recuperou e quer agora voltar \u00e0 atividade pol\u00edtica. \u201cEstou bem, animado. Estou avaliando se serei candidato a deputado federal ou distrital pelo PSD\u201d, disse ao <b>Correio.<\/b><\/p>\n<p>&nbsp;<\/p>\n<p>Al\u00edrio assinou filia\u00e7\u00e3o nesta tarde (30) no escrit\u00f3rio do presidente do partido no Distrito Federal, Paulo Oct\u00e1vio.<\/p>\n<p>&nbsp;<\/p>\n","protected":false},"excerpt":{"rendered":"<p>ANA MARIA CAMPOS O ex-presidente da C\u00e2mara Legislativa Al\u00edrio Neto acertou hoje entrada no PSD de olho em candidatura nas pr\u00f3ximas elei\u00e7\u00f5es. Ele avalia se concorrer\u00e1 a um mandato de deputado federal ou distrital. &nbsp; Em 2018, Al\u00edrio foi pr\u00e9-candidato ao governo, mas acabou fechando uma alian\u00e7a com a ex-deputada Eliana Pedrosa. Ela concorreu ao Pal\u00e1cio do Buriti, tendo Al\u00edrio [&hellip;]<\/p>\n","protected":false},"author":9,"featured_media":1143,"comment_status":"open","ping_status":"open","sticky":false,"template":"","format":"standard","meta":{"footnotes":""},"categories":[247],"tags":[422,29,181,28],"class_list":["post-1142","post","type-post","status-publish","format-standard","has-post-thumbnail","hentry","category-eixo-capital","tag-alirio-neto","tag-eleicoes-2022","tag-paulo-octavio","tag-psd"],"_links":{"self":[{"href":"https:\/\/blogs.correiobraziliense.com.br\/eixocapital\/wp-json\/wp\/v2\/posts\/1142","targetHints":{"allow":["GET"]}}],"collection":[{"href":"https:\/\/blogs.correiobraziliense.com.br\/eixocapital\/wp-json\/wp\/v2\/posts"}],"about":[{"href":"https:\/\/blogs.correiobraziliense.com.br\/eixocapital\/wp-json\/wp\/v2\/types\/post"}],"author":[{"embeddable":true,"href":"https:\/\/blogs.correiobraziliense.com.br\/eixocapital\/wp-json\/wp\/v2\/users\/9"}],"replies":[{"embeddable":true,"href":"https:\/\/blogs.correiobraziliense.com.br\/eixocapital\/wp-json\/wp\/v2\/comments?post=1142"}],"version-history":[{"count":2,"href":"https:\/\/blogs.correiobraziliense.com.br\/eixocapital\/wp-json\/wp\/v2\/posts\/1142\/revisions"}],"predecessor-version":[{"id":1145,"href":"https:\/\/blogs.correiobraziliense.com.br\/eixocapital\/wp-json\/wp\/v2\/posts\/1142\/revisions\/1145"}],"wp:featuredmedia":[{"embeddable":true,"href":"https:\/\/blogs.correiobraziliense.com.br\/eixocapital\/wp-json\/wp\/v2\/media\/1143"}],"wp:attachment":[{"href":"https:\/\/blogs.correiobraziliense.com.br\/eixocapital\/wp-json\/wp\/v2\/media?parent=1142"}],"wp:term":[{"taxonomy":"category","embeddable":true,"href":"https:\/\/blogs.correiobraziliense.com.br\/eixocapital\/wp-json\/wp\/v2\/categories?post=1142"},{"taxonomy":"post_tag","embeddable":true,"href":"https:\/\/blogs.correiobraziliense.com.br\/eixocapital\/wp-json\/wp\/v2\/tags?post=1142"}],"curies":[{"name":"wp","href":"https:\/\/api.w.org\/{rel}","templated":true}]}}