{"id":1121,"date":"2022-03-28T16:48:44","date_gmt":"2022-03-28T19:48:44","guid":{"rendered":"https:\/\/blogs.correiobraziliense.com.br\/eixocapital\/?p=1121"},"modified":"2022-03-28T16:48:44","modified_gmt":"2022-03-28T19:48:44","slug":"interprete-de-libras-de-bolsonaro-vai-concorrer-pelo-df","status":"publish","type":"post","link":"https:\/\/blogs.correiobraziliense.com.br\/eixocapital\/2022\/03\/28\/interprete-de-libras-de-bolsonaro-vai-concorrer-pelo-df\/","title":{"rendered":"Int\u00e9rprete de libras de Bolsonaro vai concorrer pelo DF"},"content":{"rendered":"<h4>ANA MARIA CAMPOS<\/h4>\n<p>Ele est\u00e1 em todos os eventos de Jair Bolsonaro no Pal\u00e1cio do Planalto e fala a uma parcela da popula\u00e7\u00e3o em nome do 01. Agora quer entrar na pol\u00edtica na onda da popularidade do chefe no Distrito Federal.<\/p>\n<p>&nbsp;<\/p>\n<p>O int\u00e9rprete de libras do presidente, Fabiano Guimar\u00e3es, vai se filiar ao Republicanos para concorrer a uma vaga de deputado federal.<\/p>\n<p>&nbsp;<\/p>\n<p>Ele vai entrar na nominata do partido, ao lado do deputado federal J\u00falio C\u00e9sar Ribeiro, e do secret\u00e1rio de Ci\u00eancia e Tecnologia do DF, Gilvan M\u00e1ximo, considerados favoritos no p\u00e1reo.<\/p>\n<p>&nbsp;<\/p>\n<p>O Republicanos \u00e9 um dos partidos da base do governo Bolsonaro e do governador Ibaneis Rocha (MDB).<\/p>\n","protected":false},"excerpt":{"rendered":"<p>ANA MARIA CAMPOS Ele est\u00e1 em todos os eventos de Jair Bolsonaro no Pal\u00e1cio do Planalto e fala a uma parcela da popula\u00e7\u00e3o em nome do 01. Agora quer entrar na pol\u00edtica na onda da popularidade do chefe no Distrito Federal. &nbsp; O int\u00e9rprete de libras do presidente, Fabiano Guimar\u00e3es, vai se filiar ao Republicanos para concorrer a uma vaga [&hellip;]<\/p>\n","protected":false},"author":9,"featured_media":1122,"comment_status":"open","ping_status":"open","sticky":false,"template":"","format":"standard","meta":{"footnotes":""},"categories":[247],"tags":[416,417,33],"class_list":["post-1121","post","type-post","status-publish","format-standard","has-post-thumbnail","hentry","category-eixo-capital","tag-fabiano-guimaraes","tag-interprete","tag-republicanos"],"_links":{"self":[{"href":"https:\/\/blogs.correiobraziliense.com.br\/eixocapital\/wp-json\/wp\/v2\/posts\/1121","targetHints":{"allow":["GET"]}}],"collection":[{"href":"https:\/\/blogs.correiobraziliense.com.br\/eixocapital\/wp-json\/wp\/v2\/posts"}],"about":[{"href":"https:\/\/blogs.correiobraziliense.com.br\/eixocapital\/wp-json\/wp\/v2\/types\/post"}],"author":[{"embeddable":true,"href":"https:\/\/blogs.correiobraziliense.com.br\/eixocapital\/wp-json\/wp\/v2\/users\/9"}],"replies":[{"embeddable":true,"href":"https:\/\/blogs.correiobraziliense.com.br\/eixocapital\/wp-json\/wp\/v2\/comments?post=1121"}],"version-history":[{"count":1,"href":"https:\/\/blogs.correiobraziliense.com.br\/eixocapital\/wp-json\/wp\/v2\/posts\/1121\/revisions"}],"predecessor-version":[{"id":1123,"href":"https:\/\/blogs.correiobraziliense.com.br\/eixocapital\/wp-json\/wp\/v2\/posts\/1121\/revisions\/1123"}],"wp:featuredmedia":[{"embeddable":true,"href":"https:\/\/blogs.correiobraziliense.com.br\/eixocapital\/wp-json\/wp\/v2\/media\/1122"}],"wp:attachment":[{"href":"https:\/\/blogs.correiobraziliense.com.br\/eixocapital\/wp-json\/wp\/v2\/media?parent=1121"}],"wp:term":[{"taxonomy":"category","embeddable":true,"href":"https:\/\/blogs.correiobraziliense.com.br\/eixocapital\/wp-json\/wp\/v2\/categories?post=1121"},{"taxonomy":"post_tag","embeddable":true,"href":"https:\/\/blogs.correiobraziliense.com.br\/eixocapital\/wp-json\/wp\/v2\/tags?post=1121"}],"curies":[{"name":"wp","href":"https:\/\/api.w.org\/{rel}","templated":true}]}}