{"id":1111,"date":"2022-03-28T12:21:56","date_gmt":"2022-03-28T15:21:56","guid":{"rendered":"https:\/\/blogs.correiobraziliense.com.br\/eixocapital\/?p=1111"},"modified":"2022-03-28T12:27:17","modified_gmt":"2022-03-28T15:27:17","slug":"quem-sao-os-possiveis-vices-na-chapa-de-reguffe","status":"publish","type":"post","link":"https:\/\/blogs.correiobraziliense.com.br\/eixocapital\/2022\/03\/28\/quem-sao-os-possiveis-vices-na-chapa-de-reguffe\/","title":{"rendered":"Quem s\u00e3o os poss\u00edveis vices na chapa de Reguffe"},"content":{"rendered":"<h4>Da Eixo Capital\/Ana Maria Campos<\/h4>\n<p>&nbsp;<\/p>\n<p><strong>Candidato precisa de vice\u2026<\/strong><\/p>\n<p>Se for mesmo candidato ao governo, como se desenha, o senador Jos\u00e9 Ant\u00f4nio Reguffe (Uni\u00e3o Brasil-DF) ter\u00e1 de escolher um vice que amplie a for\u00e7a de sua campanha. Alguns pol\u00edticos j\u00e1 est\u00e3o discutindo o assunto.<\/p>\n<p><strong>Negociador<\/strong><br \/>\n<img loading=\"lazy\" decoding=\"async\" class=\"aligncenter size-medium wp-image-1112\" src=\"https:\/\/blogs.correiobraziliense.com.br\/eixocapital\/wp-content\/uploads\/sites\/61\/2022\/03\/2BBAA63F-A545-4943-896A-1BB380878D34-242x300.jpeg\" alt=\"\" width=\"242\" height=\"300\" \/><br \/>\nO ex-deputado Joe Valle (PDT) \u00e9 um dos cotados. Ele tem trabalhado h\u00e1 meses as alian\u00e7as em torno da poss\u00edvel candidatura de Reguffe. \u00c9 um dos mais pr\u00f3ximos. Participa de muitas conversas e acompanhou as negocia\u00e7\u00f5es para ingresso de Reguffe no Uni\u00e3o Brasil.<\/p>\n<p><strong>Agregadora<\/strong><br \/>\n<img loading=\"lazy\" decoding=\"async\" class=\"aligncenter size-medium wp-image-1113\" src=\"https:\/\/blogs.correiobraziliense.com.br\/eixocapital\/wp-content\/uploads\/sites\/61\/2022\/03\/699FA112-308D-4EF3-AA24-B37EE529DF67-260x300.jpeg\" alt=\"\" width=\"260\" height=\"300\" \/><br \/>\nA deputada Paula Belmonte (Cidadania) tamb\u00e9m tem conversado com Reguffe desde o in\u00edcio do ano passado. Pode ser a candidata ao Senado. Mas tamb\u00e9m n\u00e3o se descarta que seja vice. Ela agrega o pr\u00f3prio partido, o Cidadania, ou outro que a abrigue, al\u00e9m do PSC, presidido pelo marido, Felipe Belmonte.<\/p>\n<p><strong>Conselheiro<\/strong><br \/>\n<img loading=\"lazy\" decoding=\"async\" class=\"aligncenter size-medium wp-image-1114\" src=\"https:\/\/blogs.correiobraziliense.com.br\/eixocapital\/wp-content\/uploads\/sites\/61\/2022\/03\/4661DA5B-E365-4A52-B9A4-FFD41DC522B9-264x300.jpeg\" alt=\"\" width=\"264\" height=\"300\" \/><br \/>\nO superintendente do Sebrae-DF, Valdir Oliveira, \u00e9 amigo de Reguffe h\u00e1 anos. Foi um conselheiro no in\u00edcio da carreira pol\u00edtica do hoje senador. Se aceitar o convite para se filiar ao PSB, pode ser uma carta para unir Reguffe ao partido de Rodrigo Rollemberg, compondo a chapa como vice.<\/p>\n<p><strong>Candidata<\/strong><br \/>\n<img loading=\"lazy\" decoding=\"async\" class=\"aligncenter size-medium wp-image-1115\" src=\"https:\/\/blogs.correiobraziliense.com.br\/eixocapital\/wp-content\/uploads\/sites\/61\/2022\/03\/20589680-8EBA-482A-90B1-A2F6D70F007E-300x300.jpeg\" alt=\"\" width=\"300\" height=\"300\" \/><br \/>\nA senadora Leila Barros (Cidadania) deve migrar para o PDT com o prop\u00f3sito de se candidatar ao governo. Mas ela pode tamb\u00e9m fazer uma composi\u00e7\u00e3o com Reguffe, sendo a vice.<\/p>\n","protected":false},"excerpt":{"rendered":"<p>Da Eixo Capital\/Ana Maria Campos &nbsp; Candidato precisa de vice\u2026 Se for mesmo candidato ao governo, como se desenha, o senador Jos\u00e9 Ant\u00f4nio Reguffe (Uni\u00e3o Brasil-DF) ter\u00e1 de escolher um vice que amplie a for\u00e7a de sua campanha. Alguns pol\u00edticos j\u00e1 est\u00e3o discutindo o assunto. Negociador O ex-deputado Joe Valle (PDT) \u00e9 um dos cotados. Ele tem trabalhado h\u00e1 meses [&hellip;]<\/p>\n","protected":false},"author":9,"featured_media":1068,"comment_status":"open","ping_status":"open","sticky":false,"template":"","format":"standard","meta":{"footnotes":""},"categories":[247],"tags":[138,136,290,139,398],"class_list":["post-1111","post","type-post","status-publish","format-standard","has-post-thumbnail","hentry","category-eixo-capital","tag-joe-valle","tag-jose-antonio-reguffe","tag-leila-barros","tag-paula-belmonte","tag-valdir-oliveira"],"_links":{"self":[{"href":"https:\/\/blogs.correiobraziliense.com.br\/eixocapital\/wp-json\/wp\/v2\/posts\/1111","targetHints":{"allow":["GET"]}}],"collection":[{"href":"https:\/\/blogs.correiobraziliense.com.br\/eixocapital\/wp-json\/wp\/v2\/posts"}],"about":[{"href":"https:\/\/blogs.correiobraziliense.com.br\/eixocapital\/wp-json\/wp\/v2\/types\/post"}],"author":[{"embeddable":true,"href":"https:\/\/blogs.correiobraziliense.com.br\/eixocapital\/wp-json\/wp\/v2\/users\/9"}],"replies":[{"embeddable":true,"href":"https:\/\/blogs.correiobraziliense.com.br\/eixocapital\/wp-json\/wp\/v2\/comments?post=1111"}],"version-history":[{"count":2,"href":"https:\/\/blogs.correiobraziliense.com.br\/eixocapital\/wp-json\/wp\/v2\/posts\/1111\/revisions"}],"predecessor-version":[{"id":1117,"href":"https:\/\/blogs.correiobraziliense.com.br\/eixocapital\/wp-json\/wp\/v2\/posts\/1111\/revisions\/1117"}],"wp:featuredmedia":[{"embeddable":true,"href":"https:\/\/blogs.correiobraziliense.com.br\/eixocapital\/wp-json\/wp\/v2\/media\/1068"}],"wp:attachment":[{"href":"https:\/\/blogs.correiobraziliense.com.br\/eixocapital\/wp-json\/wp\/v2\/media?parent=1111"}],"wp:term":[{"taxonomy":"category","embeddable":true,"href":"https:\/\/blogs.correiobraziliense.com.br\/eixocapital\/wp-json\/wp\/v2\/categories?post=1111"},{"taxonomy":"post_tag","embeddable":true,"href":"https:\/\/blogs.correiobraziliense.com.br\/eixocapital\/wp-json\/wp\/v2\/tags?post=1111"}],"curies":[{"name":"wp","href":"https:\/\/api.w.org\/{rel}","templated":true}]}}