{"id":1109,"date":"2022-03-28T12:06:55","date_gmt":"2022-03-28T15:06:55","guid":{"rendered":"https:\/\/blogs.correiobraziliense.com.br\/eixocapital\/?p=1109"},"modified":"2022-03-28T12:06:55","modified_gmt":"2022-03-28T15:06:55","slug":"magela-defende-candidatura-do-pt-ao-gdf","status":"publish","type":"post","link":"https:\/\/blogs.correiobraziliense.com.br\/eixocapital\/2022\/03\/28\/magela-defende-candidatura-do-pt-ao-gdf\/","title":{"rendered":"Magela defende candidatura do PT ao GDF"},"content":{"rendered":"<h4>DA EIXO CAPITAL\/Ana Maria Campos<\/h4>\n<h4><\/h4>\n<blockquote><p>\u201cO PT pela sua inser\u00e7\u00e3o na cidade e nos movimentos sociais tem toda a legitimidade para reivindicar esta candidatura\u201d<\/p><\/blockquote>\n<p>&nbsp;<\/p>\n<p><strong>O PT-DF ter\u00e1 candidato ao governo do DF?<\/strong><br \/>\nA decis\u00e3o final ser\u00e1 tomada pela dire\u00e7\u00e3o nacional do PT em comum acordo com a Federa\u00e7\u00e3o nacional. O PT pela sua inser\u00e7\u00e3o na cidade e nos movimentos sociais tem toda a legitimidade para reivindicar esta candidatura. Eu defendo que o candidato seja do PT.<\/p>\n<p><strong>Acredita que vai prevalecer interesse nacional de atender a uma demanda de partidos aliados?<\/strong><br \/>\nTodos os estados est\u00e3o sendo analisados conjuntamente. E todos os partidos da Federa\u00e7\u00e3o e aliados est\u00e3o sendo consultados e atendidos. Um dos crit\u00e9rios mais avaliados \u00e9 a densidade eleitoral das candidaturas. Isso ser\u00e1 levado em conta aqui no DF tamb\u00e9m.<\/p>\n<p><strong>O PV quer lan\u00e7ar Leandro Grass\u2026O PT vai apoiar e se empenhar se esta for a decis\u00e3o nacional?<\/strong><br \/>\nO PV apresenta o Grass, o PCdoB apresenta o (Jo\u00e3o Vicente) Goulart e o PSB apresenta o (Rafael) Parente. Todos s\u00e3o excelentes nomes e poder\u00e3o compor a chapa em qualquer posi\u00e7\u00e3o, inclusive de governador. Se a decis\u00e3o da Federa\u00e7\u00e3o for por qualquer um destes nomes, eu me empenharei como se eu fosse o candidato. O que eu quero \u00e9 derrotar Ibaneis e Bolsonaro.<\/p>\n<p><strong>Voc\u00ea est\u00e1 mesmo disposto a concorrer?<\/strong><br \/>\nEu coloquei o meu nome \u00e0 disposi\u00e7\u00e3o do partido e do Lula h\u00e1 um ano. E continuo com plena disposi\u00e7\u00e3o. Mas, tenho, principalmente, a convic\u00e7\u00e3o de que os eleitores querem votar em quem tem experi\u00eancia. E isso eu j\u00e1 demonstrei nas diversas fun\u00e7\u00f5es que ocupei, sem falsa mod\u00e9stia. Eu tenho convic\u00e7\u00e3o de ter condi\u00e7\u00f5es de chegar ao segundo turno e ganhar a elei\u00e7\u00e3o.<\/p>\n<p><strong>A dire\u00e7\u00e3o nacional vai impor a decis\u00e3o no DF?<\/strong><br \/>\nA dire\u00e7\u00e3o nacional j\u00e1 decidiu que vai orientar, coordenar e decidir sobre as chapas de todos os Estados. Para que a prioridade da elei\u00e7\u00e3o do Lula seja cumprida no pa\u00eds inteiro. E isso est\u00e1 correto. Isto \u00e9 cumprir o papel de dire\u00e7\u00e3o. N\u00e3o podem prevalecer nos estados os interesses das tend\u00eancias locais. A dire\u00e7\u00e3o nacional j\u00e1 est\u00e1 dialogando com o DF e continuar\u00e1. A decis\u00e3o final ser\u00e1 da Executiva Nacional e ser\u00e1 a melhor para a campanha do Lula e para o PT.<\/p>\n","protected":false},"excerpt":{"rendered":"<p>DA EIXO CAPITAL\/Ana Maria Campos \u201cO PT pela sua inser\u00e7\u00e3o na cidade e nos movimentos sociais tem toda a legitimidade para reivindicar esta candidatura\u201d &nbsp; O PT-DF ter\u00e1 candidato ao governo do DF? A decis\u00e3o final ser\u00e1 tomada pela dire\u00e7\u00e3o nacional do PT em comum acordo com a Federa\u00e7\u00e3o nacional. O PT pela sua inser\u00e7\u00e3o na cidade e nos movimentos [&hellip;]<\/p>\n","protected":false},"author":9,"featured_media":190,"comment_status":"open","ping_status":"open","sticky":false,"template":"","format":"standard","meta":{"footnotes":""},"categories":[247],"tags":[29,361,99,414,76],"class_list":["post-1109","post","type-post","status-publish","format-standard","has-post-thumbnail","hentry","category-eixo-capital","tag-eleicoes-2022","tag-gdf","tag-geraldo-magela","tag-palacio-do-buriti","tag-pt"],"_links":{"self":[{"href":"https:\/\/blogs.correiobraziliense.com.br\/eixocapital\/wp-json\/wp\/v2\/posts\/1109","targetHints":{"allow":["GET"]}}],"collection":[{"href":"https:\/\/blogs.correiobraziliense.com.br\/eixocapital\/wp-json\/wp\/v2\/posts"}],"about":[{"href":"https:\/\/blogs.correiobraziliense.com.br\/eixocapital\/wp-json\/wp\/v2\/types\/post"}],"author":[{"embeddable":true,"href":"https:\/\/blogs.correiobraziliense.com.br\/eixocapital\/wp-json\/wp\/v2\/users\/9"}],"replies":[{"embeddable":true,"href":"https:\/\/blogs.correiobraziliense.com.br\/eixocapital\/wp-json\/wp\/v2\/comments?post=1109"}],"version-history":[{"count":1,"href":"https:\/\/blogs.correiobraziliense.com.br\/eixocapital\/wp-json\/wp\/v2\/posts\/1109\/revisions"}],"predecessor-version":[{"id":1110,"href":"https:\/\/blogs.correiobraziliense.com.br\/eixocapital\/wp-json\/wp\/v2\/posts\/1109\/revisions\/1110"}],"wp:featuredmedia":[{"embeddable":true,"href":"https:\/\/blogs.correiobraziliense.com.br\/eixocapital\/wp-json\/wp\/v2\/media\/190"}],"wp:attachment":[{"href":"https:\/\/blogs.correiobraziliense.com.br\/eixocapital\/wp-json\/wp\/v2\/media?parent=1109"}],"wp:term":[{"taxonomy":"category","embeddable":true,"href":"https:\/\/blogs.correiobraziliense.com.br\/eixocapital\/wp-json\/wp\/v2\/categories?post=1109"},{"taxonomy":"post_tag","embeddable":true,"href":"https:\/\/blogs.correiobraziliense.com.br\/eixocapital\/wp-json\/wp\/v2\/tags?post=1109"}],"curies":[{"name":"wp","href":"https:\/\/api.w.org\/{rel}","templated":true}]}}