{"id":1102,"date":"2022-03-25T19:42:26","date_gmt":"2022-03-25T22:42:26","guid":{"rendered":"https:\/\/blogs.correiobraziliense.com.br\/eixocapital\/?p=1102"},"modified":"2022-03-25T19:57:32","modified_gmt":"2022-03-25T22:57:32","slug":"rollemberg-convida-valdir-oliveira-para-entrar-no-psb","status":"publish","type":"post","link":"https:\/\/blogs.correiobraziliense.com.br\/eixocapital\/2022\/03\/25\/rollemberg-convida-valdir-oliveira-para-entrar-no-psb\/","title":{"rendered":"Rollemberg convida Valdir Oliveira para entrar no PSB"},"content":{"rendered":"<h4>ANA MARIA CAMPOS<\/h4>\n<p>O ex-governador Rodrigo Rollemberg (PSB) fez o convite formal nesta tarde (25) para que o superintendente regional do Sebrae, Valdir Oliveira, entre no PSB.<\/p>\n<p>&nbsp;<\/p>\n<p>Os dois tiveram uma longa conversa no gabinete de Valdir. Mas ainda n\u00e3o houve uma decis\u00e3o. \u201cRecebi o convite para me filiar ao PSB. Estou avaliando. Decidirei at\u00e9 o final do m\u00eas\u201d, disse Valdir.<\/p>\n<p>&nbsp;<\/p>\n<p>Os dois s\u00e3o amigos e estiveram juntos na gest\u00e3o de Rollemberg no Governo do DF. Valdir foi secret\u00e1rio de Desenvolvimento Econ\u00f4mico.<\/p>\n<p>&nbsp;<\/p>\n<p>Em 2018, os dois chegaram a conversar sobre a possibilidade de Valdir se o vice na chapa de Rollemberg ou at\u00e9 mesmo o cabe\u00e7a de chapa. Mas a articula\u00e7\u00e3o mudou de rumo. Eduardo Brand\u00e3o, presidente do PV-DF, concorreu como vice de Rollemberg.<\/p>\n<p>&nbsp;<\/p>\n<p>Em entrevista ao <em>CB.Poder<\/em>, nesta semana, Valdir disse que gostaria de entrar em algum partido para contribuir na pol\u00edtica, mesmo sem ser candidato agora.<\/p>\n<p>&nbsp;<\/p>\n<p>Ele tem conversado com outros partidos e ainda n\u00e3o bateu o martelo. \u201cA boa pol\u00edtica \u00e9 feita com aliados, com quem comunga dos nossos pensamentos. Eu e o Rodrigo somos assim. Conversa franca, amizade longa\u201d, disse Valdir ao <strong>Correio<\/strong>.<\/p>\n<p>&nbsp;<\/p>\n<p>Nas redes sociais, Rollemberg postou a foto com Valdir e a bandeira do Fortaleza, time do cora\u00e7\u00e3o do presidente do Sebrae-DF, com a mensagem: \u201cEssa foto e cem mil votos elegem um deputado federal\u201d.<\/p>\n","protected":false},"excerpt":{"rendered":"<p>ANA MARIA CAMPOS O ex-governador Rodrigo Rollemberg (PSB) fez o convite formal nesta tarde (25) para que o superintendente regional do Sebrae, Valdir Oliveira, entre no PSB. &nbsp; Os dois tiveram uma longa conversa no gabinete de Valdir. Mas ainda n\u00e3o houve uma decis\u00e3o. \u201cRecebi o convite para me filiar ao PSB. Estou avaliando. Decidirei at\u00e9 o final do m\u00eas\u201d, [&hellip;]<\/p>\n","protected":false},"author":9,"featured_media":1104,"comment_status":"open","ping_status":"open","sticky":false,"template":"","format":"standard","meta":{"footnotes":""},"categories":[247,1],"tags":[75,85,399,398],"class_list":["post-1102","post","type-post","status-publish","format-standard","has-post-thumbnail","hentry","category-eixo-capital","category-sem-categoria","tag-psb","tag-rodrigo-rollemberg","tag-sebrae","tag-valdir-oliveira"],"_links":{"self":[{"href":"https:\/\/blogs.correiobraziliense.com.br\/eixocapital\/wp-json\/wp\/v2\/posts\/1102","targetHints":{"allow":["GET"]}}],"collection":[{"href":"https:\/\/blogs.correiobraziliense.com.br\/eixocapital\/wp-json\/wp\/v2\/posts"}],"about":[{"href":"https:\/\/blogs.correiobraziliense.com.br\/eixocapital\/wp-json\/wp\/v2\/types\/post"}],"author":[{"embeddable":true,"href":"https:\/\/blogs.correiobraziliense.com.br\/eixocapital\/wp-json\/wp\/v2\/users\/9"}],"replies":[{"embeddable":true,"href":"https:\/\/blogs.correiobraziliense.com.br\/eixocapital\/wp-json\/wp\/v2\/comments?post=1102"}],"version-history":[{"count":4,"href":"https:\/\/blogs.correiobraziliense.com.br\/eixocapital\/wp-json\/wp\/v2\/posts\/1102\/revisions"}],"predecessor-version":[{"id":1107,"href":"https:\/\/blogs.correiobraziliense.com.br\/eixocapital\/wp-json\/wp\/v2\/posts\/1102\/revisions\/1107"}],"wp:featuredmedia":[{"embeddable":true,"href":"https:\/\/blogs.correiobraziliense.com.br\/eixocapital\/wp-json\/wp\/v2\/media\/1104"}],"wp:attachment":[{"href":"https:\/\/blogs.correiobraziliense.com.br\/eixocapital\/wp-json\/wp\/v2\/media?parent=1102"}],"wp:term":[{"taxonomy":"category","embeddable":true,"href":"https:\/\/blogs.correiobraziliense.com.br\/eixocapital\/wp-json\/wp\/v2\/categories?post=1102"},{"taxonomy":"post_tag","embeddable":true,"href":"https:\/\/blogs.correiobraziliense.com.br\/eixocapital\/wp-json\/wp\/v2\/tags?post=1102"}],"curies":[{"name":"wp","href":"https:\/\/api.w.org\/{rel}","templated":true}]}}