{"id":1086,"date":"2022-03-25T01:41:48","date_gmt":"2022-03-25T04:41:48","guid":{"rendered":"https:\/\/blogs.correiobraziliense.com.br\/eixocapital\/?p=1086"},"modified":"2022-03-25T01:46:28","modified_gmt":"2022-03-25T04:46:28","slug":"damares-vai-se-filiar-ao-republicanos-e-pode-concorrer-no-df","status":"publish","type":"post","link":"https:\/\/blogs.correiobraziliense.com.br\/eixocapital\/2022\/03\/25\/damares-vai-se-filiar-ao-republicanos-e-pode-concorrer-no-df\/","title":{"rendered":"Damares vai se filiar ao Republicanos e pode concorrer no DF"},"content":{"rendered":"<h4>ANA MARIA CAMPOS<\/h4>\n<p>A ministra da Mulher, da Fam\u00edlia e Direitos Humanos, Damares Alves, vai se filiar ao Republicanos na pr\u00f3xima segunda-feira (28), em solenidade no audit\u00f3rio da C\u00e2mara Legislativa do DF.<\/p>\n<p>&nbsp;<\/p>\n<p>Damares assina a ficha no partido ao lado do ministro da Infraestrutura, Tarc\u00edsio Freitas, que se prepara para disputar o governo de S\u00e3o Paulo. A escolha foi aben\u00e7oada pelo presidente Jair Bolsonaro que est\u00e1 no PL, mas quer ter o Republicanos na chapa.<\/p>\n<p>&nbsp;<\/p>\n<p>A ministra entra no partido pela dire\u00e7\u00e3o nacional. Por isso, pode escolher o domic\u00edlio eleitoral. Ela est\u00e1 avaliando entre Amap\u00e1 e o Distrito Federal.<\/p>\n<p>&nbsp;<\/p>\n<p>No Amap\u00e1, Damares pode concorrer ao Senado. No DF, o caminho \u00e9 disputar um mandato de deputada federal.<\/p>\n<p>&nbsp;<\/p>\n<p>Dificilmente Damares concorrer\u00e1 ao Senado pelo DF porque sua candidatura trombaria com a da ministra-chefe da secretaria de Governo da Presid\u00eancia, Flavia Arruda, que tamb\u00e9m quer disputar o mandato de senadora.<\/p>\n<p>&nbsp;<\/p>\n<figure id=\"attachment_1089\" aria-describedby=\"caption-attachment-1089\" style=\"width: 300px\" class=\"wp-caption aligncenter\"><img loading=\"lazy\" decoding=\"async\" class=\"size-medium wp-image-1089\" src=\"https:\/\/blogs.correiobraziliense.com.br\/eixocapital\/wp-content\/uploads\/sites\/61\/2022\/03\/44233D7F-4A7D-41E6-83B4-0A1FDEA25056-300x214.jpeg\" alt=\"\" width=\"300\" height=\"214\" srcset=\"https:\/\/blogs.correiobraziliense.com.br\/eixocapital\/wp-content\/uploads\/sites\/61\/2022\/03\/44233D7F-4A7D-41E6-83B4-0A1FDEA25056-300x214.jpeg 300w, https:\/\/blogs.correiobraziliense.com.br\/eixocapital\/wp-content\/uploads\/sites\/61\/2022\/03\/44233D7F-4A7D-41E6-83B4-0A1FDEA25056-768x548.jpeg 768w, https:\/\/blogs.correiobraziliense.com.br\/eixocapital\/wp-content\/uploads\/sites\/61\/2022\/03\/44233D7F-4A7D-41E6-83B4-0A1FDEA25056-1024x731.jpeg 1024w, https:\/\/blogs.correiobraziliense.com.br\/eixocapital\/wp-content\/uploads\/sites\/61\/2022\/03\/44233D7F-4A7D-41E6-83B4-0A1FDEA25056-800x571.jpeg 800w, https:\/\/blogs.correiobraziliense.com.br\/eixocapital\/wp-content\/uploads\/sites\/61\/2022\/03\/44233D7F-4A7D-41E6-83B4-0A1FDEA25056-550x393.jpeg 550w, https:\/\/blogs.correiobraziliense.com.br\/eixocapital\/wp-content\/uploads\/sites\/61\/2022\/03\/44233D7F-4A7D-41E6-83B4-0A1FDEA25056-230x164.jpeg 230w, https:\/\/blogs.correiobraziliense.com.br\/eixocapital\/wp-content\/uploads\/sites\/61\/2022\/03\/44233D7F-4A7D-41E6-83B4-0A1FDEA25056.jpeg 1280w\" sizes=\"auto, (max-width: 300px) 100vw, 300px\" \/><figcaption id=\"caption-attachment-1089\" class=\"wp-caption-text\">Convite para filiacao da ministra Damares Alves<\/figcaption><\/figure>\n<p>&nbsp;<\/p>\n","protected":false},"excerpt":{"rendered":"<p>ANA MARIA CAMPOS A ministra da Mulher, da Fam\u00edlia e Direitos Humanos, Damares Alves, vai se filiar ao Republicanos na pr\u00f3xima segunda-feira (28), em solenidade no audit\u00f3rio da C\u00e2mara Legislativa do DF. &nbsp; Damares assina a ficha no partido ao lado do ministro da Infraestrutura, Tarc\u00edsio Freitas, que se prepara para disputar o governo de S\u00e3o Paulo. A escolha foi [&hellip;]<\/p>\n","protected":false},"author":9,"featured_media":1085,"comment_status":"open","ping_status":"open","sticky":false,"template":"","format":"standard","meta":{"footnotes":""},"categories":[1],"tags":[56,408,33],"class_list":["post-1086","post","type-post","status-publish","format-standard","has-post-thumbnail","hentry","category-sem-categoria","tag-bolsonaro","tag-damares","tag-republicanos"],"_links":{"self":[{"href":"https:\/\/blogs.correiobraziliense.com.br\/eixocapital\/wp-json\/wp\/v2\/posts\/1086","targetHints":{"allow":["GET"]}}],"collection":[{"href":"https:\/\/blogs.correiobraziliense.com.br\/eixocapital\/wp-json\/wp\/v2\/posts"}],"about":[{"href":"https:\/\/blogs.correiobraziliense.com.br\/eixocapital\/wp-json\/wp\/v2\/types\/post"}],"author":[{"embeddable":true,"href":"https:\/\/blogs.correiobraziliense.com.br\/eixocapital\/wp-json\/wp\/v2\/users\/9"}],"replies":[{"embeddable":true,"href":"https:\/\/blogs.correiobraziliense.com.br\/eixocapital\/wp-json\/wp\/v2\/comments?post=1086"}],"version-history":[{"count":4,"href":"https:\/\/blogs.correiobraziliense.com.br\/eixocapital\/wp-json\/wp\/v2\/posts\/1086\/revisions"}],"predecessor-version":[{"id":1092,"href":"https:\/\/blogs.correiobraziliense.com.br\/eixocapital\/wp-json\/wp\/v2\/posts\/1086\/revisions\/1092"}],"wp:featuredmedia":[{"embeddable":true,"href":"https:\/\/blogs.correiobraziliense.com.br\/eixocapital\/wp-json\/wp\/v2\/media\/1085"}],"wp:attachment":[{"href":"https:\/\/blogs.correiobraziliense.com.br\/eixocapital\/wp-json\/wp\/v2\/media?parent=1086"}],"wp:term":[{"taxonomy":"category","embeddable":true,"href":"https:\/\/blogs.correiobraziliense.com.br\/eixocapital\/wp-json\/wp\/v2\/categories?post=1086"},{"taxonomy":"post_tag","embeddable":true,"href":"https:\/\/blogs.correiobraziliense.com.br\/eixocapital\/wp-json\/wp\/v2\/tags?post=1086"}],"curies":[{"name":"wp","href":"https:\/\/api.w.org\/{rel}","templated":true}]}}