{"id":1073,"date":"2022-03-23T19:28:59","date_gmt":"2022-03-23T22:28:59","guid":{"rendered":"https:\/\/blogs.correiobraziliense.com.br\/eixocapital\/?p=1073"},"modified":"2022-03-23T19:28:59","modified_gmt":"2022-03-23T22:28:59","slug":"reguffe-anuncia-filiacao-ao-uniao-brasil","status":"publish","type":"post","link":"https:\/\/blogs.correiobraziliense.com.br\/eixocapital\/2022\/03\/23\/reguffe-anuncia-filiacao-ao-uniao-brasil\/","title":{"rendered":"Reguffe anuncia filia\u00e7\u00e3o ao Uni\u00e3o Brasil"},"content":{"rendered":"<h4>ANA MARIA CAMPOS<\/h4>\n<p>O senador Jos\u00e9 Ant\u00f4nio Reguffe (DF) anunciou h\u00e1 pouco, no plen\u00e1rio do Senado, a desfilia\u00e7\u00e3o do Podemos e ingresso no Uni\u00e3o Brasil. Com a mudan\u00e7a, Reguffe ganha condi\u00e7\u00f5es para uma candidatura mais competitiva ao governo do Distrito Federal.<\/p>\n<p>&nbsp;<\/p>\n<p>A decis\u00e3o saiu de uma reuni\u00e3o de Reguffe com o presidente nacional do Uni\u00e3o Brasil, Luciano Bivar. Ele aceitou as exig\u00eancias de Reguffe para as pr\u00f3ximas elei\u00e7\u00f5es no DF: liberdade de posi\u00e7\u00f5es e de escolha da chapa e de nominatas para deputados distritais e federais.<\/p>\n<p>&nbsp;<\/p>\n<p>Um outro ponto foi acordado: o Uni\u00e3o Brasil apoiar\u00e1 um candidato da terceira via nas elei\u00e7\u00f5es presidenciais, fora da polariza\u00e7\u00e3o entre Lula e Bolsonaro.<\/p>\n<p>&nbsp;<\/p>\n<p>Com a entrada no Uni\u00e3o Brasil, Reguffe pula de 17 segundos de tempo de televis\u00e3o para se apresentar na campanha, dispon\u00edveis para o Podemos, para dois minutos que o Uni\u00e3o Brasil ter\u00e1 para seus candidatos.<\/p>\n<p>&nbsp;<\/p>\n<p>No Uni\u00e3o Brasil, Reguffe dever\u00e1 buscar tamb\u00e9m aliados em outros partidos, como o PDT, PSB, Pros, Solidariedade, entre outros.<\/p>\n<p>&nbsp;<\/p>\n","protected":false},"excerpt":{"rendered":"<p>ANA MARIA CAMPOS O senador Jos\u00e9 Ant\u00f4nio Reguffe (DF) anunciou h\u00e1 pouco, no plen\u00e1rio do Senado, a desfilia\u00e7\u00e3o do Podemos e ingresso no Uni\u00e3o Brasil. Com a mudan\u00e7a, Reguffe ganha condi\u00e7\u00f5es para uma candidatura mais competitiva ao governo do Distrito Federal. &nbsp; A decis\u00e3o saiu de uma reuni\u00e3o de Reguffe com o presidente nacional do Uni\u00e3o Brasil, Luciano Bivar. Ele [&hellip;]<\/p>\n","protected":false},"author":9,"featured_media":1068,"comment_status":"open","ping_status":"open","sticky":false,"template":"","format":"standard","meta":{"footnotes":""},"categories":[1],"tags":[407,29,136,32],"class_list":["post-1073","post","type-post","status-publish","format-standard","has-post-thumbnail","hentry","category-sem-categoria","tag-bivar","tag-eleicoes-2022","tag-jose-antonio-reguffe","tag-uniao-brasil"],"_links":{"self":[{"href":"https:\/\/blogs.correiobraziliense.com.br\/eixocapital\/wp-json\/wp\/v2\/posts\/1073","targetHints":{"allow":["GET"]}}],"collection":[{"href":"https:\/\/blogs.correiobraziliense.com.br\/eixocapital\/wp-json\/wp\/v2\/posts"}],"about":[{"href":"https:\/\/blogs.correiobraziliense.com.br\/eixocapital\/wp-json\/wp\/v2\/types\/post"}],"author":[{"embeddable":true,"href":"https:\/\/blogs.correiobraziliense.com.br\/eixocapital\/wp-json\/wp\/v2\/users\/9"}],"replies":[{"embeddable":true,"href":"https:\/\/blogs.correiobraziliense.com.br\/eixocapital\/wp-json\/wp\/v2\/comments?post=1073"}],"version-history":[{"count":2,"href":"https:\/\/blogs.correiobraziliense.com.br\/eixocapital\/wp-json\/wp\/v2\/posts\/1073\/revisions"}],"predecessor-version":[{"id":1075,"href":"https:\/\/blogs.correiobraziliense.com.br\/eixocapital\/wp-json\/wp\/v2\/posts\/1073\/revisions\/1075"}],"wp:featuredmedia":[{"embeddable":true,"href":"https:\/\/blogs.correiobraziliense.com.br\/eixocapital\/wp-json\/wp\/v2\/media\/1068"}],"wp:attachment":[{"href":"https:\/\/blogs.correiobraziliense.com.br\/eixocapital\/wp-json\/wp\/v2\/media?parent=1073"}],"wp:term":[{"taxonomy":"category","embeddable":true,"href":"https:\/\/blogs.correiobraziliense.com.br\/eixocapital\/wp-json\/wp\/v2\/categories?post=1073"},{"taxonomy":"post_tag","embeddable":true,"href":"https:\/\/blogs.correiobraziliense.com.br\/eixocapital\/wp-json\/wp\/v2\/tags?post=1073"}],"curies":[{"name":"wp","href":"https:\/\/api.w.org\/{rel}","templated":true}]}}