{"id":1054,"date":"2022-03-22T20:41:43","date_gmt":"2022-03-22T23:41:43","guid":{"rendered":"https:\/\/blogs.correiobraziliense.com.br\/eixocapital\/?p=1054"},"modified":"2022-03-22T20:41:43","modified_gmt":"2022-03-22T23:41:43","slug":"da-lava-jato-anulada-gim-quer-concorrer-ao-senado","status":"publish","type":"post","link":"https:\/\/blogs.correiobraziliense.com.br\/eixocapital\/2022\/03\/22\/da-lava-jato-anulada-gim-quer-concorrer-ao-senado\/","title":{"rendered":"Com condena\u00e7\u00e3o da Lava-Jato anulada, Gim quer concorrer ao Senado"},"content":{"rendered":"<h4>ANA MARIA CAMPOS<\/h4>\n<p>O ex-senador Gim Argello se prepara para retornar \u00e0 atividade pol\u00edtica. No momento, define o partido. Mas uma coisa \u00e9 certa: ele quer concorrer ao Senado.<\/p>\n<p>&nbsp;<\/p>\n<p>Depois de passar uma temporada na pris\u00e3o em Curitiba, Gim conseguiu h\u00e1 um m\u00eas a anula\u00e7\u00e3o de sua condena\u00e7\u00e3o imposta em primeira inst\u00e2ncia pelo ent\u00e3o juiz Sergio Moro, em processo da Opera\u00e7\u00e3o Lava-Jato. Ele foi acusado pelo ex-procurador Deltan Dallagnol e sua equipe de interferir na CPMI da Petrobras em favor de empreiteiras envolvidas com desvios de recursos.<\/p>\n<p>&nbsp;<\/p>\n<p>Est\u00e1 agora sem impedimentos jur\u00eddicos para concorrer. Ele tem sido procurado para a montagem de nominatas para candidaturas proporcionais. Segundo o ex-senador, h\u00e1 convites de nove partidos para filia\u00e7\u00f5es.<\/p>\n<p>&nbsp;<\/p>\n<p>Ele, no entanto, deseja voltar para o Senado. Escolher\u00e1 o partido que viabilize esse projeto. \u201cEstou vivendo hoje o melhor momento da minha vida. Passado \u00e9 passado. N\u00e3o precisava voltar. Mas acho que ainda tenho muito a contribuir por Bras\u00edlia\u201d, disse Gim.<\/p>\n","protected":false},"excerpt":{"rendered":"<p>ANA MARIA CAMPOS O ex-senador Gim Argello se prepara para retornar \u00e0 atividade pol\u00edtica. No momento, define o partido. Mas uma coisa \u00e9 certa: ele quer concorrer ao Senado. &nbsp; Depois de passar uma temporada na pris\u00e3o em Curitiba, Gim conseguiu h\u00e1 um m\u00eas a anula\u00e7\u00e3o de sua condena\u00e7\u00e3o imposta em primeira inst\u00e2ncia pelo ent\u00e3o juiz Sergio Moro, em processo [&hellip;]<\/p>\n","protected":false},"author":9,"featured_media":1055,"comment_status":"open","ping_status":"open","sticky":false,"template":"","format":"standard","meta":{"footnotes":""},"categories":[1],"tags":[29,402,61],"class_list":["post-1054","post","type-post","status-publish","format-standard","has-post-thumbnail","hentry","category-sem-categoria","tag-eleicoes-2022","tag-gim-argello","tag-senado"],"_links":{"self":[{"href":"https:\/\/blogs.correiobraziliense.com.br\/eixocapital\/wp-json\/wp\/v2\/posts\/1054","targetHints":{"allow":["GET"]}}],"collection":[{"href":"https:\/\/blogs.correiobraziliense.com.br\/eixocapital\/wp-json\/wp\/v2\/posts"}],"about":[{"href":"https:\/\/blogs.correiobraziliense.com.br\/eixocapital\/wp-json\/wp\/v2\/types\/post"}],"author":[{"embeddable":true,"href":"https:\/\/blogs.correiobraziliense.com.br\/eixocapital\/wp-json\/wp\/v2\/users\/9"}],"replies":[{"embeddable":true,"href":"https:\/\/blogs.correiobraziliense.com.br\/eixocapital\/wp-json\/wp\/v2\/comments?post=1054"}],"version-history":[{"count":1,"href":"https:\/\/blogs.correiobraziliense.com.br\/eixocapital\/wp-json\/wp\/v2\/posts\/1054\/revisions"}],"predecessor-version":[{"id":1056,"href":"https:\/\/blogs.correiobraziliense.com.br\/eixocapital\/wp-json\/wp\/v2\/posts\/1054\/revisions\/1056"}],"wp:featuredmedia":[{"embeddable":true,"href":"https:\/\/blogs.correiobraziliense.com.br\/eixocapital\/wp-json\/wp\/v2\/media\/1055"}],"wp:attachment":[{"href":"https:\/\/blogs.correiobraziliense.com.br\/eixocapital\/wp-json\/wp\/v2\/media?parent=1054"}],"wp:term":[{"taxonomy":"category","embeddable":true,"href":"https:\/\/blogs.correiobraziliense.com.br\/eixocapital\/wp-json\/wp\/v2\/categories?post=1054"},{"taxonomy":"post_tag","embeddable":true,"href":"https:\/\/blogs.correiobraziliense.com.br\/eixocapital\/wp-json\/wp\/v2\/tags?post=1054"}],"curies":[{"name":"wp","href":"https:\/\/api.w.org\/{rel}","templated":true}]}}