{"id":1053,"date":"2022-03-23T07:34:33","date_gmt":"2022-03-23T10:34:33","guid":{"rendered":"https:\/\/blogs.correiobraziliense.com.br\/eixocapital\/?p=1053"},"modified":"2022-03-23T01:53:02","modified_gmt":"2022-03-23T04:53:02","slug":"chefe-de-gabinete-de-bolsonaro-deve-assumir-lugar-de-flavia-arruda-na-presidencia","status":"publish","type":"post","link":"https:\/\/blogs.correiobraziliense.com.br\/eixocapital\/2022\/03\/23\/chefe-de-gabinete-de-bolsonaro-deve-assumir-lugar-de-flavia-arruda-na-presidencia\/","title":{"rendered":"Chefe de gabinete de Bolsonaro deve assumir lugar de Fl\u00e1via Arruda na Presid\u00eancia"},"content":{"rendered":"<h4>ANA MARIA CAMPOS<\/h4>\n<p>At\u00e9 o fim da pr\u00f3xima semana, Fl\u00e1via Arruda deixar\u00e1 a Secretaria de Governo da Presid\u00eancia da Rep\u00fablica e reassumir\u00e1 o mandato de deputada federal. \u00c9 o roteiro de todos que precisam se desincompatibilizar para disputar as pr\u00f3ximas elei\u00e7\u00f5es.<\/p>\n<p>&nbsp;<\/p>\n<p>No lugar de Fl\u00e1via, deve assumir um integrante do c\u00edrculo mais pr\u00f3ximo da confian\u00e7a do presidente Jair Bolsonaro: seu chefe de gabinete pessoal, C\u00e9lio Faria J\u00fanior.<\/p>\n<p>&nbsp;<\/p>\n<p>O nome tem a aprova\u00e7\u00e3o do PL, mas est\u00e1 longe de ser algu\u00e9m com compromisso de manter o poder de Fl\u00e1via Arruda. Militar da Marinha, C\u00e9lio Faria J\u00fanior \u00e9 leal ao presidente.<\/p>\n<p>&nbsp;<\/p>\n<p>Fl\u00e1via Arruda segue, assim, para a plan\u00edcie, onde disputar\u00e1 mandato de senadora pelo Distrito Federal. Mas a liga\u00e7\u00e3o com Bolsonaro permanece umbilical. O presidente concorrer\u00e1 \u00e0 reelei\u00e7\u00e3o pelo PL, partido que Fl\u00e1via comanda no Distrito Federal.<\/p>\n<p>&nbsp;<\/p>\n<p>Com a volta de Fl\u00e1via ao Congresso, o delegado Rafael Sampaio, que integra a sua assessoria, tamb\u00e9m retorna ao cargo de origem, na Pol\u00edcia Civil do DF. \u00c9 que Sampaio tamb\u00e9m precisa se desincompatibilizar para concorrer a um mandato de deputado federal. Vai pelo PL.<\/p>\n","protected":false},"excerpt":{"rendered":"<p>ANA MARIA CAMPOS At\u00e9 o fim da pr\u00f3xima semana, Fl\u00e1via Arruda deixar\u00e1 a Secretaria de Governo da Presid\u00eancia da Rep\u00fablica e reassumir\u00e1 o mandato de deputada federal. \u00c9 o roteiro de todos que precisam se desincompatibilizar para disputar as pr\u00f3ximas elei\u00e7\u00f5es. &nbsp; No lugar de Fl\u00e1via, deve assumir um integrante do c\u00edrculo mais pr\u00f3ximo da confian\u00e7a do presidente Jair Bolsonaro: [&hellip;]<\/p>\n","protected":false},"author":9,"featured_media":1057,"comment_status":"open","ping_status":"open","sticky":false,"template":"","format":"standard","meta":{"footnotes":""},"categories":[1],"tags":[56,403,107,404,57,405],"class_list":["post-1053","post","type-post","status-publish","format-standard","has-post-thumbnail","hentry","category-sem-categoria","tag-bolsonaro","tag-celio-faria-junior","tag-flavia-arruda","tag-marinha","tag-pl","tag-secretaria-de-governo-da-presidencia-da-republica"],"_links":{"self":[{"href":"https:\/\/blogs.correiobraziliense.com.br\/eixocapital\/wp-json\/wp\/v2\/posts\/1053","targetHints":{"allow":["GET"]}}],"collection":[{"href":"https:\/\/blogs.correiobraziliense.com.br\/eixocapital\/wp-json\/wp\/v2\/posts"}],"about":[{"href":"https:\/\/blogs.correiobraziliense.com.br\/eixocapital\/wp-json\/wp\/v2\/types\/post"}],"author":[{"embeddable":true,"href":"https:\/\/blogs.correiobraziliense.com.br\/eixocapital\/wp-json\/wp\/v2\/users\/9"}],"replies":[{"embeddable":true,"href":"https:\/\/blogs.correiobraziliense.com.br\/eixocapital\/wp-json\/wp\/v2\/comments?post=1053"}],"version-history":[{"count":3,"href":"https:\/\/blogs.correiobraziliense.com.br\/eixocapital\/wp-json\/wp\/v2\/posts\/1053\/revisions"}],"predecessor-version":[{"id":1060,"href":"https:\/\/blogs.correiobraziliense.com.br\/eixocapital\/wp-json\/wp\/v2\/posts\/1053\/revisions\/1060"}],"wp:featuredmedia":[{"embeddable":true,"href":"https:\/\/blogs.correiobraziliense.com.br\/eixocapital\/wp-json\/wp\/v2\/media\/1057"}],"wp:attachment":[{"href":"https:\/\/blogs.correiobraziliense.com.br\/eixocapital\/wp-json\/wp\/v2\/media?parent=1053"}],"wp:term":[{"taxonomy":"category","embeddable":true,"href":"https:\/\/blogs.correiobraziliense.com.br\/eixocapital\/wp-json\/wp\/v2\/categories?post=1053"},{"taxonomy":"post_tag","embeddable":true,"href":"https:\/\/blogs.correiobraziliense.com.br\/eixocapital\/wp-json\/wp\/v2\/tags?post=1053"}],"curies":[{"name":"wp","href":"https:\/\/api.w.org\/{rel}","templated":true}]}}