{"id":1028,"date":"2022-03-20T13:40:23","date_gmt":"2022-03-20T16:40:23","guid":{"rendered":"https:\/\/blogs.correiobraziliense.com.br\/eixocapital\/?p=1028"},"modified":"2022-03-20T13:54:17","modified_gmt":"2022-03-20T16:54:17","slug":"telegram-se-serve-da-promessa-de-acesso-irrestrito-e-impune-a-conteudos-avalia-professor-de-comunicacao-da-unb","status":"publish","type":"post","link":"https:\/\/blogs.correiobraziliense.com.br\/eixocapital\/2022\/03\/20\/telegram-se-serve-da-promessa-de-acesso-irrestrito-e-impune-a-conteudos-avalia-professor-de-comunicacao-da-unb\/","title":{"rendered":"&#8220;Telegram se serve da promessa de acesso irrestrito e impune a conte\u00fados&#8221;, avalia professor de comunica\u00e7\u00e3o da UnB"},"content":{"rendered":"<p><strong>\u00c0 queima-roupa<\/strong><\/p>\n<p>&nbsp;<\/p>\n<p><strong>Paulo Jos\u00e9 Cunha, professor da Faculdade de Comunica\u00e7\u00e3o da Universidade de Bras\u00edlia (FAC\/UnB)<\/strong><\/p>\n<p>&nbsp;<\/p>\n<p>POR J\u00c9SSICA EUFR\u00c1SIO<\/p>\n<p><strong><span dir=\"ltr\" role=\"presentation\">Por que o Telegram, especificamente, <\/span><span dir=\"ltr\" role=\"presentation\">entrou na mira da Justi\u00e7a brasileira?<\/span><\/strong><br role=\"presentation\" \/><span dir=\"ltr\" role=\"presentation\">Porque \u00e9 um aplicativo que <\/span><span dir=\"ltr\" role=\"presentation\">n\u00e3o se submete a qualquer tipo <\/span><span dir=\"ltr\" role=\"presentation\">de controle. Justamente por <\/span><span dir=\"ltr\" role=\"presentation\">isso \u00e9 usado para todo tipo de <\/span><span dir=\"ltr\" role=\"presentation\">contraven\u00e7\u00e3o, desde a divulga\u00e7\u00e3o <\/span><span dir=\"ltr\" role=\"presentation\">de pornografia, inclusive infantil, <\/span><span dir=\"ltr\" role=\"presentation\">com livre circula\u00e7\u00e3o de conte\u00fado <\/span><span dir=\"ltr\" role=\"presentation\">de pedofilia, passando pelo tr\u00e1fico <\/span><span dir=\"ltr\" role=\"presentation\">de drogas e de armas, bem como <\/span><span dir=\"ltr\" role=\"presentation\">da ampla difus\u00e3o de fake news. O <\/span><span dir=\"ltr\" role=\"presentation\">problema \u00e9 que essa plataforma <\/span><span dir=\"ltr\" role=\"presentation\">n\u00e3o tem representa\u00e7\u00e3o formal no <\/span><span dir=\"ltr\" role=\"presentation\">Brasil e, por isso, as autoridades <\/span><span dir=\"ltr\" role=\"presentation\">brasileiras ficam de m\u00e3os atadas <\/span><span dir=\"ltr\" role=\"presentation\">para tomar qualquer iniciativa capaz <\/span><span dir=\"ltr\" role=\"presentation\">de garantir algum controle sobre <\/span><span dir=\"ltr\" role=\"presentation\">os conte\u00fados que circulam nele. <\/span><span dir=\"ltr\" role=\"presentation\">O Telegram foi criado na R\u00fassia, <\/span><span dir=\"ltr\" role=\"presentation\">que se tornou um para\u00edso para os <\/span><span dir=\"ltr\" role=\"presentation\">produtores e difusores de fake news. <\/span><span dir=\"ltr\" role=\"presentation\">Embora tenha sede em Dubai, <\/span><span dir=\"ltr\" role=\"presentation\">nos Emirados \u00c1rabes, n\u00e3o tem um <\/span><span dir=\"ltr\" role=\"presentation\">endere\u00e7o de contato confi\u00e1vel. A <\/span><span dir=\"ltr\" role=\"presentation\">Justi\u00e7a Eleitoral tentou diversas <\/span><span dir=\"ltr\" role=\"presentation\">vezes se comunicar, inclusive por <\/span><span dir=\"ltr\" role=\"presentation\">e-mail e por correspond\u00eancia <\/span><span dir=\"ltr\" role=\"presentation\">comum, mas n\u00e3o teve retorno. S\u00f3 <\/span><span dir=\"ltr\" role=\"presentation\">agora, com a proibi\u00e7\u00e3o imposta <\/span><span dir=\"ltr\" role=\"presentation\">pelo ministro Alexandre de Moraes, <\/span><span dir=\"ltr\" role=\"presentation\">(os respons\u00e1veis) apareceram, com <\/span><span dir=\"ltr\" role=\"presentation\">a desculpa esfarrapada de que <\/span><span dir=\"ltr\" role=\"presentation\">n\u00e3o haviam recebido o e-mail.<\/span><\/p>\n<p><strong><span dir=\"ltr\" role=\"presentation\">O que muda ap\u00f3s a decis\u00e3o <\/span><span dir=\"ltr\" role=\"presentation\">do Supremo?<\/span><\/strong><br role=\"presentation\" \/><span dir=\"ltr\" role=\"presentation\">A decis\u00e3o depende da a\u00e7\u00e3o dos <\/span><span dir=\"ltr\" role=\"presentation\">provedores, pois, sem eles, nenhum <\/span><span dir=\"ltr\" role=\"presentation\">aplicativo funciona. O ministro <\/span><span dir=\"ltr\" role=\"presentation\">se antecipou, determinando que <\/span><span dir=\"ltr\" role=\"presentation\">Google e Apple impe\u00e7am o acesso <\/span><span dir=\"ltr\" role=\"presentation\">dos celulares ao Telegram, mas <\/span><span dir=\"ltr\" role=\"presentation\">ainda \u00e9 pouco. T\u00e3o logo a decis\u00e3o foi <\/span><span dir=\"ltr\" role=\"presentation\">anunciada, grupos de extrema-direita <\/span><span dir=\"ltr\" role=\"presentation\">j\u00e1 se mobilizaram para driblar as <\/span><span dir=\"ltr\" role=\"presentation\">determina\u00e7\u00f5es da Justi\u00e7a. Na decis\u00e3o <\/span><span dir=\"ltr\" role=\"presentation\">que proibiu o aplicativo, consta uma <\/span><span dir=\"ltr\" role=\"presentation\">determina\u00e7\u00e3o \u00e0s plataformas e aos <\/span><span dir=\"ltr\" role=\"presentation\">provedores de internet que interditem <\/span><span dir=\"ltr\" role=\"presentation\">o Telegram, sob pena de multa di\u00e1ria <\/span><span dir=\"ltr\" role=\"presentation\">de at\u00e9 R$ 100 mil. Resta aguardar para <\/span><span dir=\"ltr\" role=\"presentation\">saber como eles v\u00e3o se comportar.<\/span><\/p>\n<p><strong><span dir=\"ltr\" role=\"presentation\">O que a seguran\u00e7a desse app <\/span><span dir=\"ltr\" role=\"presentation\">tem de diferente em rela\u00e7\u00e3o <\/span><span dir=\"ltr\" role=\"presentation\">\u00e0 dos demais?<\/span><\/strong><br role=\"presentation\" \/><span dir=\"ltr\" role=\"presentation\">N\u00e3o se trata de seguran\u00e7a, mas de <\/span><span dir=\"ltr\" role=\"presentation\">uma caracter\u00edstica dele. Para ganhar, <\/span><span dir=\"ltr\" role=\"presentation\">como vem ganhando, cada dia <\/span><span dir=\"ltr\" role=\"presentation\">mais adeptos \u2014 hoje, o aplicativo <\/span><span dir=\"ltr\" role=\"presentation\">\u00e9 usado por mais da metade dos <\/span><span dir=\"ltr\" role=\"presentation\">celulares brasileiros \u2014, o Telegram <\/span><span dir=\"ltr\" role=\"presentation\">se serve justamente dessa promessa <\/span><span dir=\"ltr\" role=\"presentation\">de acesso irrestrito e impune aos <\/span><span dir=\"ltr\" role=\"presentation\">conte\u00fados, sejam l\u00edcitos ou il\u00edcitos. <\/span><span dir=\"ltr\" role=\"presentation\">Seguran\u00e7a, se existe, \u00e9 para cria\u00e7\u00e3o <\/span><span dir=\"ltr\" role=\"presentation\">de uma terra sem lei. Curioso \u00e9 que <\/span><span dir=\"ltr\" role=\"presentation\">o Telegram alegou n\u00e3o ter recebido <\/span><span dir=\"ltr\" role=\"presentation\">as comunica\u00e7\u00f5es da Justi\u00e7a, mas o <\/span><span dir=\"ltr\" role=\"presentation\">presidente da empresa, o russo Pavel <\/span><span dir=\"ltr\" role=\"presentation\">Durov, alegou ter cumprido uma <\/span><span dir=\"ltr\" role=\"presentation\">decis\u00e3o judicial anterior, retirando <\/span><span dir=\"ltr\" role=\"presentation\">do ar alguns perfis. Agora, diz n\u00e3o ter <\/span><span dir=\"ltr\" role=\"presentation\">recebido comunica\u00e7\u00e3o alguma. Eles <\/span><span dir=\"ltr\" role=\"presentation\">se contradizem a todo momento.<\/span><\/p>\n<p><strong><span dir=\"ltr\" role=\"presentation\">Como esse aplicativo pode <\/span><span dir=\"ltr\" role=\"presentation\">impactar as elei\u00e7\u00f5es deste ano?<\/span><\/strong><br role=\"presentation\" \/><span dir=\"ltr\" role=\"presentation\">O impacto, caso o Telegram continue <\/span><span dir=\"ltr\" role=\"presentation\">livre para operar, \u00e9 o da difus\u00e3o livre <\/span><span dir=\"ltr\" role=\"presentation\">e desimpedida de conte\u00fados como <\/span><span dir=\"ltr\" role=\"presentation\">fake news, que s\u00f3 favorecem aos <\/span><span dir=\"ltr\" role=\"presentation\">grupos que hoje ocupam o poder <\/span><span dir=\"ltr\" role=\"presentation\">no Brasil. Se lembrarmos que foi <\/span><span dir=\"ltr\" role=\"presentation\">muito por conta delas que o atual <\/span><span dir=\"ltr\" role=\"presentation\">presidente se elegeu em 2018, e isso <\/span><span dir=\"ltr\" role=\"presentation\">est\u00e1 provado, percebemos claramente <\/span><span dir=\"ltr\" role=\"presentation\">a raz\u00e3o de o pr\u00f3prio (Jair) Bolsonaro <\/span><span dir=\"ltr\" role=\"presentation\">e o ministro da Justi\u00e7a, Anderson <\/span><span dir=\"ltr\" role=\"presentation\">Torres, estarem se movimentando <\/span><span dir=\"ltr\" role=\"presentation\">publicamente no sentido de sustar <\/span><span dir=\"ltr\" role=\"presentation\">a decis\u00e3o que proibiu o Telegram.<\/span><\/p>\n<p><strong><span dir=\"ltr\" role=\"presentation\">E, no caso de outras plataformas de <\/span><span dir=\"ltr\" role=\"presentation\">comunica\u00e7\u00e3o, que risco representam?<\/span><\/strong><br role=\"presentation\" \/><span dir=\"ltr\" role=\"presentation\">Outras plataformas igualmente <\/span><span dir=\"ltr\" role=\"presentation\">oferecem riscos, por\u00e9m est\u00e3o <\/span><span dir=\"ltr\" role=\"presentation\">bem mais sujeitas a responder por <\/span><span dir=\"ltr\" role=\"presentation\">algum delito e serem, por exemplo, <\/span><span dir=\"ltr\" role=\"presentation\">obrigadas a apagar perfis falsos <\/span><span dir=\"ltr\" role=\"presentation\">ou que divulguem informa\u00e7\u00f5es <\/span><span dir=\"ltr\" role=\"presentation\">mentirosas, caluniosas ou criminosas. <\/span><span dir=\"ltr\" role=\"presentation\">Mas, com elas, a diferen\u00e7a \u00e9 que <\/span><span dir=\"ltr\" role=\"presentation\">s\u00e3o localiz\u00e1veis e imput\u00e1veis, por <\/span><span dir=\"ltr\" role=\"presentation\">terem representa\u00e7\u00e3o no Brasil, o <\/span><span dir=\"ltr\" role=\"presentation\">que n\u00e3o ocorre com o Telegram.<\/span><\/p>\n<p><strong><span dir=\"ltr\" role=\"presentation\">O que deve ser feito para garantir <\/span><span dir=\"ltr\" role=\"presentation\">um processo eleitoral menos <\/span><span dir=\"ltr\" role=\"presentation\">prejudicado por esse cen\u00e1rio?<\/span><\/strong><br role=\"presentation\" \/><span dir=\"ltr\" role=\"presentation\">A vigil\u00e2ncia permanente da Justi\u00e7a <\/span><span dir=\"ltr\" role=\"presentation\">Eleitoral, que vai precisar contar com <\/span><span dir=\"ltr\" role=\"presentation\">profissionais de alta compet\u00eancia <\/span><span dir=\"ltr\" role=\"presentation\">para monitorar permanentemente as <\/span><span dir=\"ltr\" role=\"presentation\">redes sociais da internet. Al\u00e9m disso, <\/span><span dir=\"ltr\" role=\"presentation\">o Poder Judici\u00e1rio, sobretudo a Justi\u00e7a <\/span><span dir=\"ltr\" role=\"presentation\">Eleitoral, precisa criar uma esp\u00e9cie <\/span><span dir=\"ltr\" role=\"presentation\">de rito sum\u00e1rio para recebimento de <\/span><span dir=\"ltr\" role=\"presentation\">den\u00fancias, aprecia\u00e7\u00e3o, julgamento e <\/span><span dir=\"ltr\" role=\"presentation\">puni\u00e7\u00e3o dos respons\u00e1veis. \u00c9 sabido <\/span><span dir=\"ltr\" role=\"presentation\">que a Justi\u00e7a \u00e9 lenta porque existe <\/span><span dir=\"ltr\" role=\"presentation\">a necessidade de ampla defesa, de <\/span><span dir=\"ltr\" role=\"presentation\">exame cuidadoso de provas, etc. <\/span><span dir=\"ltr\" role=\"presentation\">Mas, durante um processo eleitoral, <\/span><span dir=\"ltr\" role=\"presentation\">a informa\u00e7\u00e3o maliciosa provoca os <\/span><span dir=\"ltr\" role=\"presentation\">maiores danos, e em uma velocidade <\/span><span dir=\"ltr\" role=\"presentation\">vertiginosa. Se no passado era dif\u00edcil, <\/span><span dir=\"ltr\" role=\"presentation\">quase imposs\u00edvel, enfrentar not\u00edcias <\/span><span dir=\"ltr\" role=\"presentation\">caluniosas ou criminosas por meio de <\/span><span dir=\"ltr\" role=\"presentation\">um desmentido publicado nos meios <\/span><span dir=\"ltr\" role=\"presentation\">de comunica\u00e7\u00e3o, imagine agora, com <\/span><span dir=\"ltr\" role=\"presentation\">informa\u00e7\u00e3o circulando \u00e0 velocidade <\/span><span dir=\"ltr\" role=\"presentation\">da luz. Os pr\u00f3prios partidos precisam <\/span><span dir=\"ltr\" role=\"presentation\">se empenhar nesse trabalho, <\/span><span dir=\"ltr\" role=\"presentation\">bem como todas as institui\u00e7\u00f5es <\/span><span dir=\"ltr\" role=\"presentation\">p\u00fablicas e privadas que tenham <\/span><span dir=\"ltr\" role=\"presentation\">condi\u00e7\u00f5es de prestar qualquer <\/span><span dir=\"ltr\" role=\"presentation\">tipo de ajuda. Puni\u00e7\u00f5es rigorosas, <\/span><span dir=\"ltr\" role=\"presentation\">como prometidas, precisam sair da <\/span><span dir=\"ltr\" role=\"presentation\">promessa. Elas podem funcionar <\/span><span dir=\"ltr\" role=\"presentation\">como elemento de conten\u00e7\u00e3o da <\/span><span dir=\"ltr\" role=\"presentation\">a\u00e7\u00e3o delet\u00e9ria dos que se beneficiam <\/span><span dir=\"ltr\" role=\"presentation\">eleitoralmente da cria\u00e7\u00e3o e da <\/span><span dir=\"ltr\" role=\"presentation\">difus\u00e3o de informa\u00e7\u00f5es falsas.<\/span><\/p>\n","protected":false},"excerpt":{"rendered":"<p>\u00c0 queima-roupa &nbsp; Paulo Jos\u00e9 Cunha, professor da Faculdade de Comunica\u00e7\u00e3o da Universidade de Bras\u00edlia (FAC\/UnB) &nbsp; POR J\u00c9SSICA EUFR\u00c1SIO Por que o Telegram, especificamente, entrou na mira da Justi\u00e7a brasileira?Porque \u00e9 um aplicativo que n\u00e3o se submete a qualquer tipo de controle. Justamente por isso \u00e9 usado para todo tipo de contraven\u00e7\u00e3o, desde a divulga\u00e7\u00e3o de pornografia, inclusive infantil, [&hellip;]<\/p>\n","protected":false},"author":9,"featured_media":1032,"comment_status":"open","ping_status":"open","sticky":false,"template":"","format":"standard","meta":{"footnotes":""},"categories":[1],"tags":[358,90,394,392,163,395,393],"class_list":["post-1028","post","type-post","status-publish","format-standard","has-post-thumbnail","hentry","category-sem-categoria","tag-a-queima-roupa","tag-entrevista","tag-fac","tag-paulo-jose-cunha","tag-stf","tag-telegram","tag-unb"],"_links":{"self":[{"href":"https:\/\/blogs.correiobraziliense.com.br\/eixocapital\/wp-json\/wp\/v2\/posts\/1028","targetHints":{"allow":["GET"]}}],"collection":[{"href":"https:\/\/blogs.correiobraziliense.com.br\/eixocapital\/wp-json\/wp\/v2\/posts"}],"about":[{"href":"https:\/\/blogs.correiobraziliense.com.br\/eixocapital\/wp-json\/wp\/v2\/types\/post"}],"author":[{"embeddable":true,"href":"https:\/\/blogs.correiobraziliense.com.br\/eixocapital\/wp-json\/wp\/v2\/users\/9"}],"replies":[{"embeddable":true,"href":"https:\/\/blogs.correiobraziliense.com.br\/eixocapital\/wp-json\/wp\/v2\/comments?post=1028"}],"version-history":[{"count":4,"href":"https:\/\/blogs.correiobraziliense.com.br\/eixocapital\/wp-json\/wp\/v2\/posts\/1028\/revisions"}],"predecessor-version":[{"id":1033,"href":"https:\/\/blogs.correiobraziliense.com.br\/eixocapital\/wp-json\/wp\/v2\/posts\/1028\/revisions\/1033"}],"wp:featuredmedia":[{"embeddable":true,"href":"https:\/\/blogs.correiobraziliense.com.br\/eixocapital\/wp-json\/wp\/v2\/media\/1032"}],"wp:attachment":[{"href":"https:\/\/blogs.correiobraziliense.com.br\/eixocapital\/wp-json\/wp\/v2\/media?parent=1028"}],"wp:term":[{"taxonomy":"category","embeddable":true,"href":"https:\/\/blogs.correiobraziliense.com.br\/eixocapital\/wp-json\/wp\/v2\/categories?post=1028"},{"taxonomy":"post_tag","embeddable":true,"href":"https:\/\/blogs.correiobraziliense.com.br\/eixocapital\/wp-json\/wp\/v2\/tags?post=1028"}],"curies":[{"name":"wp","href":"https:\/\/api.w.org\/{rel}","templated":true}]}}