{"id":36922,"date":"2026-09-05T23:55:00","date_gmt":"2026-09-06T02:55:00","guid":{"rendered":"https:\/\/blogs.correiobraziliense.com.br\/dribledecorpo\/?p=36922"},"modified":"2026-09-06T08:04:22","modified_gmt":"2026-09-06T11:04:22","slug":"fluminense-1-x-0-vasco-o-peso-da-intimidade-de-marcao-com-os-classicos","status":"publish","type":"post","link":"https:\/\/blogs.correiobraziliense.com.br\/dribledecorpo\/fluminense-1-x-0-vasco-o-peso-da-intimidade-de-marcao-com-os-classicos\/","title":{"rendered":"Fluminense 1 x 0 Vasco: o peso da intimidade de Marc\u00e3o com os cl\u00e1ssicos"},"content":{"rendered":"\n<p class=\"wp-block-paragraph\">No dia em que Carlos Alberto Parreira recebeu alta depois de 80 dias internado, Marco Aur\u00e9lio de Oliveira, o Marc\u00e3o, deu um grande presente ao ilustre tricolor de cora\u00e7\u00e3o na vit\u00f3ria por 1 x 0 do Fluminense contra o Vasco. Campe\u00e3o da S\u00e9rie C em 1999 sob o comando justamente de Parreira, o ex-volante provou mais uma vez ser treinador de cl\u00e1ssico.<\/p>\n\n\n\n<p class=\"wp-block-paragraph\">O gol de Lucho Acosta no segundo tempo no Maracan\u00e3 pela 26\u00aa rodada do Brasileir\u00e3o manteve Marc\u00e3o invicto contra o Vasco tanto no papel de treinador interino como efetivado. Antes, o retrospecto pessoal apontava dois empates. Est\u00e1 atualizado com a primeira vit\u00f3ria.<\/p>\n\n\n\n<p class=\"wp-block-paragraph\">Marc\u00e3o faz jogos duros. Ele jamais perdeu para o Botafogo com a prancheta do Fluminense nas m\u00e3os. Venceu em 2019 e em 2021. Ele coleciona uma vit\u00f3ria em 2021 e uma derrota na edi\u00e7\u00e3o de 2019. Portanto, cl\u00e1ssico \u00e9 com o t\u00e9cnico Marc\u00e3o, sim senhor!<\/p>\n\n\n\n<p class=\"wp-block-paragraph\">Organizado no 4-2-3-1, o Fluminense teve menos posse da bola: 45% x 55%. Em evolu\u00e7\u00e3o taticamente sob o comando de Pedro Emanuel, o Vasco teve momentos de imposi\u00e7\u00e3o no primeiro tempo. Rondou a \u00e1rea tricolor.<\/p>\n\n\n\n<p class=\"wp-block-paragraph\">No entanto, o 4-1-4-1 planejado pelo portugu\u00eas n\u00e3o mostrava objetividade com Bruno Duarte no comando do ataque. Sosa, sim, fazia grande partida \u00e0 frente da defesa e na transi\u00e7\u00e3o com os homens de cria\u00e7\u00e3o e os extremos.<\/p>\n\n\n\n<p class=\"wp-block-paragraph\">Aos poucos, Marc\u00e3o foi destravando o cl\u00e1ssico para o Fluminense. Depois de um primeiro tempo truncado, faltoso e com sete cart\u00f5es amarelos, o gol saiu aos 16 minutos da etapa final e a sorte sorriu para o time das Laranjeiras em uma trama entre jogadores importados.<\/p>\n\n\n\n<p class=\"wp-block-paragraph\">Soteldo foi o gar\u00e7om de Lucho Acosta no lance decisivo do cl\u00e1ssico. Ele havia sa\u00eddo do banco de reservas tr\u00eas minutos antes para entrar no lugar de Paulo Henrique Ganso. Marc\u00e3o acertou. O escolhido virou o protagonista da noite no Maracan\u00e3.<\/p>\n\n\n\n<p class=\"wp-block-paragraph\">O Fluminense dorme no G-4. Fora da Copa do Brasil e nas quartas de final da Libertadores, tem na manga a chance de disputar a competi\u00e7\u00e3o continental em 2027 via S\u00e9rie A caso n\u00e3o tenha \u00eaxito na temporada. Classificado para as quartas de final da Copa Sul-Americana e para as semifinais na Copa do Brasil, o Vasco flerta cada vez mais com o rebaixamento para a segunda divis\u00e3o. N\u00e3o basta mais jogar bem no Brasileir\u00e3o. \u00c9 preciso empilhar vit\u00f3rias.<\/p>\n","protected":false},"excerpt":{"rendered":"<p>An\u00e1lise: com substitui\u00e7\u00e3o certeira e gol de Lucho Acosta no Maracan\u00e3, treinador prova de novo sua for\u00e7a em jogos decisivos, coloca o Tricolor no G-4 e homenageia Carlos Alberto Parreira<\/p>\n","protected":false},"author":31,"featured_media":36923,"comment_status":"open","ping_status":"closed","sticky":false,"template":"","format":"standard","meta":{"wpb_read_more":[],"footnotes":""},"categories":[9],"tags":[],"class_list":["post-36922","post","type-post","status-publish","format-standard","has-post-thumbnail","hentry","category-esporte"],"_links":{"self":[{"href":"https:\/\/blogs.correiobraziliense.com.br\/dribledecorpo\/wp-json\/wp\/v2\/posts\/36922","targetHints":{"allow":["GET"]}}],"collection":[{"href":"https:\/\/blogs.correiobraziliense.com.br\/dribledecorpo\/wp-json\/wp\/v2\/posts"}],"about":[{"href":"https:\/\/blogs.correiobraziliense.com.br\/dribledecorpo\/wp-json\/wp\/v2\/types\/post"}],"author":[{"embeddable":true,"href":"https:\/\/blogs.correiobraziliense.com.br\/dribledecorpo\/wp-json\/wp\/v2\/users\/31"}],"replies":[{"embeddable":true,"href":"https:\/\/blogs.correiobraziliense.com.br\/dribledecorpo\/wp-json\/wp\/v2\/comments?post=36922"}],"version-history":[{"count":2,"href":"https:\/\/blogs.correiobraziliense.com.br\/dribledecorpo\/wp-json\/wp\/v2\/posts\/36922\/revisions"}],"predecessor-version":[{"id":36925,"href":"https:\/\/blogs.correiobraziliense.com.br\/dribledecorpo\/wp-json\/wp\/v2\/posts\/36922\/revisions\/36925"}],"wp:featuredmedia":[{"embeddable":true,"href":"https:\/\/blogs.correiobraziliense.com.br\/dribledecorpo\/wp-json\/wp\/v2\/media\/36923"}],"wp:attachment":[{"href":"https:\/\/blogs.correiobraziliense.com.br\/dribledecorpo\/wp-json\/wp\/v2\/media?parent=36922"}],"wp:term":[{"taxonomy":"category","embeddable":true,"href":"https:\/\/blogs.correiobraziliense.com.br\/dribledecorpo\/wp-json\/wp\/v2\/categories?post=36922"},{"taxonomy":"post_tag","embeddable":true,"href":"https:\/\/blogs.correiobraziliense.com.br\/dribledecorpo\/wp-json\/wp\/v2\/tags?post=36922"}],"curies":[{"name":"wp","href":"https:\/\/api.w.org\/{rel}","templated":true}]}}