{"id":36910,"date":"2026-09-04T10:13:19","date_gmt":"2026-09-04T13:13:19","guid":{"rendered":"https:\/\/blogs.correiobraziliense.com.br\/dribledecorpo\/?p=36910"},"modified":"2026-09-04T10:15:37","modified_gmt":"2026-09-04T13:15:37","slug":"gre-nal-454-carlos-vinicius-weverton-e-a-revanche-da-valsa","status":"publish","type":"post","link":"https:\/\/blogs.correiobraziliense.com.br\/dribledecorpo\/gre-nal-454-carlos-vinicius-weverton-e-a-revanche-da-valsa\/","title":{"rendered":"Gre-Nal 454: Carlos Vin\u00edcius, Weverton e a revanche da valsa"},"content":{"rendered":"\n<p class=\"wp-block-paragraph\">Em terra de Gre-Nal carente de talento, quem tem goleiro acima da m\u00e9dia e centroavante minimamente capaz de fazer gol \u00e9 rei. Weverton e Carlos Vin\u00edcius classificaram o Gr\u00eamio para as semifinais da Copa do Brasil na Arena. A vit\u00f3ria tricolor por 3 x 1 em um cl\u00e1ssico 454 totalmente diferente do 453 tem as impress\u00f5es digitais dos dois jogadores.<\/p>\n\n\n\n<p class=\"wp-block-paragraph\">Carlos Vin\u00edcius n\u00e3o fazia gol havia oito jogos. A abstin\u00eancia terminou no primeiro tempo com duas bolas na rede. Logo ele, t\u00e3o questionado justamente por causa do jejum. M\u00e1 fase vem e passa, mas no caso dele estava demorando.<\/p>\n\n\n\n<p class=\"wp-block-paragraph\">Mesmo assim, como desprezar um jogador capaz de entregar 20 gols at\u00e9 agora: 10 no Brasileir\u00e3o, 5 no Ga\u00facho, 3 na Copa do Brasil e 2 na Copa Sul-Americana? Carlo Vin\u00edcius tamb\u00e9m entregou duas assist\u00eancias em 44 jogos. Pouco, mas ele n\u00e3o \u00e9 meia nem ponta.<\/p>\n\n\n\n<p class=\"wp-block-paragraph\">Amuzu, sim, tem essa caracter\u00edstica e assumiu o papel dele. Serviu Carlos Vin\u00edcius no segundo gol e Krovinovic no terceiro. S\u00e3o seis passes decisivos na temporada.<\/p>\n\n\n\n<p class=\"wp-block-paragraph\">A vantagem foi constru\u00edda com esfor\u00e7o. Deixou a Arena pulsando. Quando bateu o cansa\u00e7o, o Internacional cresceu com o t\u00e9cnico uruguaio Paulo Pezzolano corrigindo erros pessoais inacredit\u00e1veis. O que explica a entrada de Carbonero somente aos 14 minutos do segundo tempo? &nbsp;O Colorado cresceu o suficiente para fazer um gol. Weverton n\u00e3o permitiu mais.<\/p>\n\n\n\n<p class=\"wp-block-paragraph\">O goleiro do Gr\u00eamio faz uma temporada exemplar. Desprezado pelo Palmeiras em benef\u00edcio de Carlos Miguel, desembarcou em Porto Alegre entregando o mesmo profissionalismo dos bons tempos na Academia. O primeiro semestre foi recompensado com a convoca\u00e7\u00e3o para a Copa do Mundo, a segundo consecutiva. Ele merecia ser o titular at\u00e9 mais do que Alisson e Everson nos Estados Unidos. Jogava melhor do que os dois \u00e0 \u00e9poca.<\/p>\n\n\n\n<p class=\"wp-block-paragraph\">De volta ao Gr\u00eamio, continua entregando aqueles milagres conhecidos pela torcida do Palmeiras. Curiosamente, o destino pode estar reservando uma poss\u00edvel revanche da final da Copa do Brasil de 2020. Naquele ano, Weverton estava do lado alviverde da for\u00e7a. Neste, pode ser o anjo da guarda tricolor na final \u00fanica de 6 de dezembro no Man\u00e9 Garrincha. Antes, o Gr\u00eamio precisa passar pelo Atl\u00e9tico. Do outro lado, o Palmeiras tem o Vasco pela frente.<\/p>\n\n\n\n<p class=\"wp-block-paragraph\">Ao Inter, restou dan\u00e7ar a valsa provocada pelo sistema de som da Arena. O Gr\u00eamio provocou porque o arquirrival completa 15 anos sem um t\u00edtulo de express\u00e3o nacional ou internacional. O \u00faltimo \u00e9 a Recopa Sul-Americana de 2011. O Gr\u00eamio devolveu na mesma moeda a zoa\u00e7\u00e3o de 2016, quando Eduardo Sasha celebrou gol contra o Gr\u00eamio simulando uma valsa. \u00c0 \u00e9poca, o Gr\u00eamio amarga jejum de 15 anos. A \u00faltima conquista havia sido a Copa do Brasil de 2001. Est\u00e3o quites. <\/p>\n","protected":false},"excerpt":{"rendered":"<p>Centroavante encerra jejum com dois gols, goleiro impede a rea\u00e7\u00e3o do Inter e Gr\u00eamio avan\u00e7a \u00e0s semifinais da Copa do Brasil devolvendo na mesma moeda provoca\u00e7\u00e3o colorada de 2016<\/p>\n","protected":false},"author":31,"featured_media":36911,"comment_status":"open","ping_status":"closed","sticky":false,"template":"","format":"standard","meta":{"wpb_read_more":[],"footnotes":""},"categories":[9],"tags":[2170,1769,281,2171,249,207,2097,1182],"class_list":["post-36910","post","type-post","status-publish","format-standard","has-post-thumbnail","hentry","category-esporte","tag-amuzu","tag-carlos-vinicius","tag-copa-do-brasil","tag-gre-nal-454","tag-gremio","tag-internacional","tag-paulo-pezzolano","tag-weverton"],"_links":{"self":[{"href":"https:\/\/blogs.correiobraziliense.com.br\/dribledecorpo\/wp-json\/wp\/v2\/posts\/36910","targetHints":{"allow":["GET"]}}],"collection":[{"href":"https:\/\/blogs.correiobraziliense.com.br\/dribledecorpo\/wp-json\/wp\/v2\/posts"}],"about":[{"href":"https:\/\/blogs.correiobraziliense.com.br\/dribledecorpo\/wp-json\/wp\/v2\/types\/post"}],"author":[{"embeddable":true,"href":"https:\/\/blogs.correiobraziliense.com.br\/dribledecorpo\/wp-json\/wp\/v2\/users\/31"}],"replies":[{"embeddable":true,"href":"https:\/\/blogs.correiobraziliense.com.br\/dribledecorpo\/wp-json\/wp\/v2\/comments?post=36910"}],"version-history":[{"count":8,"href":"https:\/\/blogs.correiobraziliense.com.br\/dribledecorpo\/wp-json\/wp\/v2\/posts\/36910\/revisions"}],"predecessor-version":[{"id":36919,"href":"https:\/\/blogs.correiobraziliense.com.br\/dribledecorpo\/wp-json\/wp\/v2\/posts\/36910\/revisions\/36919"}],"wp:featuredmedia":[{"embeddable":true,"href":"https:\/\/blogs.correiobraziliense.com.br\/dribledecorpo\/wp-json\/wp\/v2\/media\/36911"}],"wp:attachment":[{"href":"https:\/\/blogs.correiobraziliense.com.br\/dribledecorpo\/wp-json\/wp\/v2\/media?parent=36910"}],"wp:term":[{"taxonomy":"category","embeddable":true,"href":"https:\/\/blogs.correiobraziliense.com.br\/dribledecorpo\/wp-json\/wp\/v2\/categories?post=36910"},{"taxonomy":"post_tag","embeddable":true,"href":"https:\/\/blogs.correiobraziliense.com.br\/dribledecorpo\/wp-json\/wp\/v2\/tags?post=36910"}],"curies":[{"name":"wp","href":"https:\/\/api.w.org\/{rel}","templated":true}]}}