{"id":36896,"date":"2026-09-03T11:16:38","date_gmt":"2026-09-03T14:16:38","guid":{"rendered":"https:\/\/blogs.correiobraziliense.com.br\/dribledecorpo\/?p=36896"},"modified":"2026-09-03T11:32:36","modified_gmt":"2026-09-03T14:32:36","slug":"carlo-ancelotti-bebe-da-fonte-do-real-madrid-antes-de-convocar-a-selecao","status":"publish","type":"post","link":"https:\/\/blogs.correiobraziliense.com.br\/dribledecorpo\/carlo-ancelotti-bebe-da-fonte-do-real-madrid-antes-de-convocar-a-selecao\/","title":{"rendered":"Carlo Ancelotti bebe da fonte do Real Madrid antes de convocar a Sele\u00e7\u00e3o"},"content":{"rendered":"\n<p class=\"wp-block-paragraph\">A seis dias do an\u00fancio da primeira convoca\u00e7\u00e3o da Sele\u00e7\u00e3o Brasileira para o in\u00edcio do ciclo da Copa de 2030, Carlo Ancelotti passou nesta quinta-feira pelo Real Madrid, clube no qual conquistou 15 t\u00edtulos na carreira. O italiano conversou com o colega portugu\u00eas Jos\u00e9 Mourinho e os brasilienses do elenco: Vinicius Junior, Rodrygo, \u00c9der Milit\u00e3o e o brasiliense Endrick.<\/p>\n\n\n\n<p class=\"wp-block-paragraph\">Carlo Ancelotti est\u00e1 na Europa em uma s\u00e9rie de observa\u00e7\u00f5es in loco de poss\u00edveis jogadores convocados para os amistosos contra a Austr\u00e1lia e a \u00cdndia neste m\u00eas na Oceania e na \u00c1sia. Depois da pior campanha na Copa do Mundo desde 1990 ao ser eliminado pela Noruega nas oitavas de final, o Brasil iniciar\u00e1 mais um projeto pelo hexa no an\u00fancio da lista marcado para a pr\u00f3xima quarta-feira, \u00e0s 15h, na sede da CBF na Barra da Tijuca, no Rio. A primeira competi\u00e7\u00e3o oficial ser\u00e1 a Copa Am\u00e9rica em 2028, provavelmente nos Estados Unidos.<\/p>\n\n\n\n<figure class=\"wp-block-image size-full\"><a href=\"https:\/\/blogs.correiobraziliense.com.br\/dribledecorpo\/wp-content\/uploads\/sites\/15\/2026\/09\/Ancelotti-e-Vini.webp\"><img loading=\"lazy\" decoding=\"async\" width=\"980\" height=\"767\" src=\"https:\/\/blogs.correiobraziliense.com.br\/dribledecorpo\/wp-content\/uploads\/sites\/15\/2026\/09\/Ancelotti-e-Vini.webp\" alt=\"\" class=\"wp-image-36900\" srcset=\"https:\/\/blogs.correiobraziliense.com.br\/dribledecorpo\/wp-content\/uploads\/sites\/15\/2026\/09\/Ancelotti-e-Vini.webp 980w, https:\/\/blogs.correiobraziliense.com.br\/dribledecorpo\/wp-content\/uploads\/sites\/15\/2026\/09\/Ancelotti-e-Vini-300x235.webp 300w, https:\/\/blogs.correiobraziliense.com.br\/dribledecorpo\/wp-content\/uploads\/sites\/15\/2026\/09\/Ancelotti-e-Vini-768x601.webp 768w\" sizes=\"auto, (max-width: 980px) 100vw, 980px\" \/><\/a><figcaption class=\"wp-element-caption\">Vinicius Junior, artilheiro do Brasil na Copa de 2026, e Carlo Ancelotti em Valdebebas, o CT do Real Madrid<\/figcaption><\/figure>\n\n\n\n<p class=\"wp-block-paragraph\">O t\u00e9cnico da Sele\u00e7\u00e3o esteve na Fran\u00e7a ao lado do auxiliar Paul Clement no empate entre Lille e Paris Saint-Germain pela Ligue 1. De l\u00e1, ambos seguiram para Londres e observaram a partida entre Tottenham e Newcastle. Na sequ\u00eancia, viram o Chelsea contra o Brighton.<\/p>\n\n\n\n<p class=\"wp-block-paragraph\">\u201cEsses dias na Europa s\u00e3o importantes para o nosso trabalho pensando nos pr\u00f3ximos compromissos da Sele\u00e7\u00e3o. Estamos acompanhando o in\u00edcio das principais ligas europeias e queremos aproveitar para observar os jogadores brasileiros de perto, acompanhar o momento de cada um em seus clubes e manter um contato pr\u00f3ximo com eles e com suas equipes&#8221;, disse Carlo Ancelotti em entrevista ao site da CBF.<\/p>\n\n\n\n<figure class=\"wp-block-image size-large\"><a href=\"https:\/\/blogs.correiobraziliense.com.br\/dribledecorpo\/wp-content\/uploads\/sites\/15\/2026\/09\/Ancelotti-com-Endrick-e-Militao.webp\"><img loading=\"lazy\" decoding=\"async\" width=\"1024\" height=\"725\" src=\"https:\/\/blogs.correiobraziliense.com.br\/dribledecorpo\/wp-content\/uploads\/sites\/15\/2026\/09\/Ancelotti-com-Endrick-e-Militao-1024x725.webp\" alt=\"\" class=\"wp-image-36901\" srcset=\"https:\/\/blogs.correiobraziliense.com.br\/dribledecorpo\/wp-content\/uploads\/sites\/15\/2026\/09\/Ancelotti-com-Endrick-e-Militao-1024x725.webp 1024w, https:\/\/blogs.correiobraziliense.com.br\/dribledecorpo\/wp-content\/uploads\/sites\/15\/2026\/09\/Ancelotti-com-Endrick-e-Militao-300x212.webp 300w, https:\/\/blogs.correiobraziliense.com.br\/dribledecorpo\/wp-content\/uploads\/sites\/15\/2026\/09\/Ancelotti-com-Endrick-e-Militao-768x543.webp 768w, https:\/\/blogs.correiobraziliense.com.br\/dribledecorpo\/wp-content\/uploads\/sites\/15\/2026\/09\/Ancelotti-com-Endrick-e-Militao.webp 1077w\" sizes=\"auto, (max-width: 1024px) 100vw, 1024px\" \/><\/a><figcaption class=\"wp-element-caption\">Carlo Ancelotti na resenha com o brasiliense Endrick e um dos xod\u00f3s dele para a defesa: \u00c9der Milit\u00e3o<\/figcaption><\/figure>\n\n\n\n<p class=\"wp-block-paragraph\">O italiano acrescentou: &#8220;J\u00e1 estamos trabalhando na pr\u00f3xima convoca\u00e7\u00e3o, e esses jogos nos permitem ter mais informa\u00e7\u00f5es e avaliar o momento de cada jogador. Acompanhamos muitos atletas todas as semanas, mas, sempre que temos a oportunidade, consideramos importante estar presentes nos est\u00e1dios e observar de perto a evolu\u00e7\u00e3o de cada um. Temos pela frente os amistosos de setembro e queremos chegar a essa convoca\u00e7\u00e3o com o m\u00e1ximo de informa\u00e7\u00f5es poss\u00edvel. Seguimos construindo a nossa equipe, e cada oportunidade de estar perto dos jogadores faz parte desse processo\u201d.<\/p>\n\n\n\n<p class=\"wp-block-paragraph\">Depois da Super Data Fifa de setembro, o Brasil enfrentar\u00e1 o Jap\u00e3o em 14 de novembro e Singapura tr\u00eas dias depois no encerramento da temporada em 2026. As duas partidas ser\u00e3o no Est\u00e1dio Nacional de Singapura, na \u00c1sia, com capacidade para 55 mil torcedores. <\/p>\n\n\n\n<p class=\"wp-block-paragraph\"><strong>Leia tamb\u00e9m:<\/strong> <a href=\"https:\/\/blogs.correiobraziliense.com.br\/dribledecorpo\/goleiros-viram-carta-de-intencoes-de-carlo-ancelotti-para-a-copa-de-2030\/\" data-type=\"link\" data-id=\"https:\/\/blogs.correiobraziliense.com.br\/dribledecorpo\/goleiros-viram-carta-de-intencoes-de-carlo-ancelotti-para-a-copa-de-2030\/\">Goleiros viram carta de inten\u00e7\u00f5es de Carlo Ancelotti para a Copa de 2030<\/a><\/p>\n\n\n\n<p class=\"wp-block-paragraph\">\u201cOs amistosos em Singapura representam mais um passo importante na constru\u00e7\u00e3o da Sele\u00e7\u00e3o Brasileira para os pr\u00f3ximos anos. Enfrentar Jap\u00e3o e Singapura nos permitir\u00e1 observar o comportamento da equipe em contextos diferentes, algo fundamental neste in\u00edcio de ciclo. Estamos trabalhando para fortalecer nossa identidade e ampliar nossas alternativas. O objetivo \u00e9 evoluir com equil\u00edbrio, preparando o grupo para os desafios maiores que teremos pela frente\u201d, avalia Carlo Ancelotti.<\/p>\n\n\n\n<figure class=\"wp-block-image size-full\"><a href=\"https:\/\/blogs.correiobraziliense.com.br\/dribledecorpo\/wp-content\/uploads\/sites\/15\/2026\/09\/Ancelotti-e-Rodrygo.webp\"><img loading=\"lazy\" decoding=\"async\" width=\"895\" height=\"766\" src=\"https:\/\/blogs.correiobraziliense.com.br\/dribledecorpo\/wp-content\/uploads\/sites\/15\/2026\/09\/Ancelotti-e-Rodrygo.webp\" alt=\"\" class=\"wp-image-36902\" srcset=\"https:\/\/blogs.correiobraziliense.com.br\/dribledecorpo\/wp-content\/uploads\/sites\/15\/2026\/09\/Ancelotti-e-Rodrygo.webp 895w, https:\/\/blogs.correiobraziliense.com.br\/dribledecorpo\/wp-content\/uploads\/sites\/15\/2026\/09\/Ancelotti-e-Rodrygo-300x257.webp 300w, https:\/\/blogs.correiobraziliense.com.br\/dribledecorpo\/wp-content\/uploads\/sites\/15\/2026\/09\/Ancelotti-e-Rodrygo-768x657.webp 768w\" sizes=\"auto, (max-width: 895px) 100vw, 895px\" \/><\/a><figcaption class=\"wp-element-caption\">Rodrygo em momento fofura com o t\u00e9cnico com o qual ganhou duas Champions League no Real Madrid<\/figcaption><\/figure>\n\n\n\n<p class=\"wp-block-paragraph\"><\/p>\n\n\n\n<p class=\"wp-block-paragraph\">Dos quatro jogadores brasileiros do Real Madrid, apenas Vinicius Junior e Endrick foram \u00e0 Copa do Mundo na Am\u00e9rica do Norte neste ano. \u00c9der Milit\u00e3o e Rodrygo sofreram contus\u00f5es antes da \u00faltima convoca\u00e7\u00e3o e ficaram fora da lista. Ambos tinham status de titulares no trabalho de Ancelotti.<\/p>\n","protected":false},"excerpt":{"rendered":"<p>Italiano troca ideia com Jos\u00e9 Mourinho e os brasileiros do time espanhol. An\u00fancio da primeira lista do ciclo para a Copa do Mundo de 2030 \u00e9 no pr\u00f3ximo dia 9 no Rio de Janeiro<\/p>\n","protected":false},"author":31,"featured_media":36897,"comment_status":"open","ping_status":"closed","sticky":false,"template":"","format":"standard","meta":{"wpb_read_more":[],"footnotes":""},"categories":[9],"tags":[592,268,1852,1777,90,170,11,328,24,2169],"class_list":["post-36896","post","type-post","status-publish","format-standard","has-post-thumbnail","hentry","category-esporte","tag-carlo-ancelotti","tag-cbf","tag-copa-do-mundo-2030","tag-eder-militao","tag-futebol-brasileiro","tag-jose-mourinho","tag-real-madrid","tag-rodrygo","tag-selecao-brasileira","tag-vinicius-junior-2"],"_links":{"self":[{"href":"https:\/\/blogs.correiobraziliense.com.br\/dribledecorpo\/wp-json\/wp\/v2\/posts\/36896","targetHints":{"allow":["GET"]}}],"collection":[{"href":"https:\/\/blogs.correiobraziliense.com.br\/dribledecorpo\/wp-json\/wp\/v2\/posts"}],"about":[{"href":"https:\/\/blogs.correiobraziliense.com.br\/dribledecorpo\/wp-json\/wp\/v2\/types\/post"}],"author":[{"embeddable":true,"href":"https:\/\/blogs.correiobraziliense.com.br\/dribledecorpo\/wp-json\/wp\/v2\/users\/31"}],"replies":[{"embeddable":true,"href":"https:\/\/blogs.correiobraziliense.com.br\/dribledecorpo\/wp-json\/wp\/v2\/comments?post=36896"}],"version-history":[{"count":7,"href":"https:\/\/blogs.correiobraziliense.com.br\/dribledecorpo\/wp-json\/wp\/v2\/posts\/36896\/revisions"}],"predecessor-version":[{"id":36908,"href":"https:\/\/blogs.correiobraziliense.com.br\/dribledecorpo\/wp-json\/wp\/v2\/posts\/36896\/revisions\/36908"}],"wp:featuredmedia":[{"embeddable":true,"href":"https:\/\/blogs.correiobraziliense.com.br\/dribledecorpo\/wp-json\/wp\/v2\/media\/36897"}],"wp:attachment":[{"href":"https:\/\/blogs.correiobraziliense.com.br\/dribledecorpo\/wp-json\/wp\/v2\/media?parent=36896"}],"wp:term":[{"taxonomy":"category","embeddable":true,"href":"https:\/\/blogs.correiobraziliense.com.br\/dribledecorpo\/wp-json\/wp\/v2\/categories?post=36896"},{"taxonomy":"post_tag","embeddable":true,"href":"https:\/\/blogs.correiobraziliense.com.br\/dribledecorpo\/wp-json\/wp\/v2\/tags?post=36896"}],"curies":[{"name":"wp","href":"https:\/\/api.w.org\/{rel}","templated":true}]}}