{"id":36883,"date":"2026-09-03T01:40:45","date_gmt":"2026-09-03T04:40:45","guid":{"rendered":"https:\/\/blogs.correiobraziliense.com.br\/dribledecorpo\/?p=36883"},"modified":"2026-09-03T01:43:03","modified_gmt":"2026-09-03T04:43:03","slug":"inedito-todos-os-tecnicos-das-semifinais-da-copa-do-brasil-sao-estrangeiros","status":"publish","type":"post","link":"https:\/\/blogs.correiobraziliense.com.br\/dribledecorpo\/inedito-todos-os-tecnicos-das-semifinais-da-copa-do-brasil-sao-estrangeiros\/","title":{"rendered":"In\u00e9dito! Todos os t\u00e9cnicos das semifinais da Copa do Brasil s\u00e3o estrangeiros"},"content":{"rendered":"\n<p class=\"wp-block-paragraph\">A menos que aconte\u00e7a alguma mudan\u00e7a causada por resultados no Brasileir\u00e3o ou na Libertadores, as semifinais e a primeira decis\u00e3o da Copa do Brasil em jogo \u00fanico ser\u00e3o disputadas por t\u00e9cnicos estrangeiros. Na ter\u00e7a-feira, o argentino Eduardo Dom\u00ednguez classificou o Atl\u00e9tico-MG. Nesta quarta, os portugueses Abel Ferreira e Pedro Manuel confirmaram as vagas do Palmeiras e do Vasco, respectivamente. O \u00faltimo bilhete ficar\u00e1 entre o Gr\u00eamio do lusitano Luis Castro ou o Internacional do uruguaio Paulo Pezzolano.&nbsp;<\/p>\n\n\n\n<p class=\"wp-block-paragraph\">Criada em 1989, a Copa do Brasil s\u00f3 foi conquistada uma vez por treinador importado. Abel Ferreira quebrou a escrita em 2020. O Palmeiras superou o Gr\u00eamio de Renato Ga\u00facho na decis\u00e3o e colocou a bandeira de Portugal na lista dos t\u00e9cnicos campe\u00f5es.&nbsp;<\/p>\n\n\n\n<p class=\"wp-block-paragraph\">Advers\u00e1rios nas semifinais, Palmeiras e Vasco eliminaram os \u00faltimos t\u00e9cnicos brasileiros. Campe\u00e3o da Copa do Brasil em 2021 pelo Atl\u00e9tico-MG, Alexi Stival, o Cuca deu adeus ao torneio com a prancheta do Santos. O Peixe havia perdido por 3 x 0 no Nubank Parque na partida de ida. O Alvinegro Praiano escalou Neymar na tentativa de reagir, mas amargou a despedida do mata-mata nacional com 0 x 0 na Vila Belmiro.&nbsp;<\/p>\n\n\n\n<p class=\"wp-block-paragraph\">Abel Ferreira usou for\u00e7a m\u00e1xima e mant\u00e9m o sonho de uma in\u00e9dita Tr\u00edplice Coroa em 2026. O Palmeiras lidera o Campeonato Brasileiro com um ponto a mais do que o Flamengo; enfrentar\u00e1 o Vasco nas semifinais da Copa do Brasil e na pr\u00f3xima semana iniciar\u00e1 o duelo com a Liga Deportiva Universitaria do Equador na semi da Libertadores.&nbsp;<\/p>\n\n\n\n<p class=\"wp-block-paragraph\">Pedro Emanuel ajudou o Vasco a calar o Barrad\u00e3o. A exibi\u00e7\u00e3o segura do time campe\u00e3o do torneio em 2011 foi letal no segundo tempo. Vice-campe\u00e3o da Copa do Brasil em 2018 \u00e0 frente do Corinthians, Jair Ventura n\u00e3o repetiu os milagres da fase de 16 avos contra o Flamengo nem das oitavas de final na s\u00e9rie contra o Athletico-PR. O time rubro-negro at\u00e9 saiu na frente, mas o impedimento semiautom\u00e1tico acusou posi\u00e7\u00e3o irregular.<\/p>\n\n\n\n<p class=\"wp-block-paragraph\">A anula\u00e7\u00e3o murchou o Vit\u00f3ria e a torcida. O Vasco teve paci\u00eancia para suportar a press\u00e3o, colocar a bola no ch\u00e3o e aguardar o instante exato para dar o bote. Andr\u00e9s G\u00f3mez praticamente copiou-colou o gol da semana passada em S\u00e3o Janu\u00e1rio e abriu o placar. Pumita Rodr\u00edguez consolidou a terceira classifica\u00e7\u00e3o seguida para as semifinais.&nbsp;<\/p>\n\n\n\n<p class=\"wp-block-paragraph\">O Vasco foi parado pelo Atl\u00e9tico-MG em 2024. No ano passado, perdeu o t\u00edtulo para o Corinthians dentro do Maracan\u00e3. Neste ano, est\u00e1 novamente entre os quatro para uma queda de bra\u00e7o dific\u00edlima com o Palmeiras pela manuten\u00e7\u00e3o do sonho do bicampeonato.<\/p>\n\n\n\n<p class=\"wp-block-paragraph\"><\/p>\n","protected":false},"excerpt":{"rendered":"<p>O argentino Eduardo Dom\u00ednguez e os portugueses Abel Ferreira e Pedro Emanuel aguardam pelo lusitano Lu\u00eds Castro do Gr\u00eamio ou o uruguaio Paulo Pezzolano do Internacional<\/p>\n","protected":false},"author":31,"featured_media":36884,"comment_status":"open","ping_status":"closed","sticky":false,"template":"","format":"standard","meta":{"wpb_read_more":[],"footnotes":""},"categories":[9],"tags":[393,303,281,79,1350,103],"class_list":["post-36883","post","type-post","status-publish","format-standard","has-post-thumbnail","hentry","category-esporte","tag-abel-ferreira","tag-atletico-mg","tag-copa-do-brasil","tag-palmeiras","tag-tecnicos-estrangeiros","tag-vasco"],"_links":{"self":[{"href":"https:\/\/blogs.correiobraziliense.com.br\/dribledecorpo\/wp-json\/wp\/v2\/posts\/36883","targetHints":{"allow":["GET"]}}],"collection":[{"href":"https:\/\/blogs.correiobraziliense.com.br\/dribledecorpo\/wp-json\/wp\/v2\/posts"}],"about":[{"href":"https:\/\/blogs.correiobraziliense.com.br\/dribledecorpo\/wp-json\/wp\/v2\/types\/post"}],"author":[{"embeddable":true,"href":"https:\/\/blogs.correiobraziliense.com.br\/dribledecorpo\/wp-json\/wp\/v2\/users\/31"}],"replies":[{"embeddable":true,"href":"https:\/\/blogs.correiobraziliense.com.br\/dribledecorpo\/wp-json\/wp\/v2\/comments?post=36883"}],"version-history":[{"count":2,"href":"https:\/\/blogs.correiobraziliense.com.br\/dribledecorpo\/wp-json\/wp\/v2\/posts\/36883\/revisions"}],"predecessor-version":[{"id":36886,"href":"https:\/\/blogs.correiobraziliense.com.br\/dribledecorpo\/wp-json\/wp\/v2\/posts\/36883\/revisions\/36886"}],"wp:featuredmedia":[{"embeddable":true,"href":"https:\/\/blogs.correiobraziliense.com.br\/dribledecorpo\/wp-json\/wp\/v2\/media\/36884"}],"wp:attachment":[{"href":"https:\/\/blogs.correiobraziliense.com.br\/dribledecorpo\/wp-json\/wp\/v2\/media?parent=36883"}],"wp:term":[{"taxonomy":"category","embeddable":true,"href":"https:\/\/blogs.correiobraziliense.com.br\/dribledecorpo\/wp-json\/wp\/v2\/categories?post=36883"},{"taxonomy":"post_tag","embeddable":true,"href":"https:\/\/blogs.correiobraziliense.com.br\/dribledecorpo\/wp-json\/wp\/v2\/tags?post=36883"}],"curies":[{"name":"wp","href":"https:\/\/api.w.org\/{rel}","templated":true}]}}