{"id":36875,"date":"2026-09-02T12:50:00","date_gmt":"2026-09-02T15:50:00","guid":{"rendered":"https:\/\/blogs.correiobraziliense.com.br\/dribledecorpo\/?p=36875"},"modified":"2026-09-02T16:09:32","modified_gmt":"2026-09-02T19:09:32","slug":"a-294-dias-da-copa-inglaterra-debate-no-df-violencia-contra-a-mulher","status":"publish","type":"post","link":"https:\/\/blogs.correiobraziliense.com.br\/dribledecorpo\/a-294-dias-da-copa-inglaterra-debate-no-df-violencia-contra-a-mulher\/","title":{"rendered":"A 294 dias da Copa, Inglaterra debate no DF a viol\u00eancia contra a mulher"},"content":{"rendered":"\n<p class=\"wp-block-paragraph\">Atual campe\u00e3 da Eurocopa e vice do Mundial, a Inglaterra j\u00e1 est\u00e1 no clima da Copa Feminina de 2027 no Brasil. A embaixada do Reino Unido em Bras\u00edlia, uma das oito cidades-sedes da d\u00e9cima edi\u00e7\u00e3o do torneio, a partir de 24 de julho, abrir\u00e1 as portas na noite desta quarta-feira para debater quest\u00f5es ligadas \u00e0 viol\u00eancia contra as mulheres.<\/p>\n\n\n\n<p class=\"wp-block-paragraph\">Anfitri\u00e3o da Copa, o Brasil registrou 1.571 v\u00edtimas em 2025, uma alta de 4% em rela\u00e7\u00e3o ao ano anterior. Os dados s\u00e3o do Anu\u00e1rio Brasileiro de Seguran\u00e7a P\u00fablica. \u00a0\u00a0<\/p>\n\n\n\n<p class=\"wp-block-paragraph\">O encontro ser\u00e1 aberto por Juliana Agatte, Secret\u00e1ria Extraordin\u00e1ria para a Copa a Copa do Mundo de Futebol Feminina 2027. Em seguida, est\u00e1 previsto o painel Para al\u00e9m da Den\u00fancia: Construindo Solu\u00e7\u00f5es para o Enfrentamento \u00e0 Viol\u00eancia contra Mulheres e Meninas, apresentado por Juliana Nogueira, analista judici\u00e1ria do STJ e mestre em Desenvolvimento da Primeira Inf\u00e2ncia pela University College London).<\/p>\n\n\n\n<p class=\"wp-block-paragraph\">Uma das debatedoras \u00e9 Julia Pimenta, l\u00edder s\u00eanior na Common Goal. A institui\u00e7\u00e3o lidera esfor\u00e7os para transformar a Copa do Mundo Feminina 2027 em uma plataforma de impacto social e equidade de g\u00eanero. A confer\u00eancia tamb\u00e9m ter\u00e1 a presen\u00e7a de Isabella Cavalcanti, mestre em Pol\u00edticas P\u00fablicas sociais internacionais pela London School of Economics.<\/p>\n","protected":false},"excerpt":{"rendered":"<p>A secret\u00e1ria Extraordin\u00e1ria para o Mundial Feminino no Brasil e a l\u00edder da Common Goal est\u00e3o entre as convidadas do evento desta quarta-feira na Embaixada do Reino Unido<\/p>\n","protected":false},"author":31,"featured_media":36880,"comment_status":"open","ping_status":"closed","sticky":false,"template":"","format":"standard","meta":{"wpb_read_more":[],"footnotes":""},"categories":[9],"tags":[23,43,585,2165,485,2164],"class_list":["post-36875","post","type-post","status-publish","format-standard","has-post-thumbnail","hentry","category-esporte","tag-brasil","tag-copa-do-mundo","tag-copa-do-mundo-feminina-2027","tag-embaixada-do-reino-unido","tag-inglaterra","tag-violencia-contra-a-mulher"],"_links":{"self":[{"href":"https:\/\/blogs.correiobraziliense.com.br\/dribledecorpo\/wp-json\/wp\/v2\/posts\/36875","targetHints":{"allow":["GET"]}}],"collection":[{"href":"https:\/\/blogs.correiobraziliense.com.br\/dribledecorpo\/wp-json\/wp\/v2\/posts"}],"about":[{"href":"https:\/\/blogs.correiobraziliense.com.br\/dribledecorpo\/wp-json\/wp\/v2\/types\/post"}],"author":[{"embeddable":true,"href":"https:\/\/blogs.correiobraziliense.com.br\/dribledecorpo\/wp-json\/wp\/v2\/users\/31"}],"replies":[{"embeddable":true,"href":"https:\/\/blogs.correiobraziliense.com.br\/dribledecorpo\/wp-json\/wp\/v2\/comments?post=36875"}],"version-history":[{"count":4,"href":"https:\/\/blogs.correiobraziliense.com.br\/dribledecorpo\/wp-json\/wp\/v2\/posts\/36875\/revisions"}],"predecessor-version":[{"id":36879,"href":"https:\/\/blogs.correiobraziliense.com.br\/dribledecorpo\/wp-json\/wp\/v2\/posts\/36875\/revisions\/36879"}],"wp:featuredmedia":[{"embeddable":true,"href":"https:\/\/blogs.correiobraziliense.com.br\/dribledecorpo\/wp-json\/wp\/v2\/media\/36880"}],"wp:attachment":[{"href":"https:\/\/blogs.correiobraziliense.com.br\/dribledecorpo\/wp-json\/wp\/v2\/media?parent=36875"}],"wp:term":[{"taxonomy":"category","embeddable":true,"href":"https:\/\/blogs.correiobraziliense.com.br\/dribledecorpo\/wp-json\/wp\/v2\/categories?post=36875"},{"taxonomy":"post_tag","embeddable":true,"href":"https:\/\/blogs.correiobraziliense.com.br\/dribledecorpo\/wp-json\/wp\/v2\/tags?post=36875"}],"curies":[{"name":"wp","href":"https:\/\/api.w.org\/{rel}","templated":true}]}}