{"id":36864,"date":"2026-09-02T15:10:41","date_gmt":"2026-09-02T18:10:41","guid":{"rendered":"https:\/\/blogs.correiobraziliense.com.br\/dribledecorpo\/?p=36864"},"modified":"2026-09-02T16:18:23","modified_gmt":"2026-09-02T19:18:23","slug":"goleiros-viram-carta-de-intencoes-de-carlo-ancelotti-para-a-copa-de-2030","status":"publish","type":"post","link":"https:\/\/blogs.correiobraziliense.com.br\/dribledecorpo\/goleiros-viram-carta-de-intencoes-de-carlo-ancelotti-para-a-copa-de-2030\/","title":{"rendered":"Goleiros viram carta de inten\u00e7\u00f5es de Carlo Ancelotti para a Copa de 2030"},"content":{"rendered":"\n<p class=\"wp-block-paragraph\">A primeira convoca\u00e7\u00e3o de Carlo Ancelotti para os amistosos contra Austr\u00e1lia e \u00cdndia no in\u00edcio do ciclo rumo \u00e0 edi\u00e7\u00e3o centen\u00e1ria da Copa do Mundo de 2030 est\u00e1 marcada para o pr\u00f3ximo dia 9, \u00e0s 15h, na sede da Confedera\u00e7\u00e3o Brasileira de Futebol (CBF), na Barra da Tijuca, no Rio. <\/p>\n\n\n\n<p class=\"wp-block-paragraph\">Ouso dizer que os tr\u00eas primeiros nomes anunciados pelo italiano funcionar\u00e3o como balizador, uma esp\u00e9cie de carta de inten\u00e7\u00f5es do t\u00e9cnico para essa e outras posi\u00e7\u00f5es com demanda por renova\u00e7\u00e3o.<\/p>\n\n\n\n<p class=\"wp-block-paragraph\">Estamos acostumados, h\u00e1 bastante tempo, a ouvir &#8220;Alisson, Ederson e Weverton&#8221; abrindo a lista. Quase invariavelmente nessa ordem. <\/p>\n\n\n\n<p class=\"wp-block-paragraph\">Tr\u00eas grandes goleiros. Dois deles vencedores do Trof\u00e9u Lev Yashin, concedido ao melhor do mundo na posi\u00e7\u00e3o. Gratid\u00e3o ao trio pelos servi\u00e7os prestados \u00e0 Sele\u00e7\u00e3o.<\/p>\n\n\n\n<p class=\"wp-block-paragraph\">Alisson, o titular, e Ederson, reserva, foram campe\u00f5es da Copa Am\u00e9rica de 2019, no Maracan\u00e3. <\/p>\n\n\n\n<p class=\"wp-block-paragraph\">No mesmo est\u00e1dio, Weverton defendeu um p\u00eanalti e ajudou a brindar o pa\u00eds com a medalha de ouro nos Jogos Ol\u00edmpicos do Rio-2016.<\/p>\n\n\n\n<p class=\"wp-block-paragraph\">Os pr\u00f3ximos quatro anos, por\u00e9m, pedem renova\u00e7\u00e3o entre as traves.<\/p>\n\n\n\n<p class=\"wp-block-paragraph\">Carlo Ancelotti confirmou essa necessidade depois da Copa na entrevista aos colegas Cah\u00ea Mota e Felipe Brisolla no GE: <\/p>\n\n\n\n<blockquote class=\"wp-block-quote is-layout-flow wp-block-quote-is-layout-flow\">\n<p class=\"wp-block-paragraph\">&#8220;Acho que temos que observar novos goleiros. E h\u00e1 novos goleiros. H\u00e1 goleiros jovens que est\u00e3o jogando no Campeonato Brasileiro, que temos que olhar. Levando em conta as qualidades que segue tendo o Alisson, segue tendo o Ederson. A ideia \u00e9 fazer uma avalia\u00e7\u00e3o muito atenta dos novos goleiros&#8221;, afirmou.<\/p>\n<\/blockquote>\n\n\n\n<p class=\"wp-block-paragraph\">Isso em tese. Veremos na pr\u00e1tica no pr\u00f3ximo dia 9. <\/p>\n\n\n\n<p class=\"wp-block-paragraph\">Nada impede Alisson ou Ederson de disputar a Copa de 2030 caso apresentem padr\u00e3o de excel\u00eancia at\u00e9 l\u00e1. Dino Zoff foi o capit\u00e3o da It\u00e1lia em 1982 e ergueu a Copa aos 40 anos, quatro meses e 13 dias. Seria at\u00e9 natural. <\/p>\n\n\n\n<p class=\"wp-block-paragraph\">Mas chegou a hora de Ancelotti e do preparador de goleiros Taffarel oferecerem rodagem a uma nova gera\u00e7\u00e3o. Cabe ao torcedor o m\u00ednimo de paci\u00eancia com os candidatos at\u00e9 o primeiro grande teste do ciclo: a Copa de 2028.<\/p>\n\n\n\n<p class=\"wp-block-paragraph\">H\u00e1 alguns pontos de partida.<\/p>\n\n\n\n<p class=\"wp-block-paragraph\">Taffarel tem investido em Bento. Ancelotti aprecia Hugo Souza. <\/p>\n\n\n\n<p class=\"wp-block-paragraph\">O italiano enxerga no goleiro do Corinthians caracter\u00edsticas de Dida, personagem especial de duas conquistas da Champions League sob o comando dele: em 2003, na decis\u00e3o contra a Juventus, com direito a defesa de p\u00eanalti do baiano, e em 2007, diante do Liverpool.<\/p>\n\n\n\n<p class=\"wp-block-paragraph\">Antes da Copa do Mundo de 2026, Ancelotti tamb\u00e9m convocou John, atualmente reserva do Nottingham Forest, da Inglaterra.<\/p>\n\n\n\n<p class=\"wp-block-paragraph\">Outros jovens come\u00e7am a chamar a aten\u00e7\u00e3o. Titular do Cruzeiro, Ot\u00e1vio foi o n\u00famero 1 do Brasil no Mundial Sub-20 do ano passado, no Chile. Aproveitou a aus\u00eancia do experiente C\u00e1ssio para cuidar bem da meta celeste.<\/p>\n\n\n\n<p class=\"wp-block-paragraph\">Na Europa, Kau\u00e3 Santos ganha experi\u00eancia vinculado ao Eintracht Frankfurt, da Alemanha. Micael parecia despontar no Athletico-PR, mas perdeu espa\u00e7o para Santos. Pedro Morisco, do Coritiba, tamb\u00e9m merece aten\u00e7\u00e3o. L\u00e9o Nannetti chegou a treinar com a Sele\u00e7\u00e3o nos Estados Unidos, embora seja atualmente o terceiro goleiro do Flamengo.<\/p>\n\n\n\n<p class=\"wp-block-paragraph\">Ancelotti tamb\u00e9m pode optar por uma faixa intermedi\u00e1ria. Nem t\u00e3o jovens, nem veteranos demais para a fun\u00e7\u00e3o.<\/p>\n\n\n\n<p class=\"wp-block-paragraph\">Carlos Miguel, do Palmeiras; L\u00e9o Jardim, do Vasco; Gabriel Braz\u00e3o, do Santos; Lucas Perri, do Torino; e Luiz J\u00fanior, do Villarreal, ampliam o leque de possibilidades.<\/p>\n\n\n\n<p class=\"wp-block-paragraph\">A primeira lista do novo ciclo dir\u00e1 muito mais do que simplesmente quais ser\u00e3o os tr\u00eas goleiros chamados. Poder\u00e1 revelar se Ancelotti pretende preservar a hierarquia constru\u00edda durante anos ou se considera chegada a hora de iniciar, definitivamente, a sucess\u00e3o.<\/p>\n\n\n\n<p class=\"wp-block-paragraph\">A resposta come\u00e7ar\u00e1 pelas m\u00e3os.<\/p>\n","protected":false},"excerpt":{"rendered":"<p>Marcada para o pr\u00f3ximo dia 9, a primeira convoca\u00e7\u00e3o do novo ciclo indicar\u00e1 se o t\u00e9cnico italiano iniciar\u00e1 a renova\u00e7\u00e3o no gol ou manter\u00e1 a hierarquia dos \u00faltimos dois mundiais<\/p>\n","protected":false},"author":31,"featured_media":36871,"comment_status":"open","ping_status":"closed","sticky":false,"template":"","format":"standard","meta":{"wpb_read_more":[],"footnotes":""},"categories":[9],"tags":[1163,2163,592,1852,782,752,24,1356,1182],"class_list":["post-36864","post","type-post","status-publish","format-standard","has-post-thumbnail","hentry","category-esporte","tag-alisson","tag-bento","tag-carlo-ancelotti","tag-copa-do-mundo-2030","tag-ederson","tag-hugo-souza","tag-selecao-brasileira","tag-taffarel","tag-weverton"],"_links":{"self":[{"href":"https:\/\/blogs.correiobraziliense.com.br\/dribledecorpo\/wp-json\/wp\/v2\/posts\/36864","targetHints":{"allow":["GET"]}}],"collection":[{"href":"https:\/\/blogs.correiobraziliense.com.br\/dribledecorpo\/wp-json\/wp\/v2\/posts"}],"about":[{"href":"https:\/\/blogs.correiobraziliense.com.br\/dribledecorpo\/wp-json\/wp\/v2\/types\/post"}],"author":[{"embeddable":true,"href":"https:\/\/blogs.correiobraziliense.com.br\/dribledecorpo\/wp-json\/wp\/v2\/users\/31"}],"replies":[{"embeddable":true,"href":"https:\/\/blogs.correiobraziliense.com.br\/dribledecorpo\/wp-json\/wp\/v2\/comments?post=36864"}],"version-history":[{"count":8,"href":"https:\/\/blogs.correiobraziliense.com.br\/dribledecorpo\/wp-json\/wp\/v2\/posts\/36864\/revisions"}],"predecessor-version":[{"id":36882,"href":"https:\/\/blogs.correiobraziliense.com.br\/dribledecorpo\/wp-json\/wp\/v2\/posts\/36864\/revisions\/36882"}],"wp:featuredmedia":[{"embeddable":true,"href":"https:\/\/blogs.correiobraziliense.com.br\/dribledecorpo\/wp-json\/wp\/v2\/media\/36871"}],"wp:attachment":[{"href":"https:\/\/blogs.correiobraziliense.com.br\/dribledecorpo\/wp-json\/wp\/v2\/media?parent=36864"}],"wp:term":[{"taxonomy":"category","embeddable":true,"href":"https:\/\/blogs.correiobraziliense.com.br\/dribledecorpo\/wp-json\/wp\/v2\/categories?post=36864"},{"taxonomy":"post_tag","embeddable":true,"href":"https:\/\/blogs.correiobraziliense.com.br\/dribledecorpo\/wp-json\/wp\/v2\/tags?post=36864"}],"curies":[{"name":"wp","href":"https:\/\/api.w.org\/{rel}","templated":true}]}}