{"id":36833,"date":"2026-09-01T10:03:37","date_gmt":"2026-09-01T13:03:37","guid":{"rendered":"https:\/\/blogs.correiobraziliense.com.br\/dribledecorpo\/?p=36833"},"modified":"2026-09-01T10:52:55","modified_gmt":"2026-09-01T13:52:55","slug":"coalizao-do-esporte-vai-ao-congresso-contra-corte-de-r-500-milhoes","status":"publish","type":"post","link":"https:\/\/blogs.correiobraziliense.com.br\/dribledecorpo\/coalizao-do-esporte-vai-ao-congresso-contra-corte-de-r-500-milhoes\/","title":{"rendered":"Coaliz\u00e3o do esporte vai ao Congresso contra corte de R$ 500 milh\u00f5es"},"content":{"rendered":"\n<p class=\"wp-block-paragraph\">O esporte brasileiro se mobiliza nesta ter\u00e7a-feira nos corredores do Congresso Nacional para impedir que a conta do fortalecimento da seguran\u00e7a p\u00fablica seja paga com recursos destinados \u00e0 forma\u00e7\u00e3o de atletas. Uma caravana formada pelo Comit\u00ea Ol\u00edmpico do Brasil (COB), Comit\u00ea Paral\u00edmpico Brasileiro (CPB), Comit\u00ea Brasileiro de Clubes (CBC), times de futebol e outras entidades do setor tentar\u00e1 convencer parlamentares a barrar a perda de cerca de R$ 500 milh\u00f5es por ano nas categorias de forma\u00e7\u00e3o do pa\u00eds.<\/p>\n\n\n\n<p class=\"wp-block-paragraph\">A for\u00e7a-tarefa \u00e9 uma rea\u00e7\u00e3o ao texto aprovado pela C\u00e2mara dos Deputados que altera a destina\u00e7\u00e3o dos recursos arrecadados com as apostas esportivas de quota fixa, as chamadas bets. A proposta reduz de 12% para 8,4% a parcela social dos recursos, direcionando parte da arrecada\u00e7\u00e3o para fundos de seguran\u00e7a p\u00fablica.<\/p>\n\n\n\n<p class=\"wp-block-paragraph\">A preocupa\u00e7\u00e3o da comunidade esportiva est\u00e1 principalmente nos reflexos para a forma\u00e7\u00e3o de atletas. Para entidades e clubes, a redu\u00e7\u00e3o pode comprometer projetos respons\u00e1veis pela descoberta e pelo desenvolvimento de talentos, al\u00e9m da manuten\u00e7\u00e3o de modalidades ol\u00edmpicas e paral\u00edmpicas e de estruturas de forma\u00e7\u00e3o espalhadas pelo pa\u00eds.<\/p>\n\n\n\n<p class=\"wp-block-paragraph\">Nos bastidores, a coaliz\u00e3o articula alternativas para impedir que as \u00e1reas sociais sofram os cortes. Uma delas \u00e9 a Emenda n\u00ba 22, proposta pela senadora Damares Alves (Republicanos-DF). A parlamentar defende a supress\u00e3o do artigo 139, dispositivo relacionado \u00e0 redu\u00e7\u00e3o de 30% dos recursos.<\/p>\n\n\n\n<p class=\"wp-block-paragraph\">\u201cO Brasil discute como reduzir os danos que as apostas de quota fixa v\u00eam causando \u00e0s fam\u00edlias. O artigo 139 do Ato das Disposi\u00e7\u00f5es Constitucionais Transit\u00f3rias, na reda\u00e7\u00e3o dada pela proposta, caminha na dire\u00e7\u00e3o oposta: em vez de conter esses danos, eleva as bets ao status constitucional\u201d, defende Damares Alves.<\/p>\n\n\n\n<p class=\"wp-block-paragraph\"><strong>Esporte como parte da solu\u00e7\u00e3o<\/strong><\/p>\n\n\n\n<p class=\"wp-block-paragraph\">Um dos l\u00edderes da mobiliza\u00e7\u00e3o no Congresso, o Comit\u00ea Ol\u00edmpico do Brasil se posiciona sobre o tema. \u201cO COB n\u00e3o \u00e9 contra a PEC da Seguran\u00e7a P\u00fablica. Um dos pilares da nossa gest\u00e3o, que luta pela constru\u00e7\u00e3o de uma Na\u00e7\u00e3o Esportiva, \u00e9 ter o esporte como pilar de pol\u00edticas p\u00fablicas como seguran\u00e7a, sa\u00fade e educa\u00e7\u00e3o. O mundo inteiro reconhece o esporte como uma das melhores ferramentas de preven\u00e7\u00e3o \u00e0 viol\u00eancia, e no Brasil n\u00e3o pode ser diferente. Queremos seguir fazendo parte dessa solu\u00e7\u00e3o que a sociedade tanto anseia, mas n\u00e3o com cortes num investimento j\u00e1 aprovado, n\u00e3o pagando a conta\u201d, argumenta o presidente do COB, Marco La Porta, em entrevista ao <strong>blog<\/strong>.<\/p>\n\n\n\n<p class=\"wp-block-paragraph\">O Comit\u00ea Paral\u00edmpico Brasileiro adota linha semelhante e chama aten\u00e7\u00e3o para o impacto do corte sobre pol\u00edticas de inclus\u00e3o. \u201cO Comit\u00ea Paral\u00edmpico Brasileiro reconhece a urg\u00eancia de fortalecer a seguran\u00e7a p\u00fablica e o combate ao crime organizado, mas n\u00e3o considera razo\u00e1vel que esse avan\u00e7o enfraque\u00e7a o esporte nacional. A PEC, na forma aprovada pela C\u00e2mara, pode retirar cerca de R$ 500 milh\u00f5es por ano do setor. O corte atingir\u00e1 a forma\u00e7\u00e3o de atletas e projetos que promovem a inclus\u00e3o de milhares de crian\u00e7as e jovens com defici\u00eancia por meio do esporte\u201d, afirma Jos\u00e9 Ant\u00f4nio Freire, presidente do CPB.<\/p>\n\n\n\n<p class=\"wp-block-paragraph\">Para o dirigente, o esporte tamb\u00e9m deve ser considerado parte da estrat\u00e9gia de preven\u00e7\u00e3o \u00e0 viol\u00eancia. \u201cO esporte previne a viol\u00eancia, fortalece comunidades e protege crian\u00e7as e adolescentes. O Senado ainda pode corrigir essa distor\u00e7\u00e3o, preservar as destina\u00e7\u00f5es sociais e atribuir \u00e0 pr\u00f3pria atividade econ\u00f4mica das apostas o esfor\u00e7o adicional para financiar a seguran\u00e7a. Uma pol\u00edtica p\u00fablica essencial n\u00e3o deve avan\u00e7ar \u00e0 custa de outra\u201d, acrescenta Freire.<\/p>\n\n\n\n<p class=\"wp-block-paragraph\">O Comit\u00ea Brasileiro de Clubes tamb\u00e9m tem posi\u00e7\u00e3o clara sobre o impasse. Para a entidade, o debate n\u00e3o deveria colocar duas pol\u00edticas p\u00fablicas essenciais em lados opostos. \u201cN\u00e3o se trata de escolher entre esporte e seguran\u00e7a p\u00fablica. O pa\u00eds precisa das duas pol\u00edticas. O que n\u00e3o se pode admitir \u00e9 que o fortalecimento de uma \u00e1rea ocorra com a retirada de recursos que sustentam a forma\u00e7\u00e3o esportiva e o trabalho di\u00e1rio dos clubes. S\u00e3o eles que formam a base do esporte nacional e desenvolvem os atletas que representam o Brasil\u201d, afirma Paulo Maciel, presidente do CBC.<\/p>\n\n\n\n<p class=\"wp-block-paragraph\">O Flamengo tamb\u00e9m se manifestou sobre o tema. Em nota, o clube alertou que a retirada dos recursos pode prejudicar a manuten\u00e7\u00e3o e o desenvolvimento das modalidades ol\u00edmpicas. A c\u00fapula rubro-negra declarou apoio ao fortalecimento da seguran\u00e7a p\u00fablica e \u00e0 amplia\u00e7\u00e3o dos recursos destinados \u00e0 \u00e1rea, mas ressaltou que esse aumento n\u00e3o deveria ocorrer \u00e0s custas do financiamento do esporte.<\/p>\n\n\n\n<p class=\"wp-block-paragraph\">Clubes paulistas e o Sindi Clubes manifestaram preocupa\u00e7\u00e3o semelhante e alertaram para os riscos \u00e0 sustentabilidade das agremia\u00e7\u00f5es e dos projetos esportivos diante da depend\u00eancia de parte delas dessa fonte de financiamento.<\/p>\n\n\n\n<p class=\"wp-block-paragraph\">A mobiliza\u00e7\u00e3o levar\u00e1 ao Congresso uma mensagem comum: n\u00e3o se trata de escolher entre esporte e seguran\u00e7a p\u00fablica. As duas \u00e1reas s\u00e3o fundamentais para o pa\u00eds. Para a coaliz\u00e3o, o fortalecimento de uma pol\u00edtica p\u00fablica n\u00e3o deveria exigir o enfraquecimento da outra. O argumento \u00e9 refor\u00e7ado pela pr\u00f3pria fun\u00e7\u00e3o social atribu\u00edda ao esporte: al\u00e9m de formar atletas, a atividade contribui para educa\u00e7\u00e3o, inclus\u00e3o social, sa\u00fade e preven\u00e7\u00e3o \u00e0 viol\u00eancia.<\/p>\n\n\n\n<p class=\"wp-block-paragraph\">&#8220;\u00c9 uma corrente em defesa do esporte. Vamos nos mobilizar para mostrar aos nossos senadores que esporte \u00e9 seguran\u00e7a p\u00fablica, \u00e9 preven\u00e7\u00e3o \u00e0 viol\u00eancia e \u00e9 preciso ser visto como um pilar na constru\u00e7\u00e3o de um Brasil mais seguro&#8221;, endossa Jos\u00e9 Roberto Guimar\u00e3es, t\u00e9cnico da Sele\u00e7\u00e3o Brasileira feminina de v\u00f4lei. <\/p>\n","protected":false},"excerpt":{"rendered":"<p>COB, CPB, CBC, clubes e entidades pressionam o Senado para preservar recursos destinados \u00e0 forma\u00e7\u00e3o, inclus\u00e3o e desenvolvimento de atletas<\/p>\n","protected":false},"author":31,"featured_media":36837,"comment_status":"open","ping_status":"closed","sticky":false,"template":"","format":"standard","meta":{"wpb_read_more":[],"footnotes":""},"categories":[9],"tags":[2150,2161,2159,732,2158,2157,2151,2149,1515,2153,2152,2155,2160,2148,2154,2156],"class_list":["post-36833","post","type-post","status-publish","format-standard","has-post-thumbnail","hentry","category-esporte","tag-apostas-esportivas","tag-bets","tag-cbc","tag-cob","tag-congresso-nacional","tag-cpb","tag-damares-alves","tag-esporte-brasileiro","tag-esporte-olimpico","tag-esporte-paralimpico","tag-formacao-de-atletas","tag-jose-antonio-freire","tag-marco-la-porta","tag-pec-da-seguranca-publica","tag-seguranca-publica","tag-senado-federal"],"_links":{"self":[{"href":"https:\/\/blogs.correiobraziliense.com.br\/dribledecorpo\/wp-json\/wp\/v2\/posts\/36833","targetHints":{"allow":["GET"]}}],"collection":[{"href":"https:\/\/blogs.correiobraziliense.com.br\/dribledecorpo\/wp-json\/wp\/v2\/posts"}],"about":[{"href":"https:\/\/blogs.correiobraziliense.com.br\/dribledecorpo\/wp-json\/wp\/v2\/types\/post"}],"author":[{"embeddable":true,"href":"https:\/\/blogs.correiobraziliense.com.br\/dribledecorpo\/wp-json\/wp\/v2\/users\/31"}],"replies":[{"embeddable":true,"href":"https:\/\/blogs.correiobraziliense.com.br\/dribledecorpo\/wp-json\/wp\/v2\/comments?post=36833"}],"version-history":[{"count":5,"href":"https:\/\/blogs.correiobraziliense.com.br\/dribledecorpo\/wp-json\/wp\/v2\/posts\/36833\/revisions"}],"predecessor-version":[{"id":36842,"href":"https:\/\/blogs.correiobraziliense.com.br\/dribledecorpo\/wp-json\/wp\/v2\/posts\/36833\/revisions\/36842"}],"wp:featuredmedia":[{"embeddable":true,"href":"https:\/\/blogs.correiobraziliense.com.br\/dribledecorpo\/wp-json\/wp\/v2\/media\/36837"}],"wp:attachment":[{"href":"https:\/\/blogs.correiobraziliense.com.br\/dribledecorpo\/wp-json\/wp\/v2\/media?parent=36833"}],"wp:term":[{"taxonomy":"category","embeddable":true,"href":"https:\/\/blogs.correiobraziliense.com.br\/dribledecorpo\/wp-json\/wp\/v2\/categories?post=36833"},{"taxonomy":"post_tag","embeddable":true,"href":"https:\/\/blogs.correiobraziliense.com.br\/dribledecorpo\/wp-json\/wp\/v2\/tags?post=36833"}],"curies":[{"name":"wp","href":"https:\/\/api.w.org\/{rel}","templated":true}]}}