{"id":36822,"date":"2026-09-01T01:44:19","date_gmt":"2026-09-01T04:44:19","guid":{"rendered":"https:\/\/blogs.correiobraziliense.com.br\/dribledecorpo\/?p=36822"},"modified":"2026-09-01T02:36:58","modified_gmt":"2026-09-01T05:36:58","slug":"brasiliense-faz-oferta-por-gustavo-cartaxo-diretor-de-futebol-do-abc","status":"publish","type":"post","link":"https:\/\/blogs.correiobraziliense.com.br\/dribledecorpo\/brasiliense-faz-oferta-por-gustavo-cartaxo-diretor-de-futebol-do-abc\/","title":{"rendered":"Brasiliense faz oferta por Gustavo Cartaxo, diretor de futebol do ABC"},"content":{"rendered":"\n<p class=\"wp-block-paragraph\">O Brasiliense negocia com um ex-dirigente do Capital para a temporada de 2027. O <strong>blog Drible de Corpo<\/strong> apurou que o diretor de futebol do ABC-RN, Gustavo Cartaxo, \u00e9 o alvo do time candango para a montagem do projeto para o Candang\u00e3o, Copa Verde e S\u00e9rie D. &nbsp;<\/p>\n\n\n\n<p class=\"wp-block-paragraph\">Depois da passagem pelo tricolor do Distrito Federal, o executivo retornou a Natal em setembro de 2025 e \u00e9 um dos respons\u00e1veis pelo acesso do time potiguar da S\u00e9rie D para a C do Campeonato Brasileiro com Gama, ASA-AL e Uberl\u00e2ndia. O ABC foi eliminado pelo Uberl\u00e2ndia no fim de semana nas semifinais da quarta divis\u00e3o.<\/p>\n\n\n\n<p class=\"wp-block-paragraph\">A apura\u00e7\u00e3o indica que o Brasiliense est\u00e1 disposto a investir pesado para tirar Gustavo Cartaxo do ABC. A oferta \u00e9 praticamente o dobro do que ele recebe no ABC. A sondagem inclui benef\u00edcios como moradia e carro no Distrito Federal.<\/p>\n\n\n\n<p class=\"wp-block-paragraph\">O <em>Drible de Corpo<\/em> entrou em contato com Gustavo Cartaxo. Sincero e transparente, o dirigente admite ter recebido convite do Brasiliense, mas respeita o acordo vigente com o ABC.<\/p>\n\n\n\n<blockquote class=\"wp-block-quote is-layout-flow wp-block-quote-is-layout-flow\">\n<p class=\"wp-block-paragraph\">\u201cFui procurado, recebi uma sondagem, mas nada definitivo. At\u00e9 porque eu tenho contrato ainda aqui (no ABC). Recebi uma proposta. Estamos conversando\u201d, respondeu ao <strong>blog<\/strong>.<\/p>\n<\/blockquote>\n\n\n\n<p class=\"wp-block-paragraph\">Gustavo Cartaxo iniciou a carreira executiva no ABC. Foi bicampe\u00e3o do Rio Grande do Norte nas edi\u00e7\u00f5es de 2020 e de 2022, participou do acesso da S\u00e9rie D para a C, em 2021, e da C para a B, em 2022. <\/p>\n\n\n\n<p class=\"wp-block-paragraph\">No Capital, montou os elencos finalistas do Campeonato do Distrito Federal em 2024 e em 2025. Sob a ger\u00eancia dele, o Capital se classificou pela primeira vez para competi\u00e7\u00f5es nacionais: a Copa do Brasil e a S\u00e9rie D do Campeonato Brasileiro.<\/p>\n\n\n\n<p class=\"wp-block-paragraph\">Em abstin\u00eancia desde 2022 no Candang\u00e3o, o Brasiliense sequer chegou \u00e0s semifinais em 2026. O time tamb\u00e9m colecionou elimina\u00e7\u00f5es precoces na Copa Verde e na S\u00e9rie D do Campeonato Brasileiro.<\/p>\n\n\n\n<p class=\"wp-block-paragraph\">Como se n\u00e3o bastassem os insucessos em s\u00e9rie, o time viu o arquirrival Gama conquistar o bicampeonato dom\u00e9stico e tirar o Distrito Federal da \u00faltima divis\u00e3o para a terceira depois de 13 anos.\u00a0 A \u00faltima participa\u00e7\u00e3o na S\u00e9rie C havia sido em 2013, quando o Brasiliense caiu para o fundo do po\u00e7o e consolidou o calv\u00e1rio dos times da capital no cen\u00e1rio nacional.<\/p>\n","protected":false},"excerpt":{"rendered":"<p>Ex-dirigente do Capital \u00e9 o respons\u00e1vel pela montagem do elenco alvinegro no acesso do time potiguar da S\u00e9rie D para a C. Ele admite o convite do time do DF, mas ressalta contrato vigente<\/p>\n","protected":false},"author":31,"featured_media":36823,"comment_status":"open","ping_status":"closed","sticky":false,"template":"","format":"standard","meta":{"wpb_read_more":[],"footnotes":""},"categories":[9],"tags":[2146,289,512,2147,910,291],"class_list":["post-36822","post","type-post","status-publish","format-standard","has-post-thumbnail","hentry","category-esporte","tag-abc","tag-brasiliense","tag-capital","tag-gustavo-cartaxo","tag-mercado-da-bola","tag-serie-d"],"_links":{"self":[{"href":"https:\/\/blogs.correiobraziliense.com.br\/dribledecorpo\/wp-json\/wp\/v2\/posts\/36822","targetHints":{"allow":["GET"]}}],"collection":[{"href":"https:\/\/blogs.correiobraziliense.com.br\/dribledecorpo\/wp-json\/wp\/v2\/posts"}],"about":[{"href":"https:\/\/blogs.correiobraziliense.com.br\/dribledecorpo\/wp-json\/wp\/v2\/types\/post"}],"author":[{"embeddable":true,"href":"https:\/\/blogs.correiobraziliense.com.br\/dribledecorpo\/wp-json\/wp\/v2\/users\/31"}],"replies":[{"embeddable":true,"href":"https:\/\/blogs.correiobraziliense.com.br\/dribledecorpo\/wp-json\/wp\/v2\/comments?post=36822"}],"version-history":[{"count":8,"href":"https:\/\/blogs.correiobraziliense.com.br\/dribledecorpo\/wp-json\/wp\/v2\/posts\/36822\/revisions"}],"predecessor-version":[{"id":36832,"href":"https:\/\/blogs.correiobraziliense.com.br\/dribledecorpo\/wp-json\/wp\/v2\/posts\/36822\/revisions\/36832"}],"wp:featuredmedia":[{"embeddable":true,"href":"https:\/\/blogs.correiobraziliense.com.br\/dribledecorpo\/wp-json\/wp\/v2\/media\/36823"}],"wp:attachment":[{"href":"https:\/\/blogs.correiobraziliense.com.br\/dribledecorpo\/wp-json\/wp\/v2\/media?parent=36822"}],"wp:term":[{"taxonomy":"category","embeddable":true,"href":"https:\/\/blogs.correiobraziliense.com.br\/dribledecorpo\/wp-json\/wp\/v2\/categories?post=36822"},{"taxonomy":"post_tag","embeddable":true,"href":"https:\/\/blogs.correiobraziliense.com.br\/dribledecorpo\/wp-json\/wp\/v2\/tags?post=36822"}],"curies":[{"name":"wp","href":"https:\/\/api.w.org\/{rel}","templated":true}]}}