{"id":36813,"date":"2026-08-28T02:38:09","date_gmt":"2026-08-28T05:38:09","guid":{"rendered":"https:\/\/blogs.correiobraziliense.com.br\/dribledecorpo\/?p=36813"},"modified":"2026-08-28T02:42:47","modified_gmt":"2026-08-28T05:42:47","slug":"gre-nal-453-de-onde-menos-se-espera-nada-sai-nem-na-copa-do-brasil","status":"publish","type":"post","link":"https:\/\/blogs.correiobraziliense.com.br\/dribledecorpo\/gre-nal-453-de-onde-menos-se-espera-nada-sai-nem-na-copa-do-brasil\/","title":{"rendered":"Gre-Nal 453: de onde menos se espera, nada sai nem na Copa do Brasil"},"content":{"rendered":"\n<p class=\"wp-block-paragraph\">\u201cDe onde menos se espera, da\u00ed \u00e9 que n\u00e3o sai nada\u201d. A frase atribu\u00edda ao jornalista, escritor e humorista brasileiro Apar\u00edcio Torelly, o Bar\u00e3o de Itarar\u00e9, resume o empate por 0 x 0 entre Gr\u00eamio e Internacional na noite dessa quinta-feira no Est\u00e1dio Beira-Rio, em Porto Alegre, no primeiro duelo das quartas de final da Copa do Brasil. O Gre-Nal 453 retratou a vida como ela \u00e9 de dois clubes presos a um passado do qual n\u00e3o conseguem se libertar.<\/p>\n\n\n\n<p class=\"wp-block-paragraph\">Antes do jogo, o encontro entre os diretores Abel Braga, Luiz Felipe Scolari e Muricy Ramalho matava colorados e tricolores de saudade. Abel\u00e3o levou o Internacional ao primeiro t\u00edtulo na Libertadores h\u00e1 20 anos e ao in\u00e9dito Mundial na mesma temporada. Felip\u00e3o brindou o Gr\u00eamio com o bicampeonato continental em 1996. Faz 30 anos. Muricy deixou duas ta\u00e7as de Estadual no Beira-Rio nas edi\u00e7\u00f5es de 2003 e de 2005. Ele \u00e9 muito querido por l\u00e1.<\/p>\n\n\n\n<p class=\"wp-block-paragraph\">O Rio Grande do Sul n\u00e3o ganha o Campeonato Brasileiro desde 1996, quando o Gr\u00eamio superou a Portuguesa no tempo em que havia final. O futebol ga\u00facho n\u00e3o vence a Copa do Brasil h\u00e1 quase uma d\u00e9cada. O Gr\u00eamio de Renato derrotou o Cruzeiro na decis\u00e3o de 2016.<\/p>\n\n\n\n<p class=\"wp-block-paragraph\">A julgar pelo que os dois times apresentaram no Beira-Rio, as escritas ser\u00e3o atualizadas. Nem os torcedores mais otimistas esperavam espet\u00e1culo de duas equipes atra\u00eddas pela zona do rebaixamento na S\u00e9rie A. O Gr\u00eamio \u00e9 15\u00ba. O Internacional \u00e9 o primeiro fora do Z4.<\/p>\n\n\n\n<p class=\"wp-block-paragraph\">Outro indicador terr\u00edvel antes do cl\u00e1ssico era o n\u00famero de gols marcados no Brasileir\u00e3o. Gr\u00eamio e Internacional balan\u00e7aram a rede 24 vezes cada um. S\u00e3o os piores ataques ao lado do Vasco e da Chapecoense. Quem pagou ingresso na expectativa de ver pelo menos um gol deveria ter direito a reembolso do ingresso. O n\u00edvel da partida foi muito baixo e pode ser traduzido em n\u00fameros: 43 faltas. Quatro cart\u00f5es amarelos.<\/p>\n\n\n\n<p class=\"wp-block-paragraph\">O lance mais falado do cl\u00e1ssico n\u00e3o \u00e9 uma bola na trave, uma defesa milagrosa de Matheus Cunha ou de Weverton e muito menos um p\u00eanalti duvidoso. A pol\u00eamica diz respeito a um poss\u00edvel erro de arbitragem. O Internacional considera que o centroavante Carlos Vin\u00edcius deveria ter sido expulso no fim do primeiro tempo. Ele j\u00e1 tinha cart\u00e3o amarelo. O \u00e1rbitro catarinense Ramon Abatti Abel interpretou que n\u00e3o \u2014 e o manteve dentro das quatro linhas.<\/p>\n\n\n\n<p class=\"wp-block-paragraph\">Quando uma expuls\u00e3o \u00e9 o tema da \u201cflauta\u201d em Porto Alegre depois de um Gre-Nal, algo precisa ser feito para que o menino futebol respire no jogo da volta na pr\u00f3xima quinta, na Arena do Gr\u00eamio. A perspectiva \u00e9 a pior poss\u00edvel. Com a crueldade de uma poss\u00edvel decis\u00e3o por p\u00eanaltis para apontar o advers\u00e1rio de Atl\u00e9tico ou Cruzeiro. Pior do que est\u00e1 n\u00e3o fica.<\/p>\n\n\n\n<p class=\"wp-block-paragraph\"><strong>Quartas de final<\/strong><\/p>\n\n\n\n<p class=\"wp-block-paragraph\"><strong>Jogos de ida<\/strong><\/p>\n\n\n\n<p class=\"wp-block-paragraph\">Cruzeiro 1 x 1 Atl\u00e9tico<\/p>\n\n\n\n<p class=\"wp-block-paragraph\">Internacional 0 x 0 Gr\u00eamio<\/p>\n\n\n\n<p class=\"wp-block-paragraph\">Palmeiras 3 x 0 Santos<\/p>\n\n\n\n<p class=\"wp-block-paragraph\">Vasco 1 x 0 Vit\u00f3ria<\/p>\n","protected":false},"excerpt":{"rendered":"<p>Primeiro jogo das quartas de final foi o reflexo do que se v\u00ea no Brasileir\u00e3o: os piores ataques da S\u00e9rie A n\u00e3o balan\u00e7am a rede sequer em uma partida de mata-mata nacional<\/p>\n","protected":false},"author":31,"featured_media":36816,"comment_status":"open","ping_status":"closed","sticky":false,"template":"","format":"standard","meta":{"wpb_read_more":[],"footnotes":""},"categories":[9],"tags":[],"class_list":["post-36813","post","type-post","status-publish","format-standard","has-post-thumbnail","hentry","category-esporte"],"_links":{"self":[{"href":"https:\/\/blogs.correiobraziliense.com.br\/dribledecorpo\/wp-json\/wp\/v2\/posts\/36813","targetHints":{"allow":["GET"]}}],"collection":[{"href":"https:\/\/blogs.correiobraziliense.com.br\/dribledecorpo\/wp-json\/wp\/v2\/posts"}],"about":[{"href":"https:\/\/blogs.correiobraziliense.com.br\/dribledecorpo\/wp-json\/wp\/v2\/types\/post"}],"author":[{"embeddable":true,"href":"https:\/\/blogs.correiobraziliense.com.br\/dribledecorpo\/wp-json\/wp\/v2\/users\/31"}],"replies":[{"embeddable":true,"href":"https:\/\/blogs.correiobraziliense.com.br\/dribledecorpo\/wp-json\/wp\/v2\/comments?post=36813"}],"version-history":[{"count":5,"href":"https:\/\/blogs.correiobraziliense.com.br\/dribledecorpo\/wp-json\/wp\/v2\/posts\/36813\/revisions"}],"predecessor-version":[{"id":36820,"href":"https:\/\/blogs.correiobraziliense.com.br\/dribledecorpo\/wp-json\/wp\/v2\/posts\/36813\/revisions\/36820"}],"wp:featuredmedia":[{"embeddable":true,"href":"https:\/\/blogs.correiobraziliense.com.br\/dribledecorpo\/wp-json\/wp\/v2\/media\/36816"}],"wp:attachment":[{"href":"https:\/\/blogs.correiobraziliense.com.br\/dribledecorpo\/wp-json\/wp\/v2\/media?parent=36813"}],"wp:term":[{"taxonomy":"category","embeddable":true,"href":"https:\/\/blogs.correiobraziliense.com.br\/dribledecorpo\/wp-json\/wp\/v2\/categories?post=36813"},{"taxonomy":"post_tag","embeddable":true,"href":"https:\/\/blogs.correiobraziliense.com.br\/dribledecorpo\/wp-json\/wp\/v2\/tags?post=36813"}],"curies":[{"name":"wp","href":"https:\/\/api.w.org\/{rel}","templated":true}]}}