{"id":36806,"date":"2026-08-27T01:34:00","date_gmt":"2026-08-27T04:34:00","guid":{"rendered":"https:\/\/blogs.correiobraziliense.com.br\/dribledecorpo\/?p=36806"},"modified":"2026-08-27T11:44:47","modified_gmt":"2026-08-27T14:44:47","slug":"a-vida-pos-allan-arias-e-giay-apresentam-o-novo-lado-direito-do-palmeiras","status":"publish","type":"post","link":"https:\/\/blogs.correiobraziliense.com.br\/dribledecorpo\/a-vida-pos-allan-arias-e-giay-apresentam-o-novo-lado-direito-do-palmeiras\/","title":{"rendered":"A vida p\u00f3s-Allan: Arias e Giay apresentam o novo lado direito do Palmeiras"},"content":{"rendered":"\n<p class=\"wp-block-paragraph\">A primeira exibi\u00e7\u00e3o do Palmeiras depois da venda de Allan para o Manchester City por 40 milh\u00f5es de euros pode ser considerada um calmante para a torcida alviverde. O maior questionamento antes da vit\u00f3ria por 3 x 0 contra o Santos no duelo de ida pelas quartas de final da Copa do Brasil era como funcionaria o lado direito do ataque sem ele.&nbsp;<\/p>\n\n\n\n<p class=\"wp-block-paragraph\">Em tese, a resposta era \u00f3bvia, mas os \u201cs\u00e3o tom\u00e9s\u201d queriam ver para crer \u2013 e viram na pratica. John Arias foi deslocado para a zona de conforto dele. O colombiano jamais escondeu a prefer\u00eancia pelo lado direito. Jogava do lado esquerdo justamente porque Allan estava comendo a bola naquela banda e se firmou l\u00e1 desde a Copa do Mundo de Clubes da Fifa disputada no ano passado nos Estados Unidos.&nbsp;<\/p>\n\n\n\n<p class=\"wp-block-paragraph\">Abel Ferreira iniciou a partida no Nubank Parque no sistema 4-4-2. Do meio para a frente, Arias aberto na direita, Andreas Pereira e Marlon Freitas centralizados e Mauricio na esquerda. \u00c0 frente deles, Flaco L\u00f3pez, o nome do jogo e do time com dois gols, e Vitor Roque. Aparentemente, o time sem Allan passa a ser esse na maratona cada vez mais poss\u00edvel pelos t\u00edtulos da Copa do Brasil, do Brasileir\u00e3o e da Libertadores na temporada.<\/p>\n\n\n\n<p class=\"wp-block-paragraph\">A resposta \u00e0 venda de Allan ganhou ainda mais for\u00e7a com a boa atua\u00e7\u00e3o de Giay. A car\u00eancia de um lateral-direito no mesmo n\u00edvel do canhoto Piquerez era o principal argumento para Abel Ferreira usar tr\u00eas zagueiros e Allan praticamente no papel de ala direito. O portugu\u00eas n\u00e3o confia totalmente nem em Giay nem em Khellven.&nbsp;<\/p>\n\n\n\n<p class=\"wp-block-paragraph\">Giay conseguiu se superar. Jogou bem contra o fr\u00e1gil Santos. Deu assist\u00eancia para o segundo gol de Flaco L\u00f3pez. Acredite se quiser: foi o primeiro passe de Giay para gol desde o desembarque dele no clube vindo do San Lorenzo da Argentina.\u00a0Detalhe: Giay perdeu gol feito. Arias tamb\u00e9m teve uma oportunidade de balan\u00e7ar a rede.<\/p>\n\n\n\n<p class=\"wp-block-paragraph\">Mais relevante do que a reconstru\u00e7\u00e3o do lado direito depois da sa\u00edda de Allan somente a exibi\u00e7\u00e3o de gala, mas uma, de Flaco L\u00f3pez. Ele \u00e9 definitivamente o protagonista alviverde. O cara do lance decisivo, da \u00faltima bola, como se diz na NBA, a liga de basquete profissional dos Estados Unidos. Chute de fora da \u00e1rea aumentou o repert\u00f3rio, como se fosse o arremesso de tr\u00eas de estrelas como Stephen Curry.&nbsp;<\/p>\n\n\n\n<p class=\"wp-block-paragraph\">Impressiona como a presen\u00e7a na sele\u00e7\u00e3o argentina ao lado de Lionel Messi, Julian \u00c1lvarez, Lautaro Mart\u00ednez e companhia elevou o n\u00edvel do atacante. \u00c9 como no ditado popular: \u201cDiga-me com quem andas e direi quem \u00e9s\u201d. Treinou com os caras e evoluiu muito. Basta lembrar que ele deu assist\u00eancia na vit\u00f3ria contra a Su\u00ed\u00e7a na Copa do Mundo.<\/p>\n\n\n\n<p class=\"wp-block-paragraph\">Para n\u00e3o dizer que n\u00e3o falei do Santos, vou ser curto e grosso: considero o trabalho do Cuca ruim e desgastado do ponto de vista das rela\u00e7\u00f5es humanas. H\u00e1 dois indicadores muito importantes sinalizando um barril de p\u00f3lvora no Centro de Treinamento Rei Pel\u00e9. <\/p>\n\n\n\n<p class=\"wp-block-paragraph\">O primeiro \u00e9 insatisfa\u00e7\u00e3o de Gabriel Barbosa com a substitui\u00e7\u00e3o no fim de semana e o banco no duelo com o Palmeiras. O segundo, o ru\u00eddo causado pela aus\u00eancia de Neymar no Nubank Parque. O camisa 10 publicou que estava dispon\u00edvel. Logo, o gramado sint\u00e9tico n\u00e3o era o problema. Cuca fala em op\u00e7\u00e3o t\u00e9cnica e t\u00e1tica diante da maratona em tr\u00eas competi\u00e7\u00f5es e do risco iminente do segundo rebaixamento no Brasileir\u00e3o. Est\u00e1 tudo muito estranho.<\/p>\n","protected":false},"excerpt":{"rendered":"<p>Colombiano retomou a zona de conforto e o argentino deu a primeira assist\u00eancia na vit\u00f3ria contra o Santos, a primeira depois da venda oficial do Menino do Parque ao Manchester City<\/p>\n","protected":false},"author":31,"featured_media":36808,"comment_status":"open","ping_status":"closed","sticky":false,"template":"","format":"standard","meta":{"wpb_read_more":[],"footnotes":""},"categories":[9],"tags":[393,2145,1341,281,1114,438,910,79,28],"class_list":["post-36806","post","type-post","status-publish","format-standard","has-post-thumbnail","hentry","category-esporte","tag-abel-ferreira","tag-agustin-giay","tag-allan","tag-copa-do-brasil","tag-flaco-lopez","tag-jhon-arias","tag-mercado-da-bola","tag-palmeiras","tag-santos"],"_links":{"self":[{"href":"https:\/\/blogs.correiobraziliense.com.br\/dribledecorpo\/wp-json\/wp\/v2\/posts\/36806","targetHints":{"allow":["GET"]}}],"collection":[{"href":"https:\/\/blogs.correiobraziliense.com.br\/dribledecorpo\/wp-json\/wp\/v2\/posts"}],"about":[{"href":"https:\/\/blogs.correiobraziliense.com.br\/dribledecorpo\/wp-json\/wp\/v2\/types\/post"}],"author":[{"embeddable":true,"href":"https:\/\/blogs.correiobraziliense.com.br\/dribledecorpo\/wp-json\/wp\/v2\/users\/31"}],"replies":[{"embeddable":true,"href":"https:\/\/blogs.correiobraziliense.com.br\/dribledecorpo\/wp-json\/wp\/v2\/comments?post=36806"}],"version-history":[{"count":4,"href":"https:\/\/blogs.correiobraziliense.com.br\/dribledecorpo\/wp-json\/wp\/v2\/posts\/36806\/revisions"}],"predecessor-version":[{"id":36812,"href":"https:\/\/blogs.correiobraziliense.com.br\/dribledecorpo\/wp-json\/wp\/v2\/posts\/36806\/revisions\/36812"}],"wp:featuredmedia":[{"embeddable":true,"href":"https:\/\/blogs.correiobraziliense.com.br\/dribledecorpo\/wp-json\/wp\/v2\/media\/36808"}],"wp:attachment":[{"href":"https:\/\/blogs.correiobraziliense.com.br\/dribledecorpo\/wp-json\/wp\/v2\/media?parent=36806"}],"wp:term":[{"taxonomy":"category","embeddable":true,"href":"https:\/\/blogs.correiobraziliense.com.br\/dribledecorpo\/wp-json\/wp\/v2\/categories?post=36806"},{"taxonomy":"post_tag","embeddable":true,"href":"https:\/\/blogs.correiobraziliense.com.br\/dribledecorpo\/wp-json\/wp\/v2\/tags?post=36806"}],"curies":[{"name":"wp","href":"https:\/\/api.w.org\/{rel}","templated":true}]}}