{"id":36801,"date":"2026-08-27T10:23:58","date_gmt":"2026-08-27T13:23:58","guid":{"rendered":"https:\/\/blogs.correiobraziliense.com.br\/dribledecorpo\/?p=36801"},"modified":"2026-08-27T10:23:59","modified_gmt":"2026-08-27T13:23:59","slug":"vasco-1-x-0-vitoria-a-noite-iluminada-do-copeiro-pedro-emanuel","status":"publish","type":"post","link":"https:\/\/blogs.correiobraziliense.com.br\/dribledecorpo\/vasco-1-x-0-vitoria-a-noite-iluminada-do-copeiro-pedro-emanuel\/","title":{"rendered":"Vasco 1 x 0 Vit\u00f3ria: a noite iluminada do copeiro Pedro Emanuel"},"content":{"rendered":"\n<p class=\"wp-block-paragraph\">O t\u00e9cnico do Vasco tem um perfil quase impercept\u00edvel. O curr\u00edculo de Pedro Emanuel ostenta tr\u00eas copas nacionais. Era ele o treinador do Al-Taawaoun na conquista da Copa do Rei da Ar\u00e1bia Saudita em 2019. Foi o cara que levou o Apollon Limassol ao t\u00edtulo da Copa do Chipre em 2015\/2016. Brindou a modesta Acad\u00eamica de Coimbra com a Ta\u00e7a de Portugal em 2012 ao derrotar o Sporting por 1 x 0 na decis\u00e3o. Sabe quem comandava o time de Lisboa \u00e0 \u00e9poca? Ricardo S\u00e1 Pinto, ex-dono da prancheta cruzmaltina.<\/p>\n\n\n\n<p class=\"wp-block-paragraph\">Pedro Emanuel sabe o que \u00e9 uma noite de Copa e lidava justamente com quem tamb\u00e9m se dedica muito a torneios de mata-mata. Jair Ventura levou o Corinthians ao vice na Copa do Brasil de 2018 depois de eliminar o Flamengo e perder o t\u00edtulo para o Cruzeiro.&nbsp;<\/p>\n\n\n\n<p class=\"wp-block-paragraph\">No campo das ideias, O Vasco de Pedro Emanuel derrotou o Vit\u00f3ria de Jair Ventura por 1 x 0 porque entendeu n\u00e3o somente o jogo, mas as vulnerabilidades do advers\u00e1rio. A expuls\u00e3o de Barros aos 17 minutos do primeiro tempo n\u00e3o abalou o t\u00e9cnico portugu\u00eas. Ele parecia ter um plano emergencial guardado e o tirou do bolso rapidamente.&nbsp;<\/p>\n\n\n\n<p class=\"wp-block-paragraph\">Um dos pontos fortes do Vit\u00f3ria \u00e9 a gera\u00e7\u00e3o de jogo pelos lados do campo com Marinho na direita e Matheuzinho na esquerda. Pedro Emanuel toma uma decis\u00e3o importante diante do momento de dificuldade. Troca o centroavante Spinelli pelo lateral-direito Paulo Henrique. A miss\u00e3o de quem entrou era formar uma dobra de laterais com Pumita Rodr\u00edguez e neutralizar o corredor esquerdo por onde Matheuzinho agredia.&nbsp;<\/p>\n\n\n\n<p class=\"wp-block-paragraph\">No segundo tempo, Pedro Emanuel mudou Colidio por David para renovar o g\u00e1s da sustenta\u00e7\u00e3o ao lateral-esquerdo Lucas Piton na batalha na outra banda do campo com as a\u00e7\u00f5es ofensivas do ponta-direita Marinho. Bloqueou tamb\u00e9m o outro corredor.&nbsp;<\/p>\n\n\n\n<p class=\"wp-block-paragraph\">O Vasco imp\u00f4s ao Vit\u00f3ria a constru\u00e7\u00e3o de jogo pelo meio de campo. Caique, Emanuel Mart\u00ednez e Z\u00e9 Vitor tiveram dificuldade. Mais do que isso: come\u00e7aram a ser engolidos por Rique e principalmente o excelente Thiago Mendes. Ambos programados para desarmar o time rubro-negro e acionar rapidamente a v\u00e1lvula de escape: Andr\u00e9s Gomez!&nbsp;<\/p>\n\n\n\n<p class=\"wp-block-paragraph\">O passe para a arrancada de Andres Gomez parte dos p\u00e9s de Colidio. O argentino se desdobrava na marca\u00e7\u00e3o com Rique e Thiago Mendes em troca da velocidade de Andr\u00e9s Gomez.&nbsp;&nbsp;Assim saiu o gol da vit\u00f3ria. Confiante, o colombiano partiu com a bola dominada pelo meio, tinha Paulo Henrique aberto na direita, mas driblou para dentro e finalizou de perna esquerda no canto direito de Lucas Arcanjo. Tudo pensado por Pedro Emanuel.<\/p>\n\n\n\n<p class=\"wp-block-paragraph\">O resultado foi consolidado por mais uma exibi\u00e7\u00e3o m\u00e1gica do goleiro. Questionado nas \u00faltimas atua\u00e7\u00f5es, L\u00e9o Jardim voltou a ser o pared\u00e3o de S\u00e3o Janu\u00e1rio. Brilhante, segurou o placar at\u00e9 o fim, salvou o plano de Pedro Emanuel e o Vasco levar\u00e1 a vantagem m\u00ednima para o temido Barrad\u00e3o, em Salvador, palco do segundo duelo estrat\u00e9gico pela vaga \u00e0s semifinais. <\/p>\n\n\n\n<p class=\"wp-block-paragraph\">O Vit\u00f3ria tem o fator casa. O Vasco, o hist\u00f3rico recente de chegada na Copa do Brasil. \u00c9 o atual vice-campe\u00e3o. Chegou \u00e0s semifinais em 2024.\u00a0Vem batendo na trave no projeto pelo bicampeonato.<\/p>\n","protected":false},"excerpt":{"rendered":"<p>Com mudan\u00e7as certeiras ap\u00f3s a expuls\u00e3o de Barros e bela atua\u00e7\u00e3o de L\u00e9o Jardim, o t\u00e9cnico neutralizou os lados do campo, potencializou Andr\u00e9s Gomez e abriu vantagem na Copa do Brasil<\/p>\n","protected":false},"author":31,"featured_media":36803,"comment_status":"open","ping_status":"closed","sticky":false,"template":"","format":"standard","meta":{"wpb_read_more":[],"footnotes":""},"categories":[9],"tags":[1471,281,2142,2143,2144,103,389],"class_list":["post-36801","post","type-post","status-publish","format-standard","has-post-thumbnail","hentry","category-esporte","tag-analise-tatica","tag-copa-do-brasil","tag-leo-jardim","tag-pedro-emanuel","tag-sao-januario","tag-vasco","tag-vitoria"],"_links":{"self":[{"href":"https:\/\/blogs.correiobraziliense.com.br\/dribledecorpo\/wp-json\/wp\/v2\/posts\/36801","targetHints":{"allow":["GET"]}}],"collection":[{"href":"https:\/\/blogs.correiobraziliense.com.br\/dribledecorpo\/wp-json\/wp\/v2\/posts"}],"about":[{"href":"https:\/\/blogs.correiobraziliense.com.br\/dribledecorpo\/wp-json\/wp\/v2\/types\/post"}],"author":[{"embeddable":true,"href":"https:\/\/blogs.correiobraziliense.com.br\/dribledecorpo\/wp-json\/wp\/v2\/users\/31"}],"replies":[{"embeddable":true,"href":"https:\/\/blogs.correiobraziliense.com.br\/dribledecorpo\/wp-json\/wp\/v2\/comments?post=36801"}],"version-history":[{"count":3,"href":"https:\/\/blogs.correiobraziliense.com.br\/dribledecorpo\/wp-json\/wp\/v2\/posts\/36801\/revisions"}],"predecessor-version":[{"id":36805,"href":"https:\/\/blogs.correiobraziliense.com.br\/dribledecorpo\/wp-json\/wp\/v2\/posts\/36801\/revisions\/36805"}],"wp:featuredmedia":[{"embeddable":true,"href":"https:\/\/blogs.correiobraziliense.com.br\/dribledecorpo\/wp-json\/wp\/v2\/media\/36803"}],"wp:attachment":[{"href":"https:\/\/blogs.correiobraziliense.com.br\/dribledecorpo\/wp-json\/wp\/v2\/media?parent=36801"}],"wp:term":[{"taxonomy":"category","embeddable":true,"href":"https:\/\/blogs.correiobraziliense.com.br\/dribledecorpo\/wp-json\/wp\/v2\/categories?post=36801"},{"taxonomy":"post_tag","embeddable":true,"href":"https:\/\/blogs.correiobraziliense.com.br\/dribledecorpo\/wp-json\/wp\/v2\/tags?post=36801"}],"curies":[{"name":"wp","href":"https:\/\/api.w.org\/{rel}","templated":true}]}}