{"id":36331,"date":"2026-07-17T18:10:20","date_gmt":"2026-07-17T21:10:20","guid":{"rendered":"https:\/\/blogs.correiobraziliense.com.br\/dribledecorpo\/?p=36331"},"modified":"2026-07-18T10:22:17","modified_gmt":"2026-07-18T13:22:17","slug":"marco-aurelio-o-imperador-que-virou-conselheiro-de-de-la-fuente-na-copa","status":"publish","type":"post","link":"https:\/\/blogs.correiobraziliense.com.br\/dribledecorpo\/marco-aurelio-o-imperador-que-virou-conselheiro-de-de-la-fuente-na-copa\/","title":{"rendered":"Marco Aur\u00e9lio, o imperador que virou conselheiro de De la Fuente na Copa"},"content":{"rendered":"<p class=\"PDq2pG_selectionAnchorContainer\">Enquanto a maioria dos t\u00e9cnicos da Copa do Mundo mergulha em estat\u00edsticas, intelig\u00eancia artificial, v\u00eddeos e relat\u00f3rios produzidos por departamentos de an\u00e1lise de desempenho, Luis de la Fuente, de 65 anos, procura respostas em um homem que morreu h\u00e1 quase 1.900 anos.<\/p>\n<p>&nbsp;<\/p>\n<p>O livro de cabeceira do treinador espanhol no Mundial \u00e9 <em>Medita\u00e7\u00f5es<\/em>, obra escrita pelo imperador romano Marco Aur\u00e9lio entre os anos 170 e 180 d.C. N\u00e3o por acaso. Em um torneio decidido nos detalhes e pela capacidade de suportar a press\u00e3o, De la Fuente encontrou na filosofia estoica um manual para liderar um grupo jovem com m\u00e9dia de idade de 26,9 anos, a mais baixa entre os semifinalistas.<\/p>\n<p>&nbsp;<\/p>\n<p>O detalhe mais fascinante \u00e9 que <em>Medita\u00e7\u00f5es<\/em> nunca foi pensado para chegar \u00e0s livrarias. Marco Aur\u00e9lio escrevia para si mesmo. Eram anota\u00e7\u00f5es \u00edntimas registradas durante campanhas militares, enquanto comandava as legi\u00f5es romanas nas fronteiras do imp\u00e9rio.<\/p>\n<p>&nbsp;<\/p>\n<p>Em vez de celebrar vit\u00f3rias ou registrar feitos pol\u00edticos, o imperador fazia exatamente o contr\u00e1rio: lembrava diariamente que precisava controlar o ego, dominar as emo\u00e7\u00f5es e concentrar sua energia apenas naquilo que realmente dependia dele.<\/p>\n<p>&nbsp;<\/p>\n<p>Quase dois mil\u00eanios depois, essas p\u00e1ginas atravessaram os s\u00e9culos para desembarcar no vesti\u00e1rio da sele\u00e7\u00e3o espanhola.<\/p>\n<p>&nbsp;<\/p>\n<p>A conex\u00e3o \u00e9 direta.<\/p>\n<p>&nbsp;<\/p>\n<p>Para o estoicismo, existem acontecimentos sobre os quais n\u00e3o temos qualquer controle \u2014 o erro do \u00e1rbitro, uma les\u00e3o, um desvio da bola, um gol sofrido aos 49 minutos do segundo tempo ou uma disputa por p\u00eanaltis. O que permanece sob dom\u00ednio \u00e9 a maneira de reagir diante desses acontecimentos.<\/p>\n<p>&nbsp;<\/p>\n<p>Essa talvez seja a principal li\u00e7\u00e3o de Marco Aur\u00e9lio para o futebol.<\/p>\n<p>&nbsp;<\/p>\n<p>Durante a Copa, De la Fuente citou duas passagens de <em>Medita\u00e7\u00f5es<\/em> que ajudam a compreender a identidade da Espanha. A primeira resume sua gest\u00e3o de grupo: <strong>&#8220;A calma \u00e9 poder&#8221;<\/strong>. A segunda explica por que a <em>La Roja<\/em> se tornou um advers\u00e1rio t\u00e3o dif\u00edcil de enfrentar: <strong>&#8220;O que \u00e9 mau para a colmeia \u00e9 mau para a abelha&#8221;<\/strong>. Em outras palavras, nenhum talento individual pode valer mais do que o coletivo.<\/p>\n<p>&nbsp;<\/p>\n<p>As ideias do imperador romano aparecem, de forma quase invis\u00edvel, na maneira como a Espanha joga. A equipe n\u00e3o se desespera quando est\u00e1 em desvantagem, raramente perde a organiza\u00e7\u00e3o, aceita sofrer sem abandonar o plano e transmite uma serenidade pouco comum para um elenco cuja m\u00e9dia de idade est\u00e1 entre as menores da Copa: 26,9 anos.<\/p>\n<p>&nbsp;<\/p>\n<p>Outras reflex\u00f5es de Marco Aur\u00e9lio parecem ter sido escritas para uma prele\u00e7\u00e3o antes de uma final. <strong>&#8220;O obst\u00e1culo torna-se o caminho&#8221;<\/strong> poderia explicar cada dificuldade superada durante uma Copa do Mundo. <strong>&#8220;Voc\u00ea tem poder sobre sua mente, n\u00e3o sobre os acontecimentos&#8221;<\/strong> resume o desafio emocional de qualquer jogador a caminho da cobran\u00e7a de um p\u00eanalti diante de milh\u00f5es de espectadores.<\/p>\n<p>&nbsp;<\/p>\n<p>Talvez seja por isso que <em>Medita\u00e7\u00f5es<\/em> tenha deixado de ser apenas um cl\u00e1ssico da filosofia para se transformar em leitura frequente entre l\u00edderes, empres\u00e1rios, militares e atletas de alto rendimento. O livro n\u00e3o oferece f\u00f3rmulas m\u00e1gicas. Ensina que a maior batalha de qualquer ser humano acontece dentro da pr\u00f3pria mente.<\/p>\n<p>&nbsp;<\/p>\n<p>H\u00e1 uma ironia bonita nessa hist\u00f3ria.<\/p>\n<p>&nbsp;<\/p>\n<p>Marco Aur\u00e9lio escrevia cercado por soldados, administrando guerras decisivas para o futuro do Imp\u00e9rio Romano. Luis de la Fuente prepara a Espanha cercado por analistas, computadores, fisiologistas e telas de v\u00eddeo para disputar a maior partida do futebol mundial.<\/p>\n<p>&nbsp;<\/p>\n<p>Os tempos mudaram. As armas tamb\u00e9m.<\/p>\n<p>&nbsp;<\/p>\n<p>Mas a miss\u00e3o permanece praticamente a mesma: conservar a lucidez quando tudo ao redor conspira para que a raz\u00e3o d\u00ea lugar ao medo.<\/p>\n<p>&nbsp;<\/p>\n<div>\n<p><strong>X: @marcospaulolima<\/strong><\/p>\n<\/div>\n<div>\n<p><strong>Instagram: @marcospaulolima.jor<\/strong><\/p>\n<\/div>\n","protected":false},"excerpt":{"rendered":"<p>Enquanto a maioria dos t\u00e9cnicos da Copa do Mundo mergulha em estat\u00edsticas, intelig\u00eancia artificial, v\u00eddeos e relat\u00f3rios produzidos por departamentos de an\u00e1lise de desempenho, Luis de la Fuente, de 65 anos, procura respostas em um homem que morreu h\u00e1 quase 1.900 anos. &nbsp; O livro de cabeceira do treinador espanhol no Mundial \u00e9 Medita\u00e7\u00f5es, obra [&hellip;]<\/p>\n","protected":false},"author":31,"featured_media":36334,"comment_status":"open","ping_status":"closed","sticky":false,"template":"","format":"standard","meta":{"wpb_read_more":[],"footnotes":""},"categories":[9],"tags":[686,251,2049,2050,2052,546,706,2047,2048,2051],"class_list":["post-36331","post","type-post","status-publish","format-standard","has-post-thumbnail","hentry","category-esporte","tag-copa-do-mundo-2026","tag-espanha","tag-estoicismo","tag-filosofia-no-futebol","tag-la-roja","tag-lideranca","tag-luis-de-la-fuente","tag-marco-aurelio","tag-meditacoes","tag-selecao-espanhola"],"_links":{"self":[{"href":"https:\/\/blogs.correiobraziliense.com.br\/dribledecorpo\/wp-json\/wp\/v2\/posts\/36331","targetHints":{"allow":["GET"]}}],"collection":[{"href":"https:\/\/blogs.correiobraziliense.com.br\/dribledecorpo\/wp-json\/wp\/v2\/posts"}],"about":[{"href":"https:\/\/blogs.correiobraziliense.com.br\/dribledecorpo\/wp-json\/wp\/v2\/types\/post"}],"author":[{"embeddable":true,"href":"https:\/\/blogs.correiobraziliense.com.br\/dribledecorpo\/wp-json\/wp\/v2\/users\/31"}],"replies":[{"embeddable":true,"href":"https:\/\/blogs.correiobraziliense.com.br\/dribledecorpo\/wp-json\/wp\/v2\/comments?post=36331"}],"version-history":[{"count":5,"href":"https:\/\/blogs.correiobraziliense.com.br\/dribledecorpo\/wp-json\/wp\/v2\/posts\/36331\/revisions"}],"predecessor-version":[{"id":36338,"href":"https:\/\/blogs.correiobraziliense.com.br\/dribledecorpo\/wp-json\/wp\/v2\/posts\/36331\/revisions\/36338"}],"wp:featuredmedia":[{"embeddable":true,"href":"https:\/\/blogs.correiobraziliense.com.br\/dribledecorpo\/wp-json\/wp\/v2\/media\/36334"}],"wp:attachment":[{"href":"https:\/\/blogs.correiobraziliense.com.br\/dribledecorpo\/wp-json\/wp\/v2\/media?parent=36331"}],"wp:term":[{"taxonomy":"category","embeddable":true,"href":"https:\/\/blogs.correiobraziliense.com.br\/dribledecorpo\/wp-json\/wp\/v2\/categories?post=36331"},{"taxonomy":"post_tag","embeddable":true,"href":"https:\/\/blogs.correiobraziliense.com.br\/dribledecorpo\/wp-json\/wp\/v2\/tags?post=36331"}],"curies":[{"name":"wp","href":"https:\/\/api.w.org\/{rel}","templated":true}]}}