{"id":36306,"date":"2026-07-14T19:00:14","date_gmt":"2026-07-14T22:00:14","guid":{"rendered":"https:\/\/blogs.correiobraziliense.com.br\/dribledecorpo\/?p=36306"},"modified":"2026-07-14T22:45:58","modified_gmt":"2026-07-15T01:45:58","slug":"espanha-faz-da-prata-e-de-um-ouro-olimpico-a-volta-a-final-da-copa","status":"publish","type":"post","link":"https:\/\/blogs.correiobraziliense.com.br\/dribledecorpo\/espanha-faz-da-prata-e-de-um-ouro-olimpico-a-volta-a-final-da-copa\/","title":{"rendered":"Espanha transforma prata e ouro ol\u00edmpico em final de Copa do Mundo"},"content":{"rendered":"<p><strong>Dallas \u2014 <\/strong>A Espanha n\u00e3o fez rodeio na terra dos cowboys. Atual campe\u00e3 ol\u00edmpica nos Jogos de Paris-2024 contra a Fran\u00e7a e atual campe\u00e3 da Eurocopa eliminando a Fran\u00e7a nas semifinais, La Roja tentar\u00e1 conquistar a Copa do Mundo pela segunda vez em 16 anos no domingo depois de domar novamente um touro pintado de azul, vermelho e branco.<\/p>\n<p>&nbsp;<\/p>\n<p>A defesa menos vazada com um gol sofrido colocou o melhor ataque para correr da Copa rumo \u00e0 decis\u00e3o do terceiro lugar, em Miami, com a autoridade de quem jamais renuncia \u00e0 posse da bola. Mesmo que por pouco. O time de Luis de La Fuente teve 51% contra 49% da equipe de Didier Deschamps. O t\u00e9cnico espanhol havia avisado na v\u00e9spera que a melhor maneira de controlar o advers\u00e1rio seria impondo o estilo do qual jamais abre m\u00e3o. Touch\u00e9!<\/p>\n<p>&nbsp;<\/p>\n<p>A Espanha chega \u00e0 final depois de levar pancadas fortes. \u00a0Lembra da elimina\u00e7\u00e3o contra o Chile, no Maracan\u00e3, na \u00faltima rodada da fase de grupos da Copa de 2014? Da queda nos p\u00eanaltis contra a anfitri\u00e3 R\u00fassia, em 2018, depois de Florentino P\u00e9rez praticamente arrancar o o t\u00e9cnico Julen Lopetegui da concentra\u00e7\u00e3o, na v\u00e9spera do in\u00edcio do torneio, e contrat\u00e1-lo para o Real Madrid. Fernando Hierro assumiu a prancheta repentinamente.<\/p>\n<p>&nbsp;<\/p>\n<p>Em 2022, sob o comando de Luis Enrique, mentor do bicampeonato do PSG na Champions League, a Espanha dominou Marrocos no tempo regulamentar, na prorroga\u00e7\u00e3o, mas perdeu nos p\u00eanaltis depois de errar simplesmente todas as cobran\u00e7as contra a sele\u00e7\u00e3o africana.<\/p>\n<p>&nbsp;<\/p>\n<p>Houve quem olhasse para as categorias de base e valorizasse uma medalha de prata contra o Brasil. Em 2021, a Espanha perdeu a final ol\u00edmpica masculina de T\u00f3quio para o Brasil de Andr\u00e9 Jardine, em Yokohama. A Real Federa\u00e7\u00e3o Espanhola valorizou o projeto de Luis de La Fuente e o catapultou ao cargo de sucessor de Luis Enrique na sele\u00e7\u00e3o.<\/p>\n<p>&nbsp;<\/p>\n<p>O treinador uniu medalhistas de prata em T\u00f3quio-2020 e de ouro em Paris-2024. Unai Sim\u00f3n, Eric Garc\u00eda, Pau Cubars\u00ed, Marc Pubill, Pedri, Mart\u00edn Zubimendi, \u00c1lex Baena, Dani Olmo, Mikel Oyarzabal, Ferran Torres e Fabi\u00e1n Ruiz deram suporte ao projeto de reconstru\u00e7\u00e3o da sele\u00e7\u00e3o em busca do bicampeonato.<\/p>\n<p>&nbsp;<\/p>\n<p>Luis de La Fuente levou a Espanha ao t\u00edtulo da Liga das Na\u00e7\u00f5es em 2022\/2023 contra a Cro\u00e1cia. Derrotou a Inglaterra na decis\u00e3o da Euro-2024. Conseguiu se impor contra a Fran\u00e7a nas semifinais em Dallas e pode fechar o ciclo dourado no domingo contra Argentina ou Inglaterra no MetLife Stadium, em New Jersey\/New York.<\/p>\n<p>&nbsp;<\/p>\n<p>Lamine Yamal tinha um ano quando a revolu\u00e7\u00e3o espanhola come\u00e7ou no futebol com a conquista da Euro-2008, da Copa do Mundo em 2010 e da Euro-2012. Aos 19, pode virar o protagonista do bicampeonato, igualando o feito de Mbapp\u00e9, na mesma idade, em 2018, na conquista da Fran\u00e7a. O craque atrevido entrou na cabe\u00e7a da Fran\u00e7a, sofreu o p\u00eanalti do primeiro gol e virou definitivamente o fantasma franc\u00eas em competi\u00e7\u00f5es de ponta.<\/p>\n<p>&nbsp;<\/p>\n<p>N\u00e3o faltou aviso: &#8220;Se a Fran\u00e7a tem que temer algu\u00e9m, somos n\u00f3s. Fomos n\u00f3s que os eliminamos da \u00faltima vez\u201d. O raio caiu duas vezes na mesma cabe\u00e7a. Por falar em raio, o recordista aposentado dos 100m Usain Bolt estava aqui e testemunhou a classifica\u00e7\u00e3o ao lado dos her\u00f3is da primeira conquista da Espanha: Sergio Ramos, Puyol, Casillas, Xavi&#8230;<\/p>\n<p>&nbsp;<\/p>\n<p><strong>Leia tamb\u00e9m<\/strong><\/p>\n<blockquote class=\"wp-embedded-content\" data-secret=\"FkF0BbsInJ\"><p><a href=\"https:\/\/blogs.correiobraziliense.com.br\/dribledecorpo\/semifinais-da-copa-ajudam-a-explicar-por-que-o-brasil-caiu-nas-oitavas\/\">Semifinais da Copa ajudam a explicar por que o Brasil caiu nas oitavas<\/a><\/p><\/blockquote>\n<p><iframe loading=\"lazy\" class=\"wp-embedded-content\" sandbox=\"allow-scripts\" security=\"restricted\" style=\"position: absolute; visibility: hidden;\" title=\"\u201cSemifinais da Copa ajudam a explicar por que o Brasil caiu nas oitavas\u201d \u2014 Blog Drible de Corpo\" src=\"https:\/\/blogs.correiobraziliense.com.br\/dribledecorpo\/semifinais-da-copa-ajudam-a-explicar-por-que-o-brasil-caiu-nas-oitavas\/embed\/#?secret=53Aefw5j14#?secret=FkF0BbsInJ\" data-secret=\"FkF0BbsInJ\" width=\"600\" height=\"338\" frameborder=\"0\" marginwidth=\"0\" marginheight=\"0\" scrolling=\"no\"><\/iframe><\/p>\n<p>&nbsp;<\/p>\n<div>\n<p><strong>X: @marcospaulolima<\/strong><\/p>\n<\/div>\n<div>\n<p><strong>Instagram: @marcospaulolima.jor<\/strong><\/p>\n<\/div>\n","protected":false},"excerpt":{"rendered":"<p>Dallas \u2014 A Espanha n\u00e3o fez rodeio na terra dos cowboys. Atual campe\u00e3 ol\u00edmpica nos Jogos de Paris-2024 contra a Fran\u00e7a e atual campe\u00e3 da Eurocopa eliminando a Fran\u00e7a nas semifinais, La Roja tentar\u00e1 conquistar a Copa do Mundo pela segunda vez em 16 anos no domingo depois de domar novamente um touro pintado de [&hellip;]<\/p>\n","protected":false},"author":31,"featured_media":36308,"comment_status":"open","ping_status":"closed","sticky":false,"template":"","format":"standard","meta":{"wpb_read_more":[],"footnotes":""},"categories":[9],"tags":[346,43,251,652,697,706],"class_list":["post-36306","post","type-post","status-publish","format-standard","has-post-thumbnail","hentry","category-esporte","tag-copa-2026","tag-copa-do-mundo","tag-espanha","tag-franca","tag-lamine-yamal","tag-luis-de-la-fuente"],"_links":{"self":[{"href":"https:\/\/blogs.correiobraziliense.com.br\/dribledecorpo\/wp-json\/wp\/v2\/posts\/36306","targetHints":{"allow":["GET"]}}],"collection":[{"href":"https:\/\/blogs.correiobraziliense.com.br\/dribledecorpo\/wp-json\/wp\/v2\/posts"}],"about":[{"href":"https:\/\/blogs.correiobraziliense.com.br\/dribledecorpo\/wp-json\/wp\/v2\/types\/post"}],"author":[{"embeddable":true,"href":"https:\/\/blogs.correiobraziliense.com.br\/dribledecorpo\/wp-json\/wp\/v2\/users\/31"}],"replies":[{"embeddable":true,"href":"https:\/\/blogs.correiobraziliense.com.br\/dribledecorpo\/wp-json\/wp\/v2\/comments?post=36306"}],"version-history":[{"count":3,"href":"https:\/\/blogs.correiobraziliense.com.br\/dribledecorpo\/wp-json\/wp\/v2\/posts\/36306\/revisions"}],"predecessor-version":[{"id":36310,"href":"https:\/\/blogs.correiobraziliense.com.br\/dribledecorpo\/wp-json\/wp\/v2\/posts\/36306\/revisions\/36310"}],"wp:featuredmedia":[{"embeddable":true,"href":"https:\/\/blogs.correiobraziliense.com.br\/dribledecorpo\/wp-json\/wp\/v2\/media\/36308"}],"wp:attachment":[{"href":"https:\/\/blogs.correiobraziliense.com.br\/dribledecorpo\/wp-json\/wp\/v2\/media?parent=36306"}],"wp:term":[{"taxonomy":"category","embeddable":true,"href":"https:\/\/blogs.correiobraziliense.com.br\/dribledecorpo\/wp-json\/wp\/v2\/categories?post=36306"},{"taxonomy":"post_tag","embeddable":true,"href":"https:\/\/blogs.correiobraziliense.com.br\/dribledecorpo\/wp-json\/wp\/v2\/tags?post=36306"}],"curies":[{"name":"wp","href":"https:\/\/api.w.org\/{rel}","templated":true}]}}