{"id":36298,"date":"2026-07-14T10:11:12","date_gmt":"2026-07-14T13:11:12","guid":{"rendered":"https:\/\/blogs.correiobraziliense.com.br\/dribledecorpo\/?p=36298"},"modified":"2026-07-14T10:51:22","modified_gmt":"2026-07-14T13:51:22","slug":"semifinais-da-copa-ajudam-a-explicar-por-que-o-brasil-caiu-nas-oitavas","status":"publish","type":"post","link":"https:\/\/blogs.correiobraziliense.com.br\/dribledecorpo\/semifinais-da-copa-ajudam-a-explicar-por-que-o-brasil-caiu-nas-oitavas\/","title":{"rendered":"Semifinais da Copa ajudam a explicar por que o Brasil caiu nas oitavas"},"content":{"rendered":"<figure id=\"attachment_36301\" aria-describedby=\"caption-attachment-36301\" style=\"width: 1024px\" class=\"wp-caption aligncenter\"><a href=\"https:\/\/blogs.correiobraziliense.com.br\/dribledecorpo\/wp-content\/uploads\/sites\/15\/2026\/07\/AFP__20260705__B9BY7B9__v1__MidRes__FblWc2026Match91BraNor.jpg\"><img loading=\"lazy\" decoding=\"async\" class=\"size-large wp-image-36301\" src=\"https:\/\/blogs.correiobraziliense.com.br\/dribledecorpo\/wp-content\/uploads\/sites\/15\/2026\/07\/AFP__20260705__B9BY7B9__v1__MidRes__FblWc2026Match91BraNor-1024x683.jpg\" alt=\"\" width=\"1024\" height=\"683\" srcset=\"https:\/\/blogs.correiobraziliense.com.br\/dribledecorpo\/wp-content\/uploads\/sites\/15\/2026\/07\/AFP__20260705__B9BY7B9__v1__MidRes__FblWc2026Match91BraNor-1024x683.jpg 1024w, https:\/\/blogs.correiobraziliense.com.br\/dribledecorpo\/wp-content\/uploads\/sites\/15\/2026\/07\/AFP__20260705__B9BY7B9__v1__MidRes__FblWc2026Match91BraNor-300x200.jpg 300w, https:\/\/blogs.correiobraziliense.com.br\/dribledecorpo\/wp-content\/uploads\/sites\/15\/2026\/07\/AFP__20260705__B9BY7B9__v1__MidRes__FblWc2026Match91BraNor-768x512.jpg 768w, https:\/\/blogs.correiobraziliense.com.br\/dribledecorpo\/wp-content\/uploads\/sites\/15\/2026\/07\/AFP__20260705__B9BY7B9__v1__MidRes__FblWc2026Match91BraNor-1440x960.jpg 1440w, https:\/\/blogs.correiobraziliense.com.br\/dribledecorpo\/wp-content\/uploads\/sites\/15\/2026\/07\/AFP__20260705__B9BY7B9__v1__MidRes__FblWc2026Match91BraNor-800x533.jpg 800w, https:\/\/blogs.correiobraziliense.com.br\/dribledecorpo\/wp-content\/uploads\/sites\/15\/2026\/07\/AFP__20260705__B9BY7B9__v1__MidRes__FblWc2026Match91BraNor-550x367.jpg 550w, https:\/\/blogs.correiobraziliense.com.br\/dribledecorpo\/wp-content\/uploads\/sites\/15\/2026\/07\/AFP__20260705__B9BY7B9__v1__MidRes__FblWc2026Match91BraNor-230x153.jpg 230w, https:\/\/blogs.correiobraziliense.com.br\/dribledecorpo\/wp-content\/uploads\/sites\/15\/2026\/07\/AFP__20260705__B9BY7B9__v1__MidRes__FblWc2026Match91BraNor.jpg 1800w\" sizes=\"auto, (max-width: 1024px) 100vw, 1024px\" \/><\/a><figcaption id=\"caption-attachment-36301\" class=\"wp-caption-text\">O Brasil estava sempre come\u00e7ando contra as grandes pot\u00eancias. Foto: Odd Andersen\/AFP<\/figcaption><\/figure>\n<p>&nbsp;<\/p>\n<p><strong>Dallas \u2014 <\/strong>As semifinais da Copa do Mundo ajudam a explicar por que o Brasil caiu nas oitavas de final. A Sele\u00e7\u00e3o enfrentou os quatro classificados durante o ciclo para 2026. Venceu apenas a Inglaterra, empatou com a Espanha e perdeu para Fran\u00e7a e Argentina \u2014 duas vezes. Uma delas de forma humilhante.<\/p>\n<p>&nbsp;<\/p>\n<p>Sob o comando de Fernando Diniz, o Brasil perdeu pela primeira vez um jogo de Eliminat\u00f3rias dentro de casa. Um gol do zagueiro Otamendi silenciou o Maracan\u00e3 em 21 de novembro de 2023 e encaminhou a demiss\u00e3o do treinador. Diniz havia herdado a prancheta do interino Ramon Menezes. O comandante da Sele\u00e7\u00e3o Sub-20 havia perdido para Marrocos e Senegal e derrotado Guin\u00e9 Equatorial no projeto sem p\u00e9 nem cabe\u00e7a rumo \u00e0 Copa de 2026.<\/p>\n<p>&nbsp;<\/p>\n<p>Escolhido para suceder a Diniz, o t\u00e9cnico Dorival J\u00fanior estreou contra dois advers\u00e1rios dur\u00edssimos. Em uma raridade nos ciclos recentes, o Brasil foi at\u00e9 a Europa enfrentar duas pot\u00eancias em sequ\u00eancia. Na primeira perna da turn\u00ea, sofreu horrores em Wembley, mas superou a Inglaterra por 1 x 0. O jovem Endrick decidiu o amistoso em Londres.<\/p>\n<p>&nbsp;<\/p>\n<p>O Brasil seguiu de l\u00e1 para Madri. A agenda previa medir for\u00e7as com a Espanha em um dos \u00faltimos ensaios das duas sele\u00e7\u00f5es para a Copa Am\u00e9rica e a Eurocopa, respectivamente. Mais na base da empolga\u00e7\u00e3o do que na t\u00e1tica no segundo jogo de Dorival J\u00fanior no cargo, o Brasil sempre ficou atr\u00e1s no placar, mas arrancou empate por 3 x 3 com um jogador a menos dentro do Santiago Bernab\u00e9u. Assustado com a intensidade do advers\u00e1rio, o Brasil resistiu.<\/p>\n<p>&nbsp;<\/p>\n<p>O in\u00edcio animador de Dorival J\u00fanior contrastou com a pior derrota da Sele\u00e7\u00e3o no ciclo. O Brasil viajou em crise para enfrentar a Argentina no Monumental de N\u00fa\u00f1ez, em Buenos Aires, e n\u00e3o viu a cor da bola. Ensaiou resili\u00eancia ao sofrer o primeiro gol e empatar a partida, mas depois sofreu o segundo, o terceiro, o quarto e ouviu o som da humilha\u00e7\u00e3o: gritos de Ol\u00e9.<\/p>\n<p>&nbsp;<\/p>\n<p>Em mar\u00e7o deste ano, a trajet\u00f3ria err\u00e1tica conduzida por quatro t\u00e9cnicos diferentes se deparou com o sarrafo mais alto do ciclo: a Fran\u00e7a. Dorival J\u00fanior havia sido demitido e o ent\u00e3o presidente Ednaldo Rodrigues realizou o sonho de consumo. No \u00faltimo ato antes de deixar o cargo, contratou Carlo Ancelotti. Um dos desafios dele foi medir for\u00e7as com o tima\u00e7o de Didier Deschamps em Boston. Perdeu por 2 x 1 no Foxborough Stadium.<\/p>\n<p>&nbsp;<\/p>\n<p>Uma das dificuldades da Sele\u00e7\u00e3o no ciclo de 2019 a 2022 foi justamente encontrar espa\u00e7o nas agendas das principais sele\u00e7\u00f5es europeias para amistosos. Desta vez, o Brasil teve essa oportunidade. Enfrentou Inglaterra, Espanha e Fran\u00e7a, al\u00e9m da Argentina nas Eliminat\u00f3rias. O problema \u00e9 que os testes aconteceram quando o projeto ainda engatinhava.<\/p>\n<p>&nbsp;<\/p>\n<p>Entre Ramon Menezes, Fernando Diniz, Dorival J\u00fanior e Carlo Ancelotti, a Sele\u00e7\u00e3o nunca teve continuidade suficiente para transformar esses confrontos em um verdadeiro laborat\u00f3rio. A conta chegou na Copa do Mundo. Enquanto Inglaterra, Espanha, Fran\u00e7a e Argentina disputam um lugar na decis\u00e3o, o Brasil assiste \u00e0s semifinais de longe, eliminado ainda nas oitavas de final pela Noruega.<\/p>\n<p>&nbsp;<\/p>\n<p><strong>TEMPO DE SERVI\u00c7O<\/strong><\/p>\n<p>Didier Deschamps: 14 anos e 6 dias na Fran\u00e7a<\/p>\n<p>Lionel Scaloni: 7 anos, 11 meses e 12 dias na Argentina<\/p>\n<p>Luis de la Fuente: 3 anos, 6 meses e 12 dias na Espanha<\/p>\n<p>Thomas Tuchel: 1 anos, 6 meses e 12 dias na Inglaterra<\/p>\n<p>Carlo Ancelotti: 1 anos, 1 m\u00eas e 18 dias<\/p>\n<p>&nbsp;<\/p>\n<p><iframe title=\"Spotify Embed: Balan\u00e7o das quartas e pr\u00e9via das semis\" style=\"border-radius: 12px\" width=\"100%\" height=\"152\" frameborder=\"0\" allowfullscreen allow=\"autoplay; clipboard-write; encrypted-media; fullscreen; picture-in-picture\" loading=\"lazy\" src=\"https:\/\/open.spotify.com\/embed\/episode\/58Ime7nYUWDGTqpPZtdavf?si=UY84bhVbR467XTiN3_czaA&amp;utm_source=oembed\"><\/iframe><\/p>\n<p>&nbsp;<\/p>\n<div>\n<p><strong>X: @marcospaulolima<\/strong><\/p>\n<\/div>\n<div>\n<p><strong>Instagram: @marcospaulolima.jor<\/strong><\/p>\n<\/div>\n","protected":false},"excerpt":{"rendered":"<p>&nbsp; Dallas \u2014 As semifinais da Copa do Mundo ajudam a explicar por que o Brasil caiu nas oitavas de final. A Sele\u00e7\u00e3o enfrentou os quatro classificados durante o ciclo para 2026. Venceu apenas a Inglaterra, empatou com a Espanha e perdeu para Fran\u00e7a e Argentina \u2014 duas vezes. Uma delas de forma humilhante. &nbsp; [&hellip;]<\/p>\n","protected":false},"author":31,"featured_media":36301,"comment_status":"open","ping_status":"closed","sticky":false,"template":"","format":"standard","meta":{"wpb_read_more":[],"footnotes":""},"categories":[9],"tags":[241,23,222,346,251,652,485],"class_list":["post-36298","post","type-post","status-publish","format-standard","has-post-thumbnail","hentry","category-esporte","tag-argentina","tag-brasil","tag-copa","tag-copa-2026","tag-espanha","tag-franca","tag-inglaterra"],"_links":{"self":[{"href":"https:\/\/blogs.correiobraziliense.com.br\/dribledecorpo\/wp-json\/wp\/v2\/posts\/36298","targetHints":{"allow":["GET"]}}],"collection":[{"href":"https:\/\/blogs.correiobraziliense.com.br\/dribledecorpo\/wp-json\/wp\/v2\/posts"}],"about":[{"href":"https:\/\/blogs.correiobraziliense.com.br\/dribledecorpo\/wp-json\/wp\/v2\/types\/post"}],"author":[{"embeddable":true,"href":"https:\/\/blogs.correiobraziliense.com.br\/dribledecorpo\/wp-json\/wp\/v2\/users\/31"}],"replies":[{"embeddable":true,"href":"https:\/\/blogs.correiobraziliense.com.br\/dribledecorpo\/wp-json\/wp\/v2\/comments?post=36298"}],"version-history":[{"count":5,"href":"https:\/\/blogs.correiobraziliense.com.br\/dribledecorpo\/wp-json\/wp\/v2\/posts\/36298\/revisions"}],"predecessor-version":[{"id":36305,"href":"https:\/\/blogs.correiobraziliense.com.br\/dribledecorpo\/wp-json\/wp\/v2\/posts\/36298\/revisions\/36305"}],"wp:featuredmedia":[{"embeddable":true,"href":"https:\/\/blogs.correiobraziliense.com.br\/dribledecorpo\/wp-json\/wp\/v2\/media\/36301"}],"wp:attachment":[{"href":"https:\/\/blogs.correiobraziliense.com.br\/dribledecorpo\/wp-json\/wp\/v2\/media?parent=36298"}],"wp:term":[{"taxonomy":"category","embeddable":true,"href":"https:\/\/blogs.correiobraziliense.com.br\/dribledecorpo\/wp-json\/wp\/v2\/categories?post=36298"},{"taxonomy":"post_tag","embeddable":true,"href":"https:\/\/blogs.correiobraziliense.com.br\/dribledecorpo\/wp-json\/wp\/v2\/tags?post=36298"}],"curies":[{"name":"wp","href":"https:\/\/api.w.org\/{rel}","templated":true}]}}