{"id":36249,"date":"2026-07-11T00:01:01","date_gmt":"2026-07-11T03:01:01","guid":{"rendered":"https:\/\/blogs.correiobraziliense.com.br\/dribledecorpo\/?p=36249"},"modified":"2026-07-11T10:39:14","modified_gmt":"2026-07-11T13:39:14","slug":"personagens-do-dia-30-courtois-lammens-e-o-crepusculo-da-geracao-belga","status":"publish","type":"post","link":"https:\/\/blogs.correiobraziliense.com.br\/dribledecorpo\/personagens-do-dia-30-courtois-lammens-e-o-crepusculo-da-geracao-belga\/","title":{"rendered":"Personagens do Dia 30: Courtois, Lammens e o crep\u00fasculo da gera\u00e7\u00e3o belga"},"content":{"rendered":"<p>A Copa do Mundo condensou 15 anos da hist\u00f3ria da B\u00e9lgica em uma \u00fanica substitui\u00e7\u00e3o. Aos 26 minutos do segundo tempo, Thibaut Courtois, 34 anos, sentiu uma les\u00e3o na coxa esquerda e deixou as quartas de final contra a Espanha. Deu lugar a Senne Lammens, 24, apontado havia tempos como o herdeiro da camisa 1. Minutos depois, Mikel Merino aproveitou uma falha do estreante para marcar o gol da vit\u00f3ria espanhola por 2 x 1 e garantir \u00e0 Espanha uma vaga na semifinal pela primeira vez desde o t\u00edtulo in\u00e9dito de 2010, na \u00c1frica do Sul.<\/p>\n<p>&nbsp;<\/p>\n<p>Nem toda sucess\u00e3o espera o momento ideal.<\/p>\n<p>&nbsp;<\/p>\n<p>Lammens n\u00e3o entrou apenas para substituir um goleiro. Pisou no gramado para assumir as luvas de um dos grandes nomes da posi\u00e7\u00e3o no futebol mundial. N\u00e3o por acaso, a primeira grande noite com a camisa da B\u00e9lgica terminou sob o peso de uma responsabilidade experimentada por poucos goleiros: substituir Courtois em uma Copa do Mundo.<\/p>\n<p>&nbsp;<\/p>\n<p>A imagem da troca de guarda ajuda a explicar o momento do futebol belga. Kevin De Bruyne e Romelu Lukaku ainda estavam em campo, resistindo como os \u00faltimos expoentes da gera\u00e7\u00e3o que encantou a Europa na d\u00e9cada passada. Courtois, por\u00e9m, foi o primeiro deles a ser vencido pelo tempo nesta edi\u00e7\u00e3o. N\u00e3o por um drible, nem por um chute indefens\u00e1vel, mas por uma les\u00e3o. Foi vencido pela dor.<\/p>\n<p>&nbsp;<\/p>\n<p>A chamada gera\u00e7\u00e3o de ouro parecia destinada a mudar a hist\u00f3ria do pa\u00eds. Courtois, Kompany, Vertonghen, Alderweireld, Witsel, De Bruyne, Hazard e Lukaku formaram um elenco quase sempre entre os favoritos em qualquer torneio. O auge veio com o terceiro lugar na Copa da R\u00fassia, em 2018. Naquele Mundial, eliminou o Brasil nas quartas de final antes de cair diante da Fran\u00e7a, futura campe\u00e3.<\/p>\n<p>&nbsp;<\/p>\n<p>Faltou o t\u00edtulo. Poucas sele\u00e7\u00f5es permaneceram por tanto tempo entre as grandes for\u00e7as do futebol mundial sem conquistar um grande torneio.<\/p>\n<p>&nbsp;<\/p>\n<p>Aquela sele\u00e7\u00e3o produziu alguns dos melhores jogadores de uma \u00e9poca. Liderou o ranking da Fifa por quase dois anos, de agosto de 2021 a fevereiro de 2022; e depois de julho de 2020 a fevereiro de 2022; e tornou a B\u00e9lgica presen\u00e7a obrigat\u00f3ria entre as candidatas \u00e0s grandes competi\u00e7\u00f5es. Mas descobriu o que tantas outras gera\u00e7\u00f5es extraordin\u00e1rias aprenderam antes: talento n\u00e3o garante trof\u00e9us.<\/p>\n<p>&nbsp;<\/p>\n<p>Courtois talvez seja o maior s\u00edmbolo dessa contradi\u00e7\u00e3o. Foi protagonista no Atl\u00e9tico de Madrid, campe\u00e3o de tudo pelo Chelsea e pelo Real Madrid, eleito o melhor goleiro da Copa de 2018 e protagonista de atua\u00e7\u00f5es de almanaque na hist\u00f3ria da Liga dos Campe\u00f5es. Com a sele\u00e7\u00e3o, por\u00e9m, o curr\u00edculo pode ter sido encerrado sem a Copa.<\/p>\n<p>&nbsp;<\/p>\n<p>Se De Bruyne era o c\u00e9rebro e Hazard o rosto mais carism\u00e1tico da gera\u00e7\u00e3o belga, Courtois foi a \u00faltima trincheira. Durante mais de uma d\u00e9cada, transformou defesas dif\u00edceis em rotina e ofereceu \u00e0 B\u00e9lgica a seguran\u00e7a de quem entrava em campo sabendo ter um dos melhores goleiros do mundo atr\u00e1s da linha da bola. Foi tamb\u00e9m um dos jogadores mais regulares daquela gera\u00e7\u00e3o. A les\u00e3o em Los Angeles n\u00e3o mudou esse legado. Apenas lembrou que nem mesmo os gigantes escapam da passagem do tempo.<\/p>\n<p>&nbsp;<\/p>\n<p>A entrada de Lammens lembrou que nenhuma gera\u00e7\u00e3o \u00e9 eterna.<\/p>\n<p>&nbsp;<\/p>\n<p>Formado no Club Brugge e hoje goleiro do Royal Antwerp, o sucessor tem idade suficiente para ter crescido tendo Courtois como refer\u00eancia na posi\u00e7\u00e3o. Herdar o posto seria um desafio em qualquer circunst\u00e2ncia. Faz\u00ea-lo no mata-mata de uma Copa do Mundo, diante da Espanha, transformou a transi\u00e7\u00e3o em um rito de passagem brutal.<\/p>\n<p>&nbsp;<\/p>\n<p>A falha no gol de Merino n\u00e3o define a carreira de Lammens. Talvez nem seja lembrada daqui a alguns anos. Mas ficar\u00e1 registrada como o lance que simbolizou uma mudan\u00e7a inevit\u00e1vel.<\/p>\n<p>&nbsp;<\/p>\n<p>As grandes sele\u00e7\u00f5es sobrevivem porque sabem substituir os \u00eddolos. A It\u00e1lia trocou Buffon por Donnarumma. A Alemanha passou de Kahn para Lehmann e depois a Neuer. A Espanha deixou Casillas para tr\u00e1s antes de encontrar Unai Sim\u00f3n. A diferen\u00e7a \u00e9 que, na B\u00e9lgica, a sucess\u00e3o aconteceu de forma abrupta, provocada por uma les\u00e3o em pleno mata-mata de uma Copa do Mundo.<\/p>\n<p>&nbsp;<\/p>\n<p>Talvez De Bruyne e Lukaku resistam por mais algum tempo. Quem sabe a pr\u00f3xima gera\u00e7\u00e3o encontre novos protagonistas. Mas naquela tarde em Los Angeles, quando Courtois caminhou lentamente para o banco e Lammens correu para o gol, a B\u00e9lgica descobriu que sua gera\u00e7\u00e3o de ouro come\u00e7ava, enfim, a pertencer mais \u00e0 mem\u00f3ria do que ao futuro.<\/p>\n<p>&nbsp;<\/p>\n<p><strong>Leia tamb\u00e9m<\/strong><\/p>\n<p>https:\/\/blogs.correiobraziliense.com.br\/dribledecorpo\/personagem-do-dia-28-mbappe-e-os-012-na-historia-das-copas-do-mundo\/<\/p>\n<p>&nbsp;<\/p>\n<div>\n<p><strong>X: @marcospaulolima<\/strong><\/p>\n<\/div>\n<div>\n<p><strong>Instagram: @marcospaulolima.jor<\/strong><\/p>\n<\/div>\n","protected":false},"excerpt":{"rendered":"<p>A Copa do Mundo condensou 15 anos da hist\u00f3ria da B\u00e9lgica em uma \u00fanica substitui\u00e7\u00e3o. Aos 26 minutos do segundo tempo, Thibaut Courtois, 34 anos, sentiu uma les\u00e3o na coxa esquerda e deixou as quartas de final contra a Espanha. Deu lugar a Senne Lammens, 24, apontado havia tempos como o herdeiro da camisa 1. [&hellip;]<\/p>\n","protected":false},"author":31,"featured_media":36252,"comment_status":"open","ping_status":"closed","sticky":false,"template":"","format":"standard","meta":{"wpb_read_more":[],"footnotes":""},"categories":[9],"tags":[319,43,2039,251,2041,2040],"class_list":["post-36249","post","type-post","status-publish","format-standard","has-post-thumbnail","hentry","category-esporte","tag-belgica","tag-copa-do-mundo","tag-courtois","tag-espanha","tag-geracao-belga","tag-lammens"],"_links":{"self":[{"href":"https:\/\/blogs.correiobraziliense.com.br\/dribledecorpo\/wp-json\/wp\/v2\/posts\/36249","targetHints":{"allow":["GET"]}}],"collection":[{"href":"https:\/\/blogs.correiobraziliense.com.br\/dribledecorpo\/wp-json\/wp\/v2\/posts"}],"about":[{"href":"https:\/\/blogs.correiobraziliense.com.br\/dribledecorpo\/wp-json\/wp\/v2\/types\/post"}],"author":[{"embeddable":true,"href":"https:\/\/blogs.correiobraziliense.com.br\/dribledecorpo\/wp-json\/wp\/v2\/users\/31"}],"replies":[{"embeddable":true,"href":"https:\/\/blogs.correiobraziliense.com.br\/dribledecorpo\/wp-json\/wp\/v2\/comments?post=36249"}],"version-history":[{"count":7,"href":"https:\/\/blogs.correiobraziliense.com.br\/dribledecorpo\/wp-json\/wp\/v2\/posts\/36249\/revisions"}],"predecessor-version":[{"id":36266,"href":"https:\/\/blogs.correiobraziliense.com.br\/dribledecorpo\/wp-json\/wp\/v2\/posts\/36249\/revisions\/36266"}],"wp:featuredmedia":[{"embeddable":true,"href":"https:\/\/blogs.correiobraziliense.com.br\/dribledecorpo\/wp-json\/wp\/v2\/media\/36252"}],"wp:attachment":[{"href":"https:\/\/blogs.correiobraziliense.com.br\/dribledecorpo\/wp-json\/wp\/v2\/media?parent=36249"}],"wp:term":[{"taxonomy":"category","embeddable":true,"href":"https:\/\/blogs.correiobraziliense.com.br\/dribledecorpo\/wp-json\/wp\/v2\/categories?post=36249"},{"taxonomy":"post_tag","embeddable":true,"href":"https:\/\/blogs.correiobraziliense.com.br\/dribledecorpo\/wp-json\/wp\/v2\/tags?post=36249"}],"curies":[{"name":"wp","href":"https:\/\/api.w.org\/{rel}","templated":true}]}}