{"id":36243,"date":"2026-07-10T19:00:16","date_gmt":"2026-07-10T22:00:16","guid":{"rendered":"https:\/\/blogs.correiobraziliense.com.br\/dribledecorpo\/?p=36243"},"modified":"2026-07-10T19:18:31","modified_gmt":"2026-07-10T22:18:31","slug":"copa-2026-semifinais-ranking-fifa-espanha-franca","status":"publish","type":"post","link":"https:\/\/blogs.correiobraziliense.com.br\/dribledecorpo\/copa-2026-semifinais-ranking-fifa-espanha-franca\/","title":{"rendered":"Blindagem do ranking da Fifa funciona e encaminha semis de peso"},"content":{"rendered":"<p><strong>Nova Jersey \u2014<\/strong> Quantas vezes voc\u00ea ouviu dizer que o ranking da Fifa n\u00e3o serve para nada? A Copa do Mundo de 2026 pode ter semifinais entre os quatro melhores da lista justamente na edi\u00e7\u00e3o em que a entidade m\u00e1xima do futebol decidiu blind\u00e1-las no sorteio dos grupos no ano passado e separ\u00e1-las em chaves diferentes. Primeira colocada \u00e0 \u00e9poca, a Espanha ter\u00e1 pela frente a terceira, Fran\u00e7a, nas semifinais de ter\u00e7a-feira, em Dallas. Falta a segunda colocada Argentina e a quarta, Inglaterra, confirmarem o outro confronto na quarta-feira, em Atlanta. Os atuais campe\u00f5es enfrentam a Su\u00ed\u00e7a e os ingleses duelam com a Noruega.<\/p>\n<p>&nbsp;<\/p>\n<p>A classifica\u00e7\u00e3o da Espanha consolida um jogador iluminado. Como escrevi outro dia no blog, Mikel Merino virou protagonista na classifica\u00e7\u00e3o contra a Alemanha nas oitavas de final da Eurocopa em 2024. Classificou o pa\u00eds no \u00faltimo minuto da prorroga\u00e7\u00e3o. Na segunda-feira passada, foi dele o gol da vit\u00f3ria contra Portugal nas oitavas de final. Agora, devolve a sele\u00e7\u00e3o ao G4. A \u00faltima vez havia sido na conquista do t\u00edtulo em 2010, na \u00c1frica.<\/p>\n<p>&nbsp;<\/p>\n<p>De l\u00e1 para c\u00e1, a Espanha amargou elimina\u00e7\u00e3o precoce como campe\u00e3 vigente na fase de grupos do torneio disputado no Brasil. Caiu no Maracan\u00e3 com uma derrota para o Chile de Jorge Sampaoli. Quatro anos depois, deu adeus nos p\u00eanaltis contra a anfitri\u00e3 R\u00fassia. Em 2022, se despediu nos p\u00eanaltis na derrota para Marrocos novamente nas oitavas. \u00c0 \u00e9poca, o time comandado por Luis Enrique errou todas as cobran\u00e7a e perdeu por 3 x 0.<\/p>\n<p>&nbsp;<\/p>\n<p>A vit\u00f3ria tem um sabor especial para a Espanha por causa de 40 anos atr\u00e1s. Em 1986, a B\u00e9lgica despachou a Espanha nos p\u00eanaltis justamente nas quartas de final. O advers\u00e1rio fez 5 x 4 depois do empate por 1 x 1 no tempo regulamentar. Aniversariante do dia, Eloy errou a cobran\u00e7a da F\u00faria e frustrou o pa\u00eds naquele 10 de julho. Aos 62 anos, ele ganhou de presente uma revanche: a classifica\u00e7\u00e3o contra a B\u00e9lgica justamente nas quartas de final.<\/p>\n<p>&nbsp;<\/p>\n<p>O azarado da vez \u00e9 o goleiro Lammens. Courtois sofreu les\u00e3o na coxa e deixou o campo para a entrada de Lammens. Na terceira partida pela sele\u00e7\u00e3o, ele bateu roupa e deixou a vaga de m\u00e3os beijadas nos p\u00e9s do meia Merino aos 42 minutos da etapa final no lance crucial.<\/p>\n<p>&nbsp;<\/p>\n<p>Espanha e Fran\u00e7a decidiram a Euro em 1984. Os gauleses conquistaram o t\u00edtulo por 2 x 0. Em 2021, decidiram o t\u00edtulo da Liga das Na\u00e7\u00f5es e a Fran\u00e7a venceu por 2 x 1. H\u00e1 dois anos, os espanh\u00f3is derrotaram os franceses por 2 x 1 nas semifinais do Velho Continente. Fortes na base, ambos decidiram a medalha de ouro nos Jogos Ol\u00edmpicos de Paris-2024.<\/p>\n<p>&nbsp;<\/p>\n<p>Campe\u00e3o da Copa do Mundo na primeira participa\u00e7\u00e3o em Copas na edi\u00e7\u00e3o de 2018. Mbapp\u00e9 tentar\u00e1 impedir que Lamine Yamal consiga o mesmo na estreia no torneio. N\u00e3o h\u00e1 d\u00favida de que os astros do Real Madrid e do Barcelona s\u00e3o os protagonistas do joga\u00e7o de ter\u00e7a-feira em Dallas valendo acesso \u00e0 disputa do t\u00edtulo no pr\u00f3ximo dia 19, em Nova Jersey.<\/p>\n<p>&nbsp;<\/p>\n<p><strong>Ranking antes do sorteio dos grupos<\/strong><\/p>\n<p>1 Espanha<br \/>\n2 Argentina<br \/>\n3 Fran\u00e7a<br \/>\n4 Inglaterra<br \/>\n5 Brasil<br \/>\n6 Portugal<br \/>\n7 Pa\u00edses Baixos<br \/>\n8 B\u00e9lgica<br \/>\n9 Alemanha<br \/>\n10 Cro\u00e1cia<\/p>\n<p>&nbsp;<\/p>\n<div>\n<p><strong>X: @marcospaulolima<\/strong><\/p>\n<\/div>\n<div>\n<p><strong>Instagram: @marcospaulolima.jor<\/strong><\/p>\n<\/div>\n","protected":false},"excerpt":{"rendered":"<p>Nova Jersey \u2014 Quantas vezes voc\u00ea ouviu dizer que o ranking da Fifa n\u00e3o serve para nada? A Copa do Mundo de 2026 pode ter semifinais entre os quatro melhores da lista justamente na edi\u00e7\u00e3o em que a entidade m\u00e1xima do futebol decidiu blind\u00e1-las no sorteio dos grupos no ano passado e separ\u00e1-las em chaves [&hellip;]<\/p>\n","protected":false},"author":31,"featured_media":36245,"comment_status":"open","ping_status":"closed","sticky":false,"template":"","format":"standard","meta":{"wpb_read_more":[],"footnotes":""},"categories":[9],"tags":[319,43,251,2038,1104],"class_list":["post-36243","post","type-post","status-publish","format-standard","has-post-thumbnail","hentry","category-esporte","tag-belgica","tag-copa-do-mundo","tag-espanha","tag-ranking-da-fifa","tag-semifinais"],"_links":{"self":[{"href":"https:\/\/blogs.correiobraziliense.com.br\/dribledecorpo\/wp-json\/wp\/v2\/posts\/36243","targetHints":{"allow":["GET"]}}],"collection":[{"href":"https:\/\/blogs.correiobraziliense.com.br\/dribledecorpo\/wp-json\/wp\/v2\/posts"}],"about":[{"href":"https:\/\/blogs.correiobraziliense.com.br\/dribledecorpo\/wp-json\/wp\/v2\/types\/post"}],"author":[{"embeddable":true,"href":"https:\/\/blogs.correiobraziliense.com.br\/dribledecorpo\/wp-json\/wp\/v2\/users\/31"}],"replies":[{"embeddable":true,"href":"https:\/\/blogs.correiobraziliense.com.br\/dribledecorpo\/wp-json\/wp\/v2\/comments?post=36243"}],"version-history":[{"count":4,"href":"https:\/\/blogs.correiobraziliense.com.br\/dribledecorpo\/wp-json\/wp\/v2\/posts\/36243\/revisions"}],"predecessor-version":[{"id":36248,"href":"https:\/\/blogs.correiobraziliense.com.br\/dribledecorpo\/wp-json\/wp\/v2\/posts\/36243\/revisions\/36248"}],"wp:featuredmedia":[{"embeddable":true,"href":"https:\/\/blogs.correiobraziliense.com.br\/dribledecorpo\/wp-json\/wp\/v2\/media\/36245"}],"wp:attachment":[{"href":"https:\/\/blogs.correiobraziliense.com.br\/dribledecorpo\/wp-json\/wp\/v2\/media?parent=36243"}],"wp:term":[{"taxonomy":"category","embeddable":true,"href":"https:\/\/blogs.correiobraziliense.com.br\/dribledecorpo\/wp-json\/wp\/v2\/categories?post=36243"},{"taxonomy":"post_tag","embeddable":true,"href":"https:\/\/blogs.correiobraziliense.com.br\/dribledecorpo\/wp-json\/wp\/v2\/tags?post=36243"}],"curies":[{"name":"wp","href":"https:\/\/api.w.org\/{rel}","templated":true}]}}