{"id":36022,"date":"2026-06-16T07:29:11","date_gmt":"2026-06-16T10:29:11","guid":{"rendered":"https:\/\/blogs.correiobraziliense.com.br\/dribledecorpo\/?p=36022"},"modified":"2026-06-17T08:07:59","modified_gmt":"2026-06-17T11:07:59","slug":"federacoes-blindam-samir-xaud-em-meio-a-crise-politica-na-copa-do-mundo","status":"publish","type":"post","link":"https:\/\/blogs.correiobraziliense.com.br\/dribledecorpo\/federacoes-blindam-samir-xaud-em-meio-a-crise-politica-na-copa-do-mundo\/","title":{"rendered":"Federa\u00e7\u00f5es blindam Samir Xaud em meio a crise pol\u00edtica na Copa do Mundo"},"content":{"rendered":"<p><strong>New Jersey \u2014<\/strong> De um lado, a mobiliza\u00e7\u00e3o da Confedera\u00e7\u00e3o Brasileira de Futebol (CBF) para curar Neymar da les\u00e3o de grau 2 na panturrilha e provar a condi\u00e7\u00e3o de jogo dele na Copa depois do \u00eaxtase na convoca\u00e7\u00e3o em 18 de maio no Museu do Amanh\u00e3, na Zona Portu\u00e1ria do Rio de Janeiro. Nos bastidores, uma correria para apagar o inc\u00eandio causado por mais uma crise pol\u00edtica no alto escal\u00e3o da entidade m\u00e1xima do futebol na Copa do Mundo.<\/p>\n<p>&nbsp;<\/p>\n<p>Acusado de um suposto uso de recursos da entidade para gastos pessoais luxuosos em reportagem do portal L\u00e9o Dias, o presidente da entidade, Samir Xaud, tem o apoio das federa\u00e7\u00f5es no primeiro desgaste desde a posse na elei\u00e7\u00e3o em 25 de maio do ano passado. A entidade contesta a publica\u00e7\u00e3o, inclusive detalhes sobre vida privada do dirigente.<\/p>\n<p>&nbsp;<\/p>\n<p>&#8220;A Confedera\u00e7\u00e3o Brasileira de Futebol, a CBF, rejeita as informa\u00e7\u00f5es de suposto uso indevido de verbas da entidade divulgadas pelo Portal Leo Dias. As despesas realizadas pela entidade s\u00e3o vinculadas exclusivamente \u00e0s atividades institucionais&#8221;, inicia o documento.<\/p>\n<p>&nbsp;<\/p>\n<p>\u201cAs despesas particulares dos dirigentes s\u00e3o arcadas pelos pr\u00f3prios. A atual gest\u00e3o da CBF tem como pilares a transpar\u00eancia, a responsabilidade administrativa e o compromisso com a integridade. A CBF refor\u00e7a que permanece \u00e0 disposi\u00e7\u00e3o para qualquer esclarecimento adicional&#8221;, pontua a entidade m\u00e1xima do futebol brasileiro.<\/p>\n<p>&nbsp;<\/p>\n<p>O epis\u00f3dio \u00e9 interpretado nos bastidores como novo fogo cruzado na disputa interna pelo poder. De 2012 para c\u00e1, quando Ricardo Teixeira deixou a CBF, a entidade acumula cinco presidentes diferentes em 14 anos: Jos\u00e9 Maria Marin, Marco Polo Del Nero, Rog\u00e9rio Caboclo e Ednaldo Rodrigues. Samir Xaud seria o pr\u00f3ximo alvo da fogueira de vaidades, mas as federa\u00e7\u00f5es respons\u00e1veis pela indica\u00e7\u00e3o dele no pleito do ano passado decidiram blind\u00e1-lo.<\/p>\n<p>&nbsp;<\/p>\n<p>Uma delas \u00e9 a do Distrito Federal. O blog entrou em contado com o presidente Daniel Vasconcelos para saber o posicionamento do dirigente diante da turbul\u00eancia. \u201cO presidente Samir tem o apoio total das federa\u00e7\u00f5es. Em pouco mais de um ano de mandato, ao lado de sua diretoria, ele tem demonstrado coragem e compromisso ao enfrentar temas fundamentais para o desenvolvimento do futebol brasileiro\u201d, respondeu.<\/p>\n<p>&nbsp;<\/p>\n<p>Daniel Vasconcelos apontou virtudes da gest\u00e3o. \u201cA profissionaliza\u00e7\u00e3o da arbitragem, a implementa\u00e7\u00e3o do fair play financeiro e a cria\u00e7\u00e3o de grupos de trabalho para debater e fortalecer o futebol de base, entre outras importantes iniciativas. S\u00e3o a\u00e7\u00f5es que mostram uma gest\u00e3o moderna, respons\u00e1vel e preocupada com o futuro do nosso futebol\u201d, afirmou.<\/p>\n<p>&nbsp;<\/p>\n<p>Em Nova Jersey, por\u00e9m, a ordem \u00e9 separar os assuntos. A prioridade esportiva segue sendo recuperar Neymar a tempo de coloc\u00e1-lo em condi\u00e7\u00f5es de ajudar a Sele\u00e7\u00e3o na reta decisiva do Mundial. Fora das quatro linhas, a miss\u00e3o \u00e9 impedir que mais uma batalha pelo poder desvie a aten\u00e7\u00e3o do objetivo maior: a conquista da sexta estrela.<\/p>\n<p>&nbsp;<\/p>\n<div>\n<p><strong>X: @marcospaulolima<\/strong><\/p>\n<\/div>\n<div>\n<p><strong>Instagram: @marcospaulolima.jor<\/strong><\/p>\n<\/div>\n","protected":false},"excerpt":{"rendered":"<p>New Jersey \u2014 De um lado, a mobiliza\u00e7\u00e3o da Confedera\u00e7\u00e3o Brasileira de Futebol (CBF) para curar Neymar da les\u00e3o de grau 2 na panturrilha e provar a condi\u00e7\u00e3o de jogo dele na Copa depois do \u00eaxtase na convoca\u00e7\u00e3o em 18 de maio no Museu do Amanh\u00e3, na Zona Portu\u00e1ria do Rio de Janeiro. Nos bastidores, [&hellip;]<\/p>\n","protected":false},"author":31,"featured_media":36024,"comment_status":"open","ping_status":"closed","sticky":false,"template":"","format":"standard","meta":{"wpb_read_more":[],"footnotes":""},"categories":[9],"tags":[268,902,1219],"class_list":["post-36022","post","type-post","status-publish","format-standard","has-post-thumbnail","hentry","category-esporte","tag-cbf","tag-presidente-da-cbf","tag-samir-xaud"],"_links":{"self":[{"href":"https:\/\/blogs.correiobraziliense.com.br\/dribledecorpo\/wp-json\/wp\/v2\/posts\/36022","targetHints":{"allow":["GET"]}}],"collection":[{"href":"https:\/\/blogs.correiobraziliense.com.br\/dribledecorpo\/wp-json\/wp\/v2\/posts"}],"about":[{"href":"https:\/\/blogs.correiobraziliense.com.br\/dribledecorpo\/wp-json\/wp\/v2\/types\/post"}],"author":[{"embeddable":true,"href":"https:\/\/blogs.correiobraziliense.com.br\/dribledecorpo\/wp-json\/wp\/v2\/users\/31"}],"replies":[{"embeddable":true,"href":"https:\/\/blogs.correiobraziliense.com.br\/dribledecorpo\/wp-json\/wp\/v2\/comments?post=36022"}],"version-history":[{"count":3,"href":"https:\/\/blogs.correiobraziliense.com.br\/dribledecorpo\/wp-json\/wp\/v2\/posts\/36022\/revisions"}],"predecessor-version":[{"id":36025,"href":"https:\/\/blogs.correiobraziliense.com.br\/dribledecorpo\/wp-json\/wp\/v2\/posts\/36022\/revisions\/36025"}],"wp:featuredmedia":[{"embeddable":true,"href":"https:\/\/blogs.correiobraziliense.com.br\/dribledecorpo\/wp-json\/wp\/v2\/media\/36024"}],"wp:attachment":[{"href":"https:\/\/blogs.correiobraziliense.com.br\/dribledecorpo\/wp-json\/wp\/v2\/media?parent=36022"}],"wp:term":[{"taxonomy":"category","embeddable":true,"href":"https:\/\/blogs.correiobraziliense.com.br\/dribledecorpo\/wp-json\/wp\/v2\/categories?post=36022"},{"taxonomy":"post_tag","embeddable":true,"href":"https:\/\/blogs.correiobraziliense.com.br\/dribledecorpo\/wp-json\/wp\/v2\/tags?post=36022"}],"curies":[{"name":"wp","href":"https:\/\/api.w.org\/{rel}","templated":true}]}}