{"id":35933,"date":"2026-06-12T06:00:57","date_gmt":"2026-06-12T09:00:57","guid":{"rendered":"https:\/\/blogs.correiobraziliense.com.br\/dribledecorpo\/?p=35933"},"modified":"2026-06-12T10:56:15","modified_gmt":"2026-06-12T13:56:15","slug":"personagem-do-dia-2-jesse-marsch-o-tecnico-do-sistema-red-bull","status":"publish","type":"post","link":"https:\/\/blogs.correiobraziliense.com.br\/dribledecorpo\/personagem-do-dia-2-jesse-marsch-o-tecnico-do-sistema-red-bull\/","title":{"rendered":"Personagem do dia 2: Jesse Marsch, o t\u00e9cnico do sistema Red Bull"},"content":{"rendered":"<p class=\"isSelectedEnd\"><strong>New Jersey \u2014<\/strong> A Copa do Mundo de 2026 marca a estreia de Jesse Marsch como comandante do Canad\u00e1 em um Mundial, mas o treinador estadunidense nascido em Racine Wisconsin chega ao torneio com uma identidade j\u00e1 definida: ele \u00e9 um dos t\u00e9cnicos mais representativos do chamado \u201cecossistema Red Bull\u201d no futebol moderno.<\/p>\n<p>&nbsp;<\/p>\n<p class=\"isSelectedEnd\">A carreira de Marsch foi moldada dentro de uma filosofia clara, baseada em intensidade, press\u00e3o alta e transi\u00e7\u00f5es r\u00e1pidas. O ponto de partida foi o New York Red Bulls, nos Estados Unidos, onde ganhou proje\u00e7\u00e3o ao transformar a equipe em uma das mais agressivas da Major League Soccer.<\/p>\n<p>&nbsp;<\/p>\n<p class=\"isSelectedEnd\">A consolida\u00e7\u00e3o do trabalho veio na Europa. No Red Bull Salzburg, da \u00c1ustria, Marsch aprofundou os princ\u00edpios do modelo e ajudou a exportar a metodologia do grupo para o futebol europeu. O desempenho abriu caminho para o RB Leipzig, na Alemanha, onde teve sua passagem mais vis\u00edvel no cen\u00e1rio de elite, competindo na Bundesliga e em competi\u00e7\u00f5es continentais.<\/p>\n<p>&nbsp;<\/p>\n<p class=\"isSelectedEnd\">Mais do que uma sequ\u00eancia de clubes, a trajet\u00f3ria revela um treinador formado dentro de um sistema. New York, Salzburg e Leipzig funcionam como etapas de um mesmo projeto global, no qual ideias de jogo s\u00e3o replicadas independentemente do pa\u00eds ou da liga.<\/p>\n<p>&nbsp;<\/p>\n<figure id=\"attachment_35939\" aria-describedby=\"caption-attachment-35939\" style=\"width: 1024px\" class=\"wp-caption aligncenter\"><a href=\"https:\/\/blogs.correiobraziliense.com.br\/dribledecorpo\/wp-content\/uploads\/sites\/15\/2026\/06\/Canada-estreia.jpg\"><img loading=\"lazy\" decoding=\"async\" class=\"size-large wp-image-35939\" src=\"https:\/\/blogs.correiobraziliense.com.br\/dribledecorpo\/wp-content\/uploads\/sites\/15\/2026\/06\/Canada-estreia-1024x576.jpg\" alt=\"\" width=\"1024\" height=\"576\" srcset=\"https:\/\/blogs.correiobraziliense.com.br\/dribledecorpo\/wp-content\/uploads\/sites\/15\/2026\/06\/Canada-estreia-1024x576.jpg 1024w, https:\/\/blogs.correiobraziliense.com.br\/dribledecorpo\/wp-content\/uploads\/sites\/15\/2026\/06\/Canada-estreia-300x169.jpg 300w, https:\/\/blogs.correiobraziliense.com.br\/dribledecorpo\/wp-content\/uploads\/sites\/15\/2026\/06\/Canada-estreia-768x432.jpg 768w, https:\/\/blogs.correiobraziliense.com.br\/dribledecorpo\/wp-content\/uploads\/sites\/15\/2026\/06\/Canada-estreia-1440x810.jpg 1440w, https:\/\/blogs.correiobraziliense.com.br\/dribledecorpo\/wp-content\/uploads\/sites\/15\/2026\/06\/Canada-estreia-800x450.jpg 800w, https:\/\/blogs.correiobraziliense.com.br\/dribledecorpo\/wp-content\/uploads\/sites\/15\/2026\/06\/Canada-estreia-550x309.jpg 550w, https:\/\/blogs.correiobraziliense.com.br\/dribledecorpo\/wp-content\/uploads\/sites\/15\/2026\/06\/Canada-estreia-230x129.jpg 230w\" sizes=\"auto, (max-width: 1024px) 100vw, 1024px\" \/><\/a><figcaption id=\"caption-attachment-35939\" class=\"wp-caption-text\">Um dos anfitri\u00f5es da Copa, o Canad\u00e1 estreia em Toronto assim contra a B\u00f3snia. Arte: Marcos Paulo Lima<\/figcaption><\/figure>\n<p>&nbsp;<\/p>\n<p class=\"isSelectedEnd\">Essa experi\u00eancia o levou ao desafio de comandar a sele\u00e7\u00e3o do Canad\u00e1 em uma Copa do Mundo disputada em casa. No ambiente de sele\u00e7\u00f5es, por\u00e9m, o contexto \u00e9 diferente. O tempo de trabalho \u00e9 curto, a repeti\u00e7\u00e3o de padr\u00f5es \u00e9 limitada e a adapta\u00e7\u00e3o dos jogadores nem sempre acompanha a rigidez de um modelo de clube.<\/p>\n<p>&nbsp;<\/p>\n<p class=\"isSelectedEnd\">Marsch tenta, ainda assim, transferir para o cen\u00e1rio internacional uma convic\u00e7\u00e3o constru\u00edda ao longo da carreira: a de que a identidade de jogo pode ser mais forte do que o tempo de prepara\u00e7\u00e3o. O Canad\u00e1 chega ao Mundial buscando organiza\u00e7\u00e3o, intensidade e competitividade \u2014 marcas registradas do treinador.<\/p>\n<p>&nbsp;<\/p>\n<p>Na Copa de 2026, Jesse Marsch n\u00e3o \u00e9 apenas o t\u00e9cnico canadense. \u00c9 um representante de um modelo de futebol pensado para clubes, testado em diferentes pa\u00edses e agora colocado \u00e0 prova no ambiente mais imprevis\u00edvel do esporte: uma Copa do Mundo.<\/p>\n<p>&nbsp;<\/p>\n<p><strong>Leia tamb\u00e9m:<\/strong><\/p>\n<blockquote class=\"wp-embedded-content\" data-secret=\"69jFojXPy3\"><p><a href=\"https:\/\/blogs.correiobraziliense.com.br\/dribledecorpo\/personagem-do-dia-zagallo-mexicano-javier-aguirre-alcanca-quinta-copa\/\">Personagem do dia 1: &#8220;Zagallo&#8221; mexicano, Javier Aguirre alcan\u00e7a quinta Copa<\/a><\/p><\/blockquote>\n<p><iframe loading=\"lazy\" class=\"wp-embedded-content\" sandbox=\"allow-scripts\" security=\"restricted\" style=\"position: absolute; visibility: hidden;\" title=\"\u201cPersonagem do dia 1: \u201cZagallo\u201d mexicano, Javier Aguirre alcan\u00e7a quinta Copa\u201d \u2014 Blog Drible de Corpo\" src=\"https:\/\/blogs.correiobraziliense.com.br\/dribledecorpo\/personagem-do-dia-zagallo-mexicano-javier-aguirre-alcanca-quinta-copa\/embed\/#?secret=Pffe5hrK1j#?secret=69jFojXPy3\" data-secret=\"69jFojXPy3\" width=\"600\" height=\"338\" frameborder=\"0\" marginwidth=\"0\" marginheight=\"0\" scrolling=\"no\"><\/iframe><\/p>\n<p>&nbsp;<\/p>\n<div>\n<p><strong>X: @marcospaulolima<\/strong><\/p>\n<\/div>\n<div>\n<p><strong>Instagram: @marcospaulolima.jor<\/strong><\/p>\n<\/div>\n","protected":false},"excerpt":{"rendered":"<p>New Jersey \u2014 A Copa do Mundo de 2026 marca a estreia de Jesse Marsch como comandante do Canad\u00e1 em um Mundial, mas o treinador estadunidense nascido em Racine Wisconsin chega ao torneio com uma identidade j\u00e1 definida: ele \u00e9 um dos t\u00e9cnicos mais representativos do chamado \u201cecossistema Red Bull\u201d no futebol moderno. &nbsp; A [&hellip;]<\/p>\n","protected":false},"author":31,"featured_media":35937,"comment_status":"open","ping_status":"closed","sticky":false,"template":"","format":"standard","meta":{"wpb_read_more":[],"footnotes":""},"categories":[9],"tags":[321,686,1926,845,92,1924,1917,1925,1922,1920,1919,1921,1918,1923],"class_list":["post-35933","post","type-post","status-publish","format-standard","has-post-thumbnail","hentry","category-esporte","tag-canada","tag-copa-do-mundo-2026","tag-futebol-alemao","tag-futebol-europeu","tag-futebol-internacional","tag-guia-da-copa","tag-jesse-marsch","tag-mls","tag-new-york-red-bulls","tag-rb-leipzig","tag-red-bull","tag-red-bull-salzburg","tag-selecao-canadense","tag-tecnicos-de-futebol"],"_links":{"self":[{"href":"https:\/\/blogs.correiobraziliense.com.br\/dribledecorpo\/wp-json\/wp\/v2\/posts\/35933","targetHints":{"allow":["GET"]}}],"collection":[{"href":"https:\/\/blogs.correiobraziliense.com.br\/dribledecorpo\/wp-json\/wp\/v2\/posts"}],"about":[{"href":"https:\/\/blogs.correiobraziliense.com.br\/dribledecorpo\/wp-json\/wp\/v2\/types\/post"}],"author":[{"embeddable":true,"href":"https:\/\/blogs.correiobraziliense.com.br\/dribledecorpo\/wp-json\/wp\/v2\/users\/31"}],"replies":[{"embeddable":true,"href":"https:\/\/blogs.correiobraziliense.com.br\/dribledecorpo\/wp-json\/wp\/v2\/comments?post=35933"}],"version-history":[{"count":9,"href":"https:\/\/blogs.correiobraziliense.com.br\/dribledecorpo\/wp-json\/wp\/v2\/posts\/35933\/revisions"}],"predecessor-version":[{"id":35944,"href":"https:\/\/blogs.correiobraziliense.com.br\/dribledecorpo\/wp-json\/wp\/v2\/posts\/35933\/revisions\/35944"}],"wp:featuredmedia":[{"embeddable":true,"href":"https:\/\/blogs.correiobraziliense.com.br\/dribledecorpo\/wp-json\/wp\/v2\/media\/35937"}],"wp:attachment":[{"href":"https:\/\/blogs.correiobraziliense.com.br\/dribledecorpo\/wp-json\/wp\/v2\/media?parent=35933"}],"wp:term":[{"taxonomy":"category","embeddable":true,"href":"https:\/\/blogs.correiobraziliense.com.br\/dribledecorpo\/wp-json\/wp\/v2\/categories?post=35933"},{"taxonomy":"post_tag","embeddable":true,"href":"https:\/\/blogs.correiobraziliense.com.br\/dribledecorpo\/wp-json\/wp\/v2\/tags?post=35933"}],"curies":[{"name":"wp","href":"https:\/\/api.w.org\/{rel}","templated":true}]}}