{"id":35923,"date":"2026-06-11T00:00:02","date_gmt":"2026-06-11T03:00:02","guid":{"rendered":"https:\/\/blogs.correiobraziliense.com.br\/dribledecorpo\/?p=35923"},"modified":"2026-06-11T10:49:49","modified_gmt":"2026-06-11T13:49:49","slug":"personagem-do-dia-zagallo-mexicano-javier-aguirre-alcanca-quinta-copa","status":"publish","type":"post","link":"https:\/\/blogs.correiobraziliense.com.br\/dribledecorpo\/personagem-do-dia-zagallo-mexicano-javier-aguirre-alcanca-quinta-copa\/","title":{"rendered":"Personagem do dia 1: &#8220;Zagallo&#8221; mexicano, Javier Aguirre alcan\u00e7a quinta Copa"},"content":{"rendered":"<p><strong>New Jersey (EUA) \u2014<\/strong> Um dos tr\u00eas anfitri\u00f5es da Copa do Mundo, o M\u00e9xico ser\u00e1 comandado por uma esp\u00e9cie de Zagallo asteca. Aos 67 anos \u2014 a mesma idade de Carlo Ancelotti \u2014 Javier Aguirre n\u00e3o coleciona os t\u00edtulos do Velho Lobo, mas construiu uma trajet\u00f3ria igualmente singular no futebol.<\/p>\n<p>&nbsp;<\/p>\n<p>Nascido em 1\u00ba de dezembro de 1958, na Cidade do M\u00e9xico, Aguirre acaba de completar meio s\u00e9culo de carreira entre os pap\u00e9is de jogador e treinador e disputar\u00e1 a Copa do Mundo pela quinta vez. O trabalho dele sofre duas cr\u00edticas, mas como diria o Velho Lobo, &#8220;v\u00e3o ter que me engolir&#8221;.<\/p>\n<p>&nbsp;<\/p>\n<p>Em 1986, Javier Aguirre era meia-atacante da sele\u00e7\u00e3o mexicana dirigida pelo s\u00e9rvio Bora Milutinovic. Diante da pr\u00f3pria torcida, ajudou o pa\u00eds a alcan\u00e7ar as quartas de final \u2014 ainda hoje uma das melhores campanhas da hist\u00f3ria mexicana no torneio. A elimina\u00e7\u00e3o veio nos p\u00eanaltis contra a Alemanha Ocidental, em Monterrey, depois do empate sem gols. Aguirre, ent\u00e3o jogador do Atlante, usava a camisa 13 em um elenco liderado por Hugo S\u00e1nchez.<\/p>\n<p>&nbsp;<\/p>\n<p>Oito anos mais tarde, participou novamente do Mundial, agora fora das quatro linhas. Em 1994, integrou a comiss\u00e3o t\u00e9cnica de Miguel Mej\u00eda Bar\u00f3n. O M\u00e9xico impressionou ao terminar em primeiro lugar no equilibrad\u00edssimo Grupo E, \u00e0 frente de It\u00e1lia, Irlanda e Noruega. O sonho terminou nas oitavas de final: empate por 1 x 1 com a Bulg\u00e1ria e elimina\u00e7\u00e3o nos p\u00eanaltis.<\/p>\n<p>&nbsp;<\/p>\n<p>A experi\u00eancia abriu as portas para um novo patamar. Em 2002, no Jap\u00e3o e na Coreia do Sul, Javier Aguirre assumiu o comando t\u00e9cnico da sele\u00e7\u00e3o e repetiu o feito da lideran\u00e7a do grupo, deixando para tr\u00e1s It\u00e1lia, Cro\u00e1cia e Equador. Depois de encantar na primeira fase, caiu diante dos Estados Unidos por 2 x 0 nas oitavas \u2014 uma das derrotas mais dolorosas da hist\u00f3ria recente do futebol mexicano.<\/p>\n<p>&nbsp;<\/p>\n<p>O roteiro se repetiu em 2010. Aguirre voltou ao Mundial como treinador e comandou o M\u00e9xico justamente no jogo de abertura contra a anfitri\u00e3 \u00c1frica do Sul. O empate por 1 x 1 em Johannesburgo entrou para a mem\u00f3ria pela atmosfera criada no Soccer City e pela trilha sonora daquela Copa: <em>Waka Waka<\/em>, de Shakira.<\/p>\n<p>&nbsp;<\/p>\n<figure id=\"attachment_35927\" aria-describedby=\"caption-attachment-35927\" style=\"width: 1024px\" class=\"wp-caption alignnone\"><a href=\"https:\/\/blogs.correiobraziliense.com.br\/dribledecorpo\/wp-content\/uploads\/sites\/15\/2026\/06\/M\u00e9xico-de-Javier-Aguirre.jpg\"><img loading=\"lazy\" decoding=\"async\" class=\"size-large wp-image-35927\" src=\"https:\/\/blogs.correiobraziliense.com.br\/dribledecorpo\/wp-content\/uploads\/sites\/15\/2026\/06\/M\u00e9xico-de-Javier-Aguirre-1024x576.jpg\" alt=\"\" width=\"1024\" height=\"576\" srcset=\"https:\/\/blogs.correiobraziliense.com.br\/dribledecorpo\/wp-content\/uploads\/sites\/15\/2026\/06\/M\u00e9xico-de-Javier-Aguirre-1024x576.jpg 1024w, https:\/\/blogs.correiobraziliense.com.br\/dribledecorpo\/wp-content\/uploads\/sites\/15\/2026\/06\/M\u00e9xico-de-Javier-Aguirre-300x169.jpg 300w, https:\/\/blogs.correiobraziliense.com.br\/dribledecorpo\/wp-content\/uploads\/sites\/15\/2026\/06\/M\u00e9xico-de-Javier-Aguirre-768x432.jpg 768w, https:\/\/blogs.correiobraziliense.com.br\/dribledecorpo\/wp-content\/uploads\/sites\/15\/2026\/06\/M\u00e9xico-de-Javier-Aguirre-1440x810.jpg 1440w, https:\/\/blogs.correiobraziliense.com.br\/dribledecorpo\/wp-content\/uploads\/sites\/15\/2026\/06\/M\u00e9xico-de-Javier-Aguirre-800x450.jpg 800w, https:\/\/blogs.correiobraziliense.com.br\/dribledecorpo\/wp-content\/uploads\/sites\/15\/2026\/06\/M\u00e9xico-de-Javier-Aguirre-550x309.jpg 550w, https:\/\/blogs.correiobraziliense.com.br\/dribledecorpo\/wp-content\/uploads\/sites\/15\/2026\/06\/M\u00e9xico-de-Javier-Aguirre-230x129.jpg 230w\" sizes=\"auto, (max-width: 1024px) 100vw, 1024px\" \/><\/a><figcaption id=\"caption-attachment-35927\" class=\"wp-caption-text\">Uma das facetas do M\u00e9xico de Javier Aguirre: sistema 4-3-3. Arte: Marcos Paulo Lima<\/figcaption><\/figure>\n<p>&nbsp;<\/p>\n<p>Agora, em 2026, como anfitri\u00e3o mais uma vez, \u201cEl Vasco\u201d tem encontro marcado com a atualiza\u00e7\u00e3o do almanaque.<\/p>\n<p>&nbsp;<\/p>\n<p>Logo na estreia, estabelecer\u00e1 uma marca in\u00e9dita: ser\u00e1 o \u00fanico personagem da Copa do Mundo a participar de tr\u00eas aberturas do torneio \u2014 jogador em 1986 e t\u00e9cnico em 2010 e 2026.<\/p>\n<p>&nbsp;<\/p>\n<p>Vale um detalhe hist\u00f3rico: em 1986, o jogo inaugural ainda seguia outra tradi\u00e7\u00e3o. A honra da abertura pertencia \u00e0 campe\u00e3 vigente. Por isso, It\u00e1lia e Bulg\u00e1ria fizeram a primeira partida do torneio, enquanto o M\u00e9xico debutou posteriormente.<\/p>\n<p>&nbsp;<\/p>\n<p>Com cinco participa\u00e7\u00f5es em Copas, Aguirre tamb\u00e9m se aproxima de outro feito simb\u00f3lico. Em 2030, pode igualar as seis presen\u00e7as do brasileiro Carlos Alberto Parreira \u2014 recordista entre treinadores \u2014 acumuladas em Kuwait (1982), Emirados \u00c1rabes Unidos (1990), Brasil (1994 e 2006), Ar\u00e1bia Saudita (1998) e \u00c1frica do Sul (2010).<\/p>\n<p>&nbsp;<\/p>\n<p>H\u00e1 ainda uma coincid\u00eancia curiosa ligando passado e presente.<\/p>\n<p>&nbsp;<\/p>\n<p>O advers\u00e1rio mexicano na abertura ser\u00e1 a \u00c1frica do Sul, treinada pelo belga Hugo Broos, hoje com 70 anos. Em 1986, Broos era o camisa 19 da B\u00e9lgica derrotada por 2 x 1 justamente pelo M\u00e9xico de Javier Aguirre na fase de grupos.<\/p>\n<p>&nbsp;<\/p>\n<p>Quarenta anos depois, os dois voltam a se encontrar em uma Copa \u2014 desta vez \u00e0 beira do campo.<\/p>\n<p>&nbsp;<\/p>\n<div>\n<p><strong>X: @marcospaulolima<\/strong><\/p>\n<\/div>\n<div>\n<p><strong>Instagram: @marcospaulolima.jor<\/strong><\/p>\n<\/div>\n","protected":false},"excerpt":{"rendered":"<p>New Jersey (EUA) \u2014 Um dos tr\u00eas anfitri\u00f5es da Copa do Mundo, o M\u00e9xico ser\u00e1 comandado por uma esp\u00e9cie de Zagallo asteca. Aos 67 anos \u2014 a mesma idade de Carlo Ancelotti \u2014 Javier Aguirre n\u00e3o coleciona os t\u00edtulos do Velho Lobo, mas construiu uma trajet\u00f3ria igualmente singular no futebol. &nbsp; Nascido em 1\u00ba de [&hellip;]<\/p>\n","protected":false},"author":31,"featured_media":35925,"comment_status":"open","ping_status":"closed","sticky":false,"template":"","format":"standard","meta":{"wpb_read_more":[],"footnotes":""},"categories":[9],"tags":[1914,592,1856,43,686,1916,1913,1912,1910,666,1915,1911,1853],"class_list":["post-35923","post","type-post","status-publish","format-standard","has-post-thumbnail","hentry","category-esporte","tag-abertura-da-copa","tag-carlo-ancelotti","tag-carlos-alberto-parreira","tag-copa-do-mundo","tag-copa-do-mundo-2026","tag-el-vasco","tag-futebol-mexicano","tag-hugo-broos","tag-javier-aguirre","tag-mexico","tag-mundial-2026","tag-selecao-mexicana","tag-zagallo"],"_links":{"self":[{"href":"https:\/\/blogs.correiobraziliense.com.br\/dribledecorpo\/wp-json\/wp\/v2\/posts\/35923","targetHints":{"allow":["GET"]}}],"collection":[{"href":"https:\/\/blogs.correiobraziliense.com.br\/dribledecorpo\/wp-json\/wp\/v2\/posts"}],"about":[{"href":"https:\/\/blogs.correiobraziliense.com.br\/dribledecorpo\/wp-json\/wp\/v2\/types\/post"}],"author":[{"embeddable":true,"href":"https:\/\/blogs.correiobraziliense.com.br\/dribledecorpo\/wp-json\/wp\/v2\/users\/31"}],"replies":[{"embeddable":true,"href":"https:\/\/blogs.correiobraziliense.com.br\/dribledecorpo\/wp-json\/wp\/v2\/comments?post=35923"}],"version-history":[{"count":7,"href":"https:\/\/blogs.correiobraziliense.com.br\/dribledecorpo\/wp-json\/wp\/v2\/posts\/35923\/revisions"}],"predecessor-version":[{"id":35932,"href":"https:\/\/blogs.correiobraziliense.com.br\/dribledecorpo\/wp-json\/wp\/v2\/posts\/35923\/revisions\/35932"}],"wp:featuredmedia":[{"embeddable":true,"href":"https:\/\/blogs.correiobraziliense.com.br\/dribledecorpo\/wp-json\/wp\/v2\/media\/35925"}],"wp:attachment":[{"href":"https:\/\/blogs.correiobraziliense.com.br\/dribledecorpo\/wp-json\/wp\/v2\/media?parent=35923"}],"wp:term":[{"taxonomy":"category","embeddable":true,"href":"https:\/\/blogs.correiobraziliense.com.br\/dribledecorpo\/wp-json\/wp\/v2\/categories?post=35923"},{"taxonomy":"post_tag","embeddable":true,"href":"https:\/\/blogs.correiobraziliense.com.br\/dribledecorpo\/wp-json\/wp\/v2\/tags?post=35923"}],"curies":[{"name":"wp","href":"https:\/\/api.w.org\/{rel}","templated":true}]}}