{"id":35865,"date":"2026-06-01T00:38:52","date_gmt":"2026-06-01T03:38:52","guid":{"rendered":"https:\/\/blogs.correiobraziliense.com.br\/dribledecorpo\/?p=35865"},"modified":"2026-06-01T01:07:10","modified_gmt":"2026-06-01T04:07:10","slug":"bunker-de-r-1-bilhao-o-aviao-vip-que-levara-a-selecao-a-copa-do-mundo","status":"publish","type":"post","link":"https:\/\/blogs.correiobraziliense.com.br\/dribledecorpo\/bunker-de-r-1-bilhao-o-aviao-vip-que-levara-a-selecao-a-copa-do-mundo\/","title":{"rendered":"&#8220;Bunker&#8221; de R$ 1 bilh\u00e3o: o avi\u00e3o VIP que levar\u00e1 a Sele\u00e7\u00e3o \u00e0 Copa do Mundo"},"content":{"rendered":"<p style=\"font-weight: 400\">Portas em autom\u00e1tico \u00e0s 22h desta segunda-feira, na base a\u00e9rea do Gale\u00e3o. O <strong>blog<\/strong> apurou que a Sele\u00e7\u00e3o embarcar\u00e1 rumo a New Jersey, nos Estados Unidos, na mesma aeronave que levou o Flamengo para o Catar na Copa Intercontinental do ano passado. A CBF escolheu o Boeing 767-300 VIP da empresa a\u00e9rea sul-africana Aeronexus com direito a customiza\u00e7\u00f5es previstas no acordo com a entidade m\u00e1ximo do futebol nacional.<\/p>\n<p>&nbsp;<\/p>\n<p style=\"font-weight: 400\">O avi\u00e3o da empresa com sede na \u00c1frica do Sul \u00e9 avaliado em R$ 1 bilh\u00e3o. Segundo especialistas ouvidos pelo <strong>blog<\/strong> Boeing 767-300 VIP, da empresa a\u00e9rea sul-africana Aeronexus.\u00a0og, um dos mais luxuosos do mundo. A Sele\u00e7\u00e3o Brasileira feminina embarcou nele para a Copa do Mundo de 2023 na Oceania. Clientes como a banda Rolling Stones tamb\u00e9m foram servidos pela companhia na turn\u00ea dos 60 anos do grupo ic\u00f4nico.<\/p>\n<p>&nbsp;<\/p>\n<figure id=\"attachment_35875\" aria-describedby=\"caption-attachment-35875\" style=\"width: 1024px\" class=\"wp-caption alignnone\"><a href=\"https:\/\/blogs.correiobraziliense.com.br\/dribledecorpo\/wp-content\/uploads\/sites\/15\/2026\/06\/Aviao-do-Brasil.jpg\"><img loading=\"lazy\" decoding=\"async\" class=\"size-large wp-image-35875\" src=\"https:\/\/blogs.correiobraziliense.com.br\/dribledecorpo\/wp-content\/uploads\/sites\/15\/2026\/06\/Aviao-do-Brasil-1024x683.jpg\" alt=\"\" width=\"1024\" height=\"683\" srcset=\"https:\/\/blogs.correiobraziliense.com.br\/dribledecorpo\/wp-content\/uploads\/sites\/15\/2026\/06\/Aviao-do-Brasil-1024x683.jpg 1024w, https:\/\/blogs.correiobraziliense.com.br\/dribledecorpo\/wp-content\/uploads\/sites\/15\/2026\/06\/Aviao-do-Brasil-300x200.jpg 300w, https:\/\/blogs.correiobraziliense.com.br\/dribledecorpo\/wp-content\/uploads\/sites\/15\/2026\/06\/Aviao-do-Brasil-768x512.jpg 768w, https:\/\/blogs.correiobraziliense.com.br\/dribledecorpo\/wp-content\/uploads\/sites\/15\/2026\/06\/Aviao-do-Brasil-1440x960.jpg 1440w, https:\/\/blogs.correiobraziliense.com.br\/dribledecorpo\/wp-content\/uploads\/sites\/15\/2026\/06\/Aviao-do-Brasil-800x533.jpg 800w, https:\/\/blogs.correiobraziliense.com.br\/dribledecorpo\/wp-content\/uploads\/sites\/15\/2026\/06\/Aviao-do-Brasil-550x367.jpg 550w, https:\/\/blogs.correiobraziliense.com.br\/dribledecorpo\/wp-content\/uploads\/sites\/15\/2026\/06\/Aviao-do-Brasil-230x153.jpg 230w, https:\/\/blogs.correiobraziliense.com.br\/dribledecorpo\/wp-content\/uploads\/sites\/15\/2026\/06\/Aviao-do-Brasil.jpg 1500w\" sizes=\"auto, (max-width: 1024px) 100vw, 1024px\" \/><\/a><figcaption id=\"caption-attachment-35875\" class=\"wp-caption-text\">As delega\u00e7\u00f5es transportadas pela empresa com sede na \u00c1frica do Sul. Foto: Aeronexus<\/figcaption><\/figure>\n<p>&nbsp;<\/p>\n<p style=\"font-weight: 400\">Fabricada em 1990 sob encomenda da empresa a\u00e9rea polonesa LOT, a aeronave fretada para a Sele\u00e7\u00e3o foi reconfigurada para o transporte VIP. Passou de 243 poltronas para 96 assentos de alt\u00edssimo conforto. Todas de primeira classe. O avi\u00e3o partiu de Londres aterrissou no Gale\u00e3o na madrugada de domingo para receber a bagagem da Sele\u00e7\u00e3o.<\/p>\n<p>&nbsp;<\/p>\n<p style=\"font-weight: 400\">Os jogadores n\u00e3o sofrer\u00e3o com t\u00e9dio. O entretenimento a bordo \u00e9 sem fio. Permite aos jogadores da Sele\u00e7\u00e3o o uso pessoal de tablets, smartphones ou laptops. Cada assento oferece uma tomada para carregar dispositivos. O contrato prev\u00ea normalmente at\u00e9 tr\u00eas pilotos, um engenheiro, um gerente de voo e seis a oito comiss\u00e1rios de bordo. A autonomia \u00e9 de 6.500 milhas n\u00e1uticas. Equivalente a uma viagem sem escalas de Londres ao Rio.<\/p>\n<p>&nbsp;<\/p>\n<figure id=\"attachment_35872\" aria-describedby=\"caption-attachment-35872\" style=\"width: 1024px\" class=\"wp-caption alignnone\"><a href=\"https:\/\/blogs.correiobraziliense.com.br\/dribledecorpo\/wp-content\/uploads\/sites\/15\/2026\/06\/Aviao.jpeg\"><img loading=\"lazy\" decoding=\"async\" class=\"size-large wp-image-35872\" src=\"https:\/\/blogs.correiobraziliense.com.br\/dribledecorpo\/wp-content\/uploads\/sites\/15\/2026\/06\/Aviao-1024x683.jpeg\" alt=\"\" width=\"1024\" height=\"683\" srcset=\"https:\/\/blogs.correiobraziliense.com.br\/dribledecorpo\/wp-content\/uploads\/sites\/15\/2026\/06\/Aviao.jpeg 1024w, https:\/\/blogs.correiobraziliense.com.br\/dribledecorpo\/wp-content\/uploads\/sites\/15\/2026\/06\/Aviao-300x200.jpeg 300w, https:\/\/blogs.correiobraziliense.com.br\/dribledecorpo\/wp-content\/uploads\/sites\/15\/2026\/06\/Aviao-768x512.jpeg 768w, https:\/\/blogs.correiobraziliense.com.br\/dribledecorpo\/wp-content\/uploads\/sites\/15\/2026\/06\/Aviao-800x534.jpeg 800w, https:\/\/blogs.correiobraziliense.com.br\/dribledecorpo\/wp-content\/uploads\/sites\/15\/2026\/06\/Aviao-550x367.jpeg 550w, https:\/\/blogs.correiobraziliense.com.br\/dribledecorpo\/wp-content\/uploads\/sites\/15\/2026\/06\/Aviao-230x153.jpeg 230w\" sizes=\"auto, (max-width: 1024px) 100vw, 1024px\" \/><\/a><figcaption id=\"caption-attachment-35872\" class=\"wp-caption-text\">Avi\u00e3o parte do Rio \u00e0s 22h e tem chegada prevista para 7h em New Jersey. Foto: Aeronexus<\/figcaption><\/figure>\n<p>&nbsp;<\/p>\n<p style=\"font-weight: 400\">A aeronave escolhida foi usada pelo Brasil neste ciclo em 2023. A delega\u00e7\u00e3o comandada pelo t\u00e9cnico Fernando Diniz viajou para Bogot\u00e1 na partida contra a Col\u00f4mbia pelas Eliminat\u00f3rias da Am\u00e9rica do Sul para a Copa do Mundo de 2026.<\/p>\n<p>&nbsp;<\/p>\n<p style=\"font-weight: 400\">Embora tenha contrato de patroc\u00ednio com a Azul, a CBF tem contratado voos fretados h\u00e1 um bom tempo. Em 2018, partiu rumo \u00e0 R\u00fassia na aeronave de uma companhia com sede em Malta. Quatro anos depois, fez uma parceria com a Qatar Airways em dire\u00e7\u00e3o a Doha, a capital do pa\u00eds do Oriente M\u00e9dio e da Copa do Mundo em 2022.<\/p>\n<p>&nbsp;<\/p>\n<figure id=\"attachment_35870\" aria-describedby=\"caption-attachment-35870\" style=\"width: 1024px\" class=\"wp-caption alignnone\"><a href=\"https:\/\/blogs.correiobraziliense.com.br\/dribledecorpo\/wp-content\/uploads\/sites\/15\/2026\/06\/Aeronave.jpeg\"><img loading=\"lazy\" decoding=\"async\" class=\"size-large wp-image-35870\" src=\"https:\/\/blogs.correiobraziliense.com.br\/dribledecorpo\/wp-content\/uploads\/sites\/15\/2026\/06\/Aeronave-1024x683.jpeg\" alt=\"\" width=\"1024\" height=\"683\" srcset=\"https:\/\/blogs.correiobraziliense.com.br\/dribledecorpo\/wp-content\/uploads\/sites\/15\/2026\/06\/Aeronave-1024x683.jpeg 1024w, https:\/\/blogs.correiobraziliense.com.br\/dribledecorpo\/wp-content\/uploads\/sites\/15\/2026\/06\/Aeronave-300x200.jpeg 300w, https:\/\/blogs.correiobraziliense.com.br\/dribledecorpo\/wp-content\/uploads\/sites\/15\/2026\/06\/Aeronave-768x512.jpeg 768w, https:\/\/blogs.correiobraziliense.com.br\/dribledecorpo\/wp-content\/uploads\/sites\/15\/2026\/06\/Aeronave-1440x960.jpeg 1440w, https:\/\/blogs.correiobraziliense.com.br\/dribledecorpo\/wp-content\/uploads\/sites\/15\/2026\/06\/Aeronave-800x533.jpeg 800w, https:\/\/blogs.correiobraziliense.com.br\/dribledecorpo\/wp-content\/uploads\/sites\/15\/2026\/06\/Aeronave-550x367.jpeg 550w, https:\/\/blogs.correiobraziliense.com.br\/dribledecorpo\/wp-content\/uploads\/sites\/15\/2026\/06\/Aeronave-230x153.jpeg 230w, https:\/\/blogs.correiobraziliense.com.br\/dribledecorpo\/wp-content\/uploads\/sites\/15\/2026\/06\/Aeronave.jpeg 1500w\" sizes=\"auto, (max-width: 1024px) 100vw, 1024px\" \/><\/a><figcaption id=\"caption-attachment-35870\" class=\"wp-caption-text\">Conforto total para a delega\u00e7\u00e3o da Sele\u00e7\u00e3o a bordo da companhia sul-africana. Foto: Aeronexus<\/figcaption><\/figure>\n<p>&nbsp;<\/p>\n<p style=\"font-weight: 400\">Novos tempos! A falida Varig foi a companhia a\u00e9rea da Sele\u00e7\u00e3o Brasileira da Copa de 1962, no Chile, a 2006, na Alemanha. Levou e trouxe a delega\u00e7\u00e3o em quatro das cinco conquistas, ou seja, em 1962, 1970, 1994 e 2002. Em 2010, a miss\u00e3o passou a ser da TAM. Depois disso, a CBF assinou acordo com a GOL, que transportou o Brasil internamente durante toda a campanha canarinha na Copa do Mundo de 2014.<\/p>\n<p>&nbsp;<\/p>\n<p>Depois da goleada por 6 x 2 contra o Panam\u00e1 no Maracan\u00e3, a delega\u00e7\u00e3o ganhou folga at\u00e9 as 17h desta segunda-feira. O elenco se reapresentar\u00e1 na sede da CBF na Barra da Tijuca, Zona Sudoeste do Rio de Janeiro, vestir\u00e1 os ternos confeccionados por Ricardo Almeida, posar\u00e1 para a foto oficial e embarcar\u00e1 de \u00f4nibus rumo ao Aeroporto Internacional do Gale\u00e3o. A decolagem est\u00e1 prevista para 22h depois de uma AeroBrasil organizado pelo Movimento Verde Amarelo em parceria com algumas organizadas de times de futebol.<\/p>\n<p>&nbsp;<\/p>\n<div>\n<p><strong>X: @marcospaulolima<\/strong><\/p>\n<\/div>\n<div>\n<p><strong>Instagram: @marcospaulolima.jor<\/strong><\/p>\n<\/div>\n","protected":false},"excerpt":{"rendered":"<p>Portas em autom\u00e1tico \u00e0s 22h desta segunda-feira, na base a\u00e9rea do Gale\u00e3o. O blog apurou que a Sele\u00e7\u00e3o embarcar\u00e1 rumo a New Jersey, nos Estados Unidos, na mesma aeronave que levou o Flamengo para o Catar na Copa Intercontinental do ano passado. A CBF escolheu o Boeing 767-300 VIP da empresa a\u00e9rea sul-africana Aeronexus com [&hellip;]<\/p>\n","protected":false},"author":31,"featured_media":35868,"comment_status":"open","ping_status":"closed","sticky":false,"template":"","format":"standard","meta":{"wpb_read_more":[],"footnotes":""},"categories":[9],"tags":[1889,1894,1891,1620,1888,268,1892,24,1893,1890],"class_list":["post-35865","post","type-post","status-publish","format-standard","has-post-thumbnail","hentry","category-esporte","tag-aeronexus","tag-aviao-do-flamengo","tag-base-aerea-do-galeao","tag-bastidores-da-selecao","tag-boeing-767-300-vip","tag-cbf","tag-preparacao-copa-do-mundo-2026","tag-selecao-brasileira","tag-viagem-para-os-eua","tag-voo-fretado"],"_links":{"self":[{"href":"https:\/\/blogs.correiobraziliense.com.br\/dribledecorpo\/wp-json\/wp\/v2\/posts\/35865","targetHints":{"allow":["GET"]}}],"collection":[{"href":"https:\/\/blogs.correiobraziliense.com.br\/dribledecorpo\/wp-json\/wp\/v2\/posts"}],"about":[{"href":"https:\/\/blogs.correiobraziliense.com.br\/dribledecorpo\/wp-json\/wp\/v2\/types\/post"}],"author":[{"embeddable":true,"href":"https:\/\/blogs.correiobraziliense.com.br\/dribledecorpo\/wp-json\/wp\/v2\/users\/31"}],"replies":[{"embeddable":true,"href":"https:\/\/blogs.correiobraziliense.com.br\/dribledecorpo\/wp-json\/wp\/v2\/comments?post=35865"}],"version-history":[{"count":7,"href":"https:\/\/blogs.correiobraziliense.com.br\/dribledecorpo\/wp-json\/wp\/v2\/posts\/35865\/revisions"}],"predecessor-version":[{"id":35876,"href":"https:\/\/blogs.correiobraziliense.com.br\/dribledecorpo\/wp-json\/wp\/v2\/posts\/35865\/revisions\/35876"}],"wp:featuredmedia":[{"embeddable":true,"href":"https:\/\/blogs.correiobraziliense.com.br\/dribledecorpo\/wp-json\/wp\/v2\/media\/35868"}],"wp:attachment":[{"href":"https:\/\/blogs.correiobraziliense.com.br\/dribledecorpo\/wp-json\/wp\/v2\/media?parent=35865"}],"wp:term":[{"taxonomy":"category","embeddable":true,"href":"https:\/\/blogs.correiobraziliense.com.br\/dribledecorpo\/wp-json\/wp\/v2\/categories?post=35865"},{"taxonomy":"post_tag","embeddable":true,"href":"https:\/\/blogs.correiobraziliense.com.br\/dribledecorpo\/wp-json\/wp\/v2\/tags?post=35865"}],"curies":[{"name":"wp","href":"https:\/\/api.w.org\/{rel}","templated":true}]}}