{"id":32700,"date":"2025-07-25T14:25:55","date_gmt":"2025-07-25T17:25:55","guid":{"rendered":"https:\/\/blogs.correiobraziliense.com.br\/dribledecorpo\/?p=32700"},"modified":"2025-07-26T10:56:02","modified_gmt":"2025-07-26T13:56:02","slug":"danilo-pode-liderar-meio-de-campo-do-botafogo-e-sonhar-com-a-copa-2026","status":"publish","type":"post","link":"https:\/\/blogs.correiobraziliense.com.br\/dribledecorpo\/danilo-pode-liderar-meio-de-campo-do-botafogo-e-sonhar-com-a-copa-2026\/","title":{"rendered":"Danilo pode liderar meio de campo do Botafogo e sonhar com a Copa 2026"},"content":{"rendered":"<p>Apresentado nesta sexta-feira pelo Botafogo, Danilo \u00e9 um excelente investimento. Sim, o ex-jogador do Nottingham Forest volta de uma grave les\u00e3o, mas a juventude do talentoso volante de 24 anos pesa a favor do sonho de fazer da parceria com Davide Ancelotti, filho de Carletto, t\u00e9cnico da Sele\u00e7\u00e3o Brasileira, um trampolim para a Copa do Mundo de 2026.<\/p>\n<p>&nbsp;<\/p>\n<p>Procura-se alternativa para uma posi\u00e7\u00e3o carente \u2014 e dependente de Casemiro. Imposs\u00edvel n\u00e3o lembrar de Danilo naquele meio de campo hist\u00f3rico do Palmeiras na vit\u00f3ria por 3 x 0 contra o River Plate na partida de ida das semifinais da Libertadores de 2020.<\/p>\n<p>&nbsp;<\/p>\n<p>Danilo atuava ao lado de Patrik de Paula e de Gabriel Menino. O trio simplesmente acabou com aquela partida sob o comando de Abel Ferreira. Ach\u00e1vamos at\u00e9 que estavam surgindo ali tr\u00eas volantes para a Sele\u00e7\u00e3o Brasileira liderada \u00e0 \u00e9poca por Tite. Menino e Danilo foram at\u00e9 convocados, mas nenhum dos tr\u00eas conseguiu se firmar no elenco para a Copa de 2022.<\/p>\n<p>&nbsp;<\/p>\n<p>Dos tr\u00eas, apenas Danilo interessou ao mercado europeu. Ia bem no Nottingham Forest at\u00e9 sofrer uma contus\u00e3o grav\u00edssima na perna esquerda em uma partida contra o Bournemouth pela Premier League e parar devido a uma cirurgia nos ligamentos do tornozelo.<\/p>\n<p>&nbsp;<\/p>\n<p>Enquanto Gabriel Menino trocava o Palmeiras pelo Atl\u00e9tico-MG, e Patrik de Paula chegava ao Botafogo, Danilo lidava com a dura rotina da fisioterapia na corrida contra o tempo para se reapresentar ao Nottingham Forest do t\u00e9cnico portugu\u00eas Nuno Esp\u00edrito Santo.<\/p>\n<p>&nbsp;<\/p>\n<p>No entanto, o chamado convincente do t\u00e9cnico Davide Ancelotti para t\u00ea-lo no Botafogo mudou os planos. Danilo pegou a vis\u00e3o e entendeu a oportunidade como atalho para uma poss\u00edvel convoca\u00e7\u00e3o nos pr\u00f3ximos 10 meses. Afinal, se o filho viu Danilo jogar, o pai tamb\u00e9m pode ter interesse nele para a disputa da Copa de 2026. Um combo perfeito!<\/p>\n<p>&nbsp;<\/p>\n<p>Para mim, Danilo \u00e9 superior ao negociado Gregore. \u00c9 quest\u00e3o de tempo para ele assumir o papel de l\u00edder do meio de campo, voltar a se destacar e retornar ao mercado europeu. O volante \u00e9 bom demais para se limitar ao futebol brasileiro. Os analistas de desempenho do Glorioso sabem disso e v\u00e3o explorar o talento dele at\u00e9 um time europeu lev\u00e1-lo novamente.<\/p>\n<p>&nbsp;<\/p>\n<p><strong>X: @marcospaulolima<\/strong><\/p>\n<p><strong>Instagram: @marcospaulolimadf<\/strong><\/p>\n<p><strong>TikTok: @marcospaulolimadf<\/strong><\/p>\n","protected":false},"excerpt":{"rendered":"<p>Apresentado nesta sexta-feira pelo Botafogo, Danilo \u00e9 um excelente investimento. Sim, o ex-jogador do Nottingham Forest volta de uma grave les\u00e3o, mas a juventude do talentoso volante de 24 anos pesa a favor do sonho de fazer da parceria com Davide Ancelotti, filho de Carletto, t\u00e9cnico da Sele\u00e7\u00e3o Brasileira, um trampolim para a Copa do [&hellip;]<\/p>\n","protected":false},"author":31,"featured_media":32701,"comment_status":"open","ping_status":"closed","sticky":false,"template":"","format":"standard","meta":{"wpb_read_more":[],"footnotes":""},"categories":[9],"tags":[3,774,1200],"class_list":["post-32700","post","type-post","status-publish","format-standard","has-post-thumbnail","hentry","category-esporte","tag-botafogo","tag-danilo","tag-nottingham-forest"],"_links":{"self":[{"href":"https:\/\/blogs.correiobraziliense.com.br\/dribledecorpo\/wp-json\/wp\/v2\/posts\/32700","targetHints":{"allow":["GET"]}}],"collection":[{"href":"https:\/\/blogs.correiobraziliense.com.br\/dribledecorpo\/wp-json\/wp\/v2\/posts"}],"about":[{"href":"https:\/\/blogs.correiobraziliense.com.br\/dribledecorpo\/wp-json\/wp\/v2\/types\/post"}],"author":[{"embeddable":true,"href":"https:\/\/blogs.correiobraziliense.com.br\/dribledecorpo\/wp-json\/wp\/v2\/users\/31"}],"replies":[{"embeddable":true,"href":"https:\/\/blogs.correiobraziliense.com.br\/dribledecorpo\/wp-json\/wp\/v2\/comments?post=32700"}],"version-history":[{"count":3,"href":"https:\/\/blogs.correiobraziliense.com.br\/dribledecorpo\/wp-json\/wp\/v2\/posts\/32700\/revisions"}],"predecessor-version":[{"id":32704,"href":"https:\/\/blogs.correiobraziliense.com.br\/dribledecorpo\/wp-json\/wp\/v2\/posts\/32700\/revisions\/32704"}],"wp:featuredmedia":[{"embeddable":true,"href":"https:\/\/blogs.correiobraziliense.com.br\/dribledecorpo\/wp-json\/wp\/v2\/media\/32701"}],"wp:attachment":[{"href":"https:\/\/blogs.correiobraziliense.com.br\/dribledecorpo\/wp-json\/wp\/v2\/media?parent=32700"}],"wp:term":[{"taxonomy":"category","embeddable":true,"href":"https:\/\/blogs.correiobraziliense.com.br\/dribledecorpo\/wp-json\/wp\/v2\/categories?post=32700"},{"taxonomy":"post_tag","embeddable":true,"href":"https:\/\/blogs.correiobraziliense.com.br\/dribledecorpo\/wp-json\/wp\/v2\/tags?post=32700"}],"curies":[{"name":"wp","href":"https:\/\/api.w.org\/{rel}","templated":true}]}}