{"id":1083,"date":"2016-01-05T00:00:24","date_gmt":"2016-01-05T02:00:24","guid":{"rendered":"https:\/\/blogs.correiobraziliense.com.br\/dribledecorpo\/?p=1083"},"modified":"2016-01-06T16:36:23","modified_gmt":"2016-01-06T18:36:23","slug":"um-bate-papo-com-gustavo-quinteros-tecnico-do-equador-lider-isolado-das-eliminatorias-sul-americanas-para-a-copa-2018-com-100-de-aproveitamento","status":"publish","type":"post","link":"https:\/\/blogs.correiobraziliense.com.br\/dribledecorpo\/um-bate-papo-com-gustavo-quinteros-tecnico-do-equador-lider-isolado-das-eliminatorias-sul-americanas-para-a-copa-2018-com-100-de-aproveitamento\/","title":{"rendered":"Entrevista com Gustavo Quinteros, t\u00e9cnico do Equador, l\u00edder das Eliminat\u00f3rias Sul-Americanas para Copa-2018 com 100% de aproveitamento"},"content":{"rendered":"<p><em>Ele \u00e9 argentino naturalizado boliviano e foi um dos carrascos do Brasil na primeira derrota verde-amarela na hist\u00f3ria das Eliminat\u00f3rias, em 1993. Era zagueiro daquela Bol\u00edvia, que tinha como astro \u201cEl Diablo\u201d Etcheverry e ajudou o pa\u00eds a se classificar para a Copa de 1994. Vinte e dois anos depois, Gustavo Domingo Quinteros Des\u00e1bato planeja retornar ao Mundial no papel de t\u00e9cnico. Aos 50 anos, \u00e9 o mentor da sele\u00e7\u00e3o sensa\u00e7\u00e3o da seletiva sul-americana para a R\u00fassia-2018. O Equador lidera com 12 pontos \u2014 100% de aproveitamento. Em quatro rodadas, venceu dois campe\u00f5es mundiais: a Argentina, em Buenos Aires, e o Uruguai, em Quito. E passou por cima da Bol\u00edvia e da Venezuela. <\/em><\/p>\n<p><em>Em entrevista exclusiva ao <strong>Correio Braziliense<\/strong>, ele atribui o desempenho a uma campanha de pacifica\u00e7\u00e3o do vesti\u00e1rio e a um trabalho \u00e1rduo de padroniza\u00e7\u00e3o t\u00e1tica inspirado nos ex-treinadores italiano Arrigo Sacchi e no holand\u00eas Johan Cruyff. Gustavo Quinteros explica como transformou at\u00e9 o zagueiro Erazo \u2014 rejeitado pela torcida do Flamengo \u2014 em uma pe\u00e7a-chave. Humilde, n\u00e3o considera o Equador classificado, mas admite que Argentina, Brasil e Uruguai correm o risco de ir \u00e0 repescagem nas Eliminat\u00f3rias mais dif\u00edceis da hist\u00f3ria.<\/em><\/p>\n<p><strong>MPL \u2014 Qual \u00e9 a sensa\u00e7\u00e3o de come\u00e7ar o ano liderando as Eliminat\u00f3rias com 100% de aproveitamento depois de vencer, entre outros, os campe\u00f5es mundiais Argentina e Uruguai?<\/strong><br \/>\n<strong>Gustavo Quinteros \u2014<\/strong> \u00c9 uma satisfa\u00e7\u00e3o imensa come\u00e7ar t\u00e3o bem em t\u00e3o pouco tempo de trabalho (10 meses). Estamos invictos e \u00e0 frente da Argentina e do Brasil. Assumi em mar\u00e7o de 2015. Havia muitos conflitos no elenco ap\u00f3s a Copa de 2014, mas consegui pacificar o vesti\u00e1rio. Hoje, nossa sele\u00e7\u00e3o concilia um bom futebol com \u00f3timos resultados.<\/p>\n<p><strong>Estava nos seus planos virar o ano com 12 pontos em quatro jogos?<\/strong><br \/>\nA nossa meta era somar ao menos 7 pontos (o que tem o Brasil, terceiro colocado), mas o esp\u00edrito de equipe fez com que consegu\u00edssemos 12. Estou muito satisfeito.<\/p>\n<p><strong>Qual \u00e9 o segredo da revolu\u00e7\u00e3o equatoriana?<\/strong><br \/>\nEstamos vencendo porque atingimos o alto n\u00edvel, nosso jogo est\u00e1 fluindo e somos contundentes a cada exibi\u00e7\u00e3o. Conseguimos impor o nosso estilo sobre os advers\u00e1rios. O trabalho e o comprometimento com uma nova concep\u00e7\u00e3o de jogo est\u00e3o entre os nossos segredos.<\/p>\n<p><strong>A altitude de Quito \u00e9 um outro aliado do Equador?<\/strong><br \/>\nS\u00f3 o goleiro Dominguez joga em Quito. Os demais atuam ao n\u00edvel do mar e no exterior. Eu n\u00e3o vejo vantagem nenhuma em mandar as nossas partidas na altitude.<\/p>\n<p><strong>Voc\u00ea foi bicampe\u00e3o nacional \u00e0 frente do Emelec. Isso o ajudou a entender o futebol equatoriano?<\/strong><br \/>\nOs t\u00edtulos \u00e0 frente do Emelec ajudaram-me a conhecer a fundo todos os jogadores do Equador e,\u00a0 principalmente, a conquistar o apoio da torcida equatoriana.<\/p>\n<p><strong>Com esse aproveitamento de 100% na largada, o Equador dificilmente ficar\u00e1 fora da Copa de 2018&#8230;<\/strong><br \/>\nEsses 12 pontos fortalecem a nossa caminhada, mas falta muito, ainda temos muitas finais. N\u00f3s precisamos aprimorar os pontos fortes e corrigir a tempo as nossas defici\u00eancias para sermos mais fortes em 2016.<\/p>\n<p><strong>A campanha do Equador amea\u00e7a deixar Argentina, Brasil ou Uruguai fora da Copa?<\/strong><br \/>\nEu sempre digo que h\u00e1 poucas vagas. \u00c9 cedo para dizer quem ser\u00e3o os quatro classificados e quem vai para a repescagem. Al\u00e9m de Argentina, Brasil e Uruguai, tem o Chile, a Col\u00f4mbia e o Paraguai. O Equador \u00e9 um dos sete candidatos.<\/p>\n<p><strong>\u00c9 a Eliminat\u00f3ria Sul-Americana mais dura da hist\u00f3ria?<\/strong><br \/>\nNa minha opini\u00e3o, as Eliminat\u00f3rias da Am\u00e9rica do Sul sempre foram as mais dif\u00edceis do mundo. Basta lembrar que a Argentina e o Uruguai tiveram de disputar repescagem. Agora, o n\u00edvel est\u00e1 mais alto com o retorno do Brasil.<\/p>\n<p><strong>Argentina e Brasil pararam no tempo ou as outras sele\u00e7\u00f5es da Am\u00e9rica do Sul evolu\u00edram?<\/strong><br \/>\nAmbos continuam fortes, mas outras sele\u00e7\u00f5es sul-americanas cresceram e deixaram as competi\u00e7\u00f5es cada vez mais equilibradas.<\/p>\n<p><strong>Como conseguiu vencer a Argentina e o Uruguai?<\/strong><br \/>\nCom planejamento. N\u00f3s sab\u00edamos o que quer\u00edamos desde o in\u00edcio da partida. Pressionamos a sa\u00edda de bola e cortamos o circuito de jogo da Argentina. Aproveitei que n\u00f3s temos jogadores r\u00e1pidos nas pontas, capazes de criar lances de gol e concretizamos a estrat\u00e9gia ao fim da partida. Contra o Uruguai, n\u00f3s neutralizamos as bolas a\u00e9reas e a liga\u00e7\u00e3o direta. N\u00f3s vencemos porque jogamos com velocidade nas transi\u00e7\u00f5es da defesa ao ataque a fim de evitar que eles se defendessem em bloco, ou seja, com muita gente na retaguarda.<\/p>\n<p><strong>Ent\u00e3o, o padr\u00e3o t\u00e1tico \u00e9 um dos seus trunfos?<\/strong><br \/>\nO sistema t\u00e1tico do Equador \u00e9 sempre o mesmo, parecido com 1-4-2-3-1 no ataque e 1-4-4-2 na defesa. Ao atacar, n\u00f3s temos sempre um jogador \u00e0 frente dos volantes que se encarrega do \u00faltimo passe, com dois pontas r\u00e1pidos que desequilibram \u00e0 frente da linha da bola e um centroavante. Mas o sistema t\u00e1tico \u00e9 flex\u00edvel e depende tamb\u00e9m da an\u00e1lise do estilo de jogo do advers\u00e1rio.<\/p>\n<p><strong>Quais s\u00e3o as suas inspira\u00e7\u00f5es?<\/strong><br \/>\nO Milan e a sele\u00e7\u00e3o italiana de Arrigo Sacchi. Al\u00e9m disso, o Barcelona de Cruyff. Nestes tempos modernos, eu gosto muito do Pep Guardiola e do \u201cEl Loco\u201d Bielsa.<\/p>\n<p><strong>O Equador esteve em tr\u00eas das \u00faltimas quatro Copas. A quinta \u00e9 uma obriga\u00e7\u00e3o?<\/strong><br \/>\nN\u00f3s queremos mais do que a classifica\u00e7\u00e3o. O nosso sonho \u00e9 ir mais longe na Copa do Mundo. O Equador chegou \u00e0s oitavas de final na Copa de 2006, mas n\u00f3s queremos ir muito al\u00e9m em 2018.<\/p>\n<p><strong>Voc\u00ea foi contratado pelo\u00a0 ex-presidente da Federa\u00e7\u00e3o Equatoriana, Luis Chiriboga, que foi preso na opera\u00e7\u00e3o Fifa Gate.\u00a0 At\u00e9 que ponto isso atrapalha o seu trabalho?<\/strong><br \/>\nApesar dos problemas pessoais do presidente, eu vou continuar. Eu devo muito ao futebol equatoriano, aos dirigentes que confiaram em mim e ao povo. O meu compromisso \u00e9 levar o Equador \u00e0 R\u00fassia e n\u00f3s vamos conseguir.<\/p>\n<p><strong>O que lhe d\u00e1 tanta convic\u00e7\u00e3o na classifica\u00e7\u00e3o para a R\u00fassia-2018?<\/strong><br \/>\nO Equador tem Antonio Valencia, Felipe Caicedo, Enner Valencia, Jeff Montero, todos eles grandes jogadores. Al\u00e9m de Noboa, que \u00e9 muito bom. Estou satisfeito com o meu elenco. Ensinei a eles que todos t\u00eam a mesma import\u00e2ncia e somos um grupo. Muitas vezes, n\u00e3o contamos com todos, mas a sele\u00e7\u00e3o funciona bem.<\/p>\n<p><strong>A torcida do Flamengo detesta o Erazo, mas ele foi bem no Gr\u00eamio e \u00e9 titular no Equador. Por qu\u00ea?<\/strong><br \/>\nErazo \u00e9 um bom jogador. Ele organiza a nossa defesa. Foi muito bem no Gr\u00eamio e isso elevou a sua autoestima. Tomara que ele continue jogando no futebol brasileiro, que \u00e9 muito competitivo.<\/p>\n<p><strong>O Equador enfrenta o Brasil em setembro. A Sele\u00e7\u00e3o perdeu o respeito depois do 7 x 1?<\/strong><br \/>\nO Brasil continua sendo Brasil. O 7 x 1 foi um acidente. Nunca houve, nem\u00a0 haver\u00e1 tanta diferen\u00e7a entre o Brasil e a Alemanha. Naquele dia, a defesa do Brasil foi tr\u00e1gica e a Alemanha, muito contundente. N\u00e3o conhe\u00e7o o trabalho do Dunga, mas vou analis\u00e1-lo at\u00e9 o confronto de setembro. O Brasil tem jogadores extraordin\u00e1rios e, quando eles funcionam como equipe, \u00e9 dif\u00edcil venc\u00ea-los. Creio que esse \u00e9 o maior desafio do Dunga ao longo das Eliminat\u00f3rias e depois na Copa do Mundo.<\/p>\n<p><strong>O Brasil sem Neymar \u00e9 uma Sele\u00e7\u00e3o comum?<\/strong><br \/>\nNeymar \u00e9 um fora de s\u00e9rie, um jogador incr\u00edvel, capaz de resolver um jogo a qualquer momento. Mas o Brasil tem outros \u00f3timos jogadores: Douglas Costa, Philippe Coutinho, Willian&#8230; Muitas op\u00e7\u00f5es para ser forte taticamente, tanto pelas pontas quanto pelo meio.<\/p>\n<p><strong>O seu Equador tem alguma pitada de Brasil?<\/strong><br \/>\nA escola brasileira \u00e9 de passes curtos, de p\u00e9 em p\u00e9, gosta de sair jogando com os laterais. Eu admiro muito esse estilo quando funciona como uma equipe.<\/p>\n<p><strong>O Equador tem uma sele\u00e7\u00e3o principal forte, mas tamb\u00e9m investe na base. A Sub-17 chegou \u00e0s quartas de final no Mundial de 2015 disputado no Chile&#8230;<\/strong><br \/>\nA gera\u00e7\u00e3o Sub-17 do Equador \u00e9 excelente, muito rica tecnicamente. Estou atento. Tomara que eles continuem evoluindo at\u00e9 chegarem \u00e0 sele\u00e7\u00e3o principal.<\/p>\n<p><strong>Voc\u00ea \u00e9 argentino, mas preferiu defender a Bol\u00edvia quando era jogador?<\/strong><br \/>\nN\u00e3o tive oportunidade na Argentina. Em 1994, joguei a Copa do Mundo. Antes disso, participei de todas as partidas das Eliminat\u00f3rias at\u00e9 o Mundial dos EUA.<\/p>\n<p><strong>O Equador tem uma pitadinha t\u00e1tica daquela Bol\u00edvia?<\/strong><br \/>\nTaticamente, n\u00e3o, mas nos ensina li\u00e7\u00f5es. Uma delas, entender que, com humildade e trabalho, \u00e9 poss\u00edvel chegar longe.<\/p>\n<p><strong>Qual \u00e9 a lembran\u00e7a daquela vit\u00f3ria da Bol\u00edvia sobre o Brasil nas Eliminat\u00f3rias para a Copa de 1994?<\/strong><br \/>\nFoi a primeira vez que o Brasil perdeu um jogo das Eliminat\u00f3rias para a Copa. Aquele feito, em 1993, em La Paz, nos deu muita confian\u00e7a e, principalmente, for\u00e7a, para nos classificarmos para a Copa.<\/p>\n<p><strong>O Atl\u00e9tico-MG contratou Juan Cazares, um dos seus selecion\u00e1veis. O que pode falar dele para a torcida do Galo?<\/strong><br \/>\nCazares \u00e9 muito t\u00e9cnico, um organizador de jogo. Pode atuar como meia-atacante pelo centro em um 4-2-3-1 ou com um par de meias no 4-4-2. Espero que ele se d\u00ea bem a\u00ed e evolua no Atl\u00e9tico.<\/p>\n<p><strong>Voc\u00ea \u00e9 um dos v\u00e1rios t\u00e9cnicos argentinos em alta mundo afora. O que explica essa excelente fase?<\/strong><br \/>\nSomos muitos nos clubes e nas sele\u00e7\u00f5es porque nos preparamos muito, nos atualizamos tamb\u00e9m para assumir as responsabilidades. N\u00f3s temos Simeone, Bielsa, Sampaoli, Pochettino, Berizzo, Pekerman, Gareca, Ramon D\u00edaz, voc\u00eas t\u00eam Edgardo Bauza. N\u00f3s somos muitos hoje e com certeza continuaremos sendo.<\/p>\n<p><strong>\u00c9 um sonho trabalhar no Brasil?<\/strong><br \/>\nSeria maravilhoso dirigir um grande clube brasileiro. Pode ser qualquer um que tenha grandes aspira\u00e7\u00f5es (risos). Como eu disse a voc\u00ea, gosto muito da escola brasileira. N\u00e3o se pode abrir m\u00e3o de trabalhar em um pa\u00eds que formou grandes times e jogadores, como Pel\u00e9, Ronaldo, Ronaldinho e agora o fora de s\u00e9rie Neymar.<\/p>\n<p>&nbsp;<\/p>\n<p>&nbsp;<\/p>\n","protected":false},"excerpt":{"rendered":"<p>Ele \u00e9 argentino naturalizado boliviano e foi um dos carrascos do Brasil na primeira derrota verde-amarela na hist\u00f3ria das Eliminat\u00f3rias, em 1993. Era zagueiro daquela Bol\u00edvia, que tinha como astro \u201cEl Diablo\u201d Etcheverry e ajudou o pa\u00eds a se classificar para a Copa de 1994. Vinte e dois anos depois, Gustavo Domingo Quinteros Des\u00e1bato planeja [&hellip;]<\/p>\n","protected":false},"author":31,"featured_media":1084,"comment_status":"open","ping_status":"closed","sticky":false,"template":"","format":"standard","meta":{"wpb_read_more":[],"footnotes":""},"categories":[1],"tags":[],"class_list":["post-1083","post","type-post","status-publish","format-standard","has-post-thumbnail","hentry","category-sem-categoria"],"_links":{"self":[{"href":"https:\/\/blogs.correiobraziliense.com.br\/dribledecorpo\/wp-json\/wp\/v2\/posts\/1083","targetHints":{"allow":["GET"]}}],"collection":[{"href":"https:\/\/blogs.correiobraziliense.com.br\/dribledecorpo\/wp-json\/wp\/v2\/posts"}],"about":[{"href":"https:\/\/blogs.correiobraziliense.com.br\/dribledecorpo\/wp-json\/wp\/v2\/types\/post"}],"author":[{"embeddable":true,"href":"https:\/\/blogs.correiobraziliense.com.br\/dribledecorpo\/wp-json\/wp\/v2\/users\/31"}],"replies":[{"embeddable":true,"href":"https:\/\/blogs.correiobraziliense.com.br\/dribledecorpo\/wp-json\/wp\/v2\/comments?post=1083"}],"version-history":[{"count":2,"href":"https:\/\/blogs.correiobraziliense.com.br\/dribledecorpo\/wp-json\/wp\/v2\/posts\/1083\/revisions"}],"predecessor-version":[{"id":1086,"href":"https:\/\/blogs.correiobraziliense.com.br\/dribledecorpo\/wp-json\/wp\/v2\/posts\/1083\/revisions\/1086"}],"wp:featuredmedia":[{"embeddable":true,"href":"https:\/\/blogs.correiobraziliense.com.br\/dribledecorpo\/wp-json\/wp\/v2\/media\/1084"}],"wp:attachment":[{"href":"https:\/\/blogs.correiobraziliense.com.br\/dribledecorpo\/wp-json\/wp\/v2\/media?parent=1083"}],"wp:term":[{"taxonomy":"category","embeddable":true,"href":"https:\/\/blogs.correiobraziliense.com.br\/dribledecorpo\/wp-json\/wp\/v2\/categories?post=1083"},{"taxonomy":"post_tag","embeddable":true,"href":"https:\/\/blogs.correiobraziliense.com.br\/dribledecorpo\/wp-json\/wp\/v2\/tags?post=1083"}],"curies":[{"name":"wp","href":"https:\/\/api.w.org\/{rel}","templated":true}]}}