{"id":966,"date":"2016-10-11T07:30:14","date_gmt":"2016-10-11T10:30:14","guid":{"rendered":"https:\/\/blogs.correiobraziliense.com.br\/denise\/?p=966"},"modified":"2016-10-11T19:32:20","modified_gmt":"2016-10-11T22:32:20","slug":"setor-eletrico-vai-mudar","status":"publish","type":"post","link":"https:\/\/blogs.correiobraziliense.com.br\/denise\/setor-eletrico-vai-mudar\/","title":{"rendered":"Setor el\u00e9trico vai mudar"},"content":{"rendered":"<p>  Nas poucas horas em que estava ontem fora do Minist\u00e9rio de Minas e Energia para aprovar o teto de gastos em primeiro turno, o deputado Fernando Filho (PSB-PE) tinha que fugir dos interessados em saber como ser\u00e1 o novo projeto para o setor el\u00e9trico. Fernando Filho s\u00f3 deixou antever o seguinte: \u201cO governo anterior n\u00e3o deixava o setor ter mais de 6% de lucro. E ningu\u00e9m quer investir para ganhar menos de 11%\u201d, comentou. A nova proposta de regulamenta\u00e7\u00e3o ser\u00e1 anunciada ainda este m\u00eas.<\/p>\n<p>Lula e o PT<\/p>\n<p> Os deputados e senadores petistas est\u00e3o muito mais dedicados a voltar \u00e0 velha forma oposicionista do que propriamente defender o ex-presidente. Nos bastidores, h\u00e1 quem diga que caber\u00e1 a Lula, alvo de nova den\u00fancia ontem, cuidar da pr\u00f3pria defesa. <\/p>\n<p>Lula e Ciro<\/p>\n<p>  A ideia de Lula, de fazer de Ciro Gomes seu candidato a presidente, conforme divulgado nessa coluna na semana passada, \u00e9 recha\u00e7ada por aliados de Ciro. \u201cLula n\u00e3o consegue eleger nem prefeito, vai conseguir fazer presidente da Rep\u00fablica?!\u201d dizem os pedetistas ligados ao ex-ministro. Sem defesa, nem do PT, nem do PDT, Lula est\u00e1 cada vez mais sozinho.<\/p>\n<p>Ciro e o PT<\/p>\n<p>   Os petistas s\u00e3o un\u00e2nimes em afirmar que Ciro Gomes n\u00e3o \u00e9 o melhor nome para representar o partido na sucess\u00e3o presidencial. O momento, para o bem ou para o mal, \u00e9 de reafirma\u00e7\u00e3o e reconstru\u00e7\u00e3o da legenda com nome pr\u00f3prio.<\/p>\n<p>Meus comerciais, por favor<\/p>\n<p>  A Proposta de Emenda Constituicional do teto de gastos caiu no gosto das excel\u00eancias. Prova disso foi o deputado Duarte Nogueira (PSDB-SP), candidato a prefeito de Ribeir\u00e3o Preto nesse segundo turno, discursar em favor da proposta em pleno hor\u00e1rio nobre.<\/p>\n<p>PTN vira Podemos<\/p>\n<p>  Com 13 deputados, o PTN da deputada Renata Abreu (SP) se prepara para mudar seu nome para \u201cPodemos\u201d, que ficou famoso na Espanha. Ela avisa, entretanto, que o seu \u201cPodemos\u201d n\u00e3o ter\u00e1 nada a ver com o espanhol. \u201cN\u00e3o seremos de esquerda e nem de direita.Vamos construir algo novo\u201d, diz ela. <\/p>\n<p>At\u00e9 eles\/ Deputados que votaram contra o impeachment da presidente Dilma Rousseff e eram classificados como \u201cgovernistas roxos\u201d nos tempos do PT estavam bastante \u00e0 vontade no Alvorada na noite de domingo. Incluindo, a\u00ed, Jo\u00e3o Carlos Bacelar e Jos\u00e9 Rocha, ambos do PR da Bahia. \u201cO PR quase todo ficou com Dilma, mas agora est\u00e1 com o governo\u201d, explicou Rocha.<\/p>\n<p>Pensando bem&#8230;\/ Os deputados do PMDB que acompanham h\u00e1 tempos o jeit\u00e3o de Michel Temer (foto) atribu\u00edam ontem, ao resultado da vota\u00e7\u00e3o da PEC 241, o \u201cpoder da gentileza\u201d do atual presidente. Sabe como \u00e9, depois de um per\u00edodo em que a presidente n\u00e3o gostava dos salamaleques da pol\u00edtica, os parlamentares est\u00e3o em fase de namoro com o peemedebista dado ao cumprimento dos protocolos e signos pol\u00edticos  <\/p>\n<p>\u2026 Ora\u00e7\u00e3o nunca \u00e9 demais&#8230;\/ Ontem pela manh\u00e3, depois do jantar com os parlamentares, o presidente Michel Temer recebeu nos mesmos sal\u00f5es o conselho da Rede Vida de Televis\u00e3o, presidido pelo arcebispo do Rio de Janeiro, Dom Orani Tempesta, que tem ainda a presen\u00e7a do arcebispo de S\u00e3o Paulo,  Dom Od\u00edlo Scherer, e de Dom Fernando Figueiredo.<\/p>\n<p>\u2026Nem de Menos\/  Aproveitaram para fazer uma ora\u00e7\u00e3o na Capela de Nossa Sra do Alvorada, que agora retomou suas atividades. No final do governo Dilma, a capela tinha sido transformada em escrit\u00f3rio para abrigar parte dos assessores.   <\/p>\n","protected":false},"excerpt":{"rendered":"<p>Nas poucas horas em que estava ontem fora do Minist\u00e9rio de Minas e Energia para aprovar o teto de gastos em primeiro turno, o deputado Fernando Filho (PSB-PE) tinha que fugir dos interessados em saber como ser\u00e1 o novo projeto para o setor el\u00e9trico. Fernando Filho s\u00f3 deixou antever o seguinte: \u201cO governo anterior n\u00e3o deixava o setor ter mais [&hellip;]<\/p>\n","protected":false},"author":29,"featured_media":0,"comment_status":"closed","ping_status":"closed","sticky":false,"template":"","format":"standard","meta":{"footnotes":""},"categories":[4],"tags":[],"class_list":["post-966","post","type-post","status-publish","format-standard","hentry","category-coluna-brasilia-df"],"_links":{"self":[{"href":"https:\/\/blogs.correiobraziliense.com.br\/denise\/wp-json\/wp\/v2\/posts\/966","targetHints":{"allow":["GET"]}}],"collection":[{"href":"https:\/\/blogs.correiobraziliense.com.br\/denise\/wp-json\/wp\/v2\/posts"}],"about":[{"href":"https:\/\/blogs.correiobraziliense.com.br\/denise\/wp-json\/wp\/v2\/types\/post"}],"author":[{"embeddable":true,"href":"https:\/\/blogs.correiobraziliense.com.br\/denise\/wp-json\/wp\/v2\/users\/29"}],"replies":[{"embeddable":true,"href":"https:\/\/blogs.correiobraziliense.com.br\/denise\/wp-json\/wp\/v2\/comments?post=966"}],"version-history":[{"count":1,"href":"https:\/\/blogs.correiobraziliense.com.br\/denise\/wp-json\/wp\/v2\/posts\/966\/revisions"}],"predecessor-version":[{"id":967,"href":"https:\/\/blogs.correiobraziliense.com.br\/denise\/wp-json\/wp\/v2\/posts\/966\/revisions\/967"}],"wp:attachment":[{"href":"https:\/\/blogs.correiobraziliense.com.br\/denise\/wp-json\/wp\/v2\/media?parent=966"}],"wp:term":[{"taxonomy":"category","embeddable":true,"href":"https:\/\/blogs.correiobraziliense.com.br\/denise\/wp-json\/wp\/v2\/categories?post=966"},{"taxonomy":"post_tag","embeddable":true,"href":"https:\/\/blogs.correiobraziliense.com.br\/denise\/wp-json\/wp\/v2\/tags?post=966"}],"curies":[{"name":"wp","href":"https:\/\/api.w.org\/{rel}","templated":true}]}}