{"id":870,"date":"2016-09-04T08:31:21","date_gmt":"2016-09-04T11:31:21","guid":{"rendered":"https:\/\/blogs.correiobraziliense.com.br\/denise\/?p=870"},"modified":"2016-09-04T19:42:40","modified_gmt":"2016-09-04T22:42:40","slug":"prioridade","status":"publish","type":"post","link":"https:\/\/blogs.correiobraziliense.com.br\/denise\/prioridade\/","title":{"rendered":"Prioridade"},"content":{"rendered":"<p>Nas horas de voo, o presidente Michel Temer, aliados e ministros acertaram que, al\u00e9m das quest\u00f5es econ\u00f4micas, v\u00e3o acelerar a reforma pol\u00edtica: leia-se cl\u00e1usula de barreira e fim das coliga\u00e7\u00f5es para as elei\u00e7\u00f5es proporcionais (deputados federais, estaduais e vereadores). A ideia \u00e9 votar o projeto do senador Ricardo Ferra\u00e7o (PSDB-ES), hoje na Comiss\u00e3o de Constitui\u00e7\u00e3o e Justi\u00e7a (CCJ) do Senado. Sem isso, os futuros governos ter\u00e3o dificuldades em administrar qualquer base, seja com vi\u00e9s de direita ou de esquerda.<\/p>\n<p>Melhor imposs\u00edvel I<\/p>\n<p>Integrantes da comitiva de Michel Temer \u00e0 China avaliam que tudo se encaixou para que a viagem fosse bem positiva tanto sob aspectos internos quanto externos. O bom, sob o aspecto interno, foi ter ficado longe da fogueira acesa com o fatiamento do impeachment.<\/p>\n<p>Melhor imposs\u00edvel II<\/p>\n<p>Sob a \u00f3tica internacional, o presidente p\u00f4de se apresentar ao mercado externo e mostrar ao mundo que convive bem com a China. No fundo, ficou a imagem de que aquela considerada pelo PT sua maior aliada \u00e9, no fundo, uma pot\u00eancia de neg\u00f3cios.<\/p>\n<p>N\u00e3o foi golpe<\/p>\n<p>A programa\u00e7\u00e3o de Michel Temer hoje inclui, al\u00e9m do G-20, uma entrevista \u00e0 imprensa chinesa. A ordem \u00e9 explicar o processo que fez dele presidente de fato e de direito e, ao mesmo tempo, mostrar que o Brasil \u00e9 um lugar seguro para investimentos.<\/p>\n<p>Delc\u00eddio com a palavra<\/p>\n<p>A prop\u00f3sito da nota publicada ontem, a respeito do coment\u00e1rio de pol\u00edticos sobre o fato de o ex-senador Delc\u00eddio do Amaral abrir a fila de pedidos de fatiamento da cassa\u00e7\u00e3o, ele responde: \u201cTenho certeza de que fui protagonista nas mudan\u00e7as que o povo brasileiro h\u00e1 muito esperava. Sou r\u00e9u por uma suposta tentativa de obstru\u00e7\u00e3o de Justi\u00e7a. N\u00e3o tenho conta no exterior, n\u00e3o roubei e n\u00e3o participei de nenhum esquema fraudulento no governo, ao contr\u00e1rio de muitos que hoje posam de \u2018\u00e9ticos\u2019 e \u2018cidad\u00e3os honestos\u2019. O tempo e a Justi\u00e7a dar\u00e3o conta deles!\u201d<\/p>\n<p>Invent\u00e1rio<\/p>\n<p>As \u00faltimas pesquisas registradas deixaram o PSol feliz da vida com o desempenho dos candidatos em Bel\u00e9m, Porto Alegre e Cuiab\u00e1. A avalia\u00e7\u00e3o dos l\u00edderes \u00e9 a de que, se as urnas confirmarem as previs\u00f5es, o PSol surgir\u00e1 como o grande herdeiro dos descontentes com o PT.<\/p>\n<p>Vizinhos \/\/ As autoridades brasileiras est\u00e3o no mesmo hotel em que est\u00e1 a c\u00fapula das Na\u00e7\u00f5es Unidas. O presidente Michel Temer ficou um andar abaixo do secret\u00e1rio-geral, Ban Ki-moon (foto).<\/p>\n<p>L\u00e1 e c\u00e1 I \/\/ Tanto na Rio +20 quanto nas Olimp\u00edadas, muita gente reclamou quando o prefeito da cidade, Eduardo Paes, promoveu um feriad\u00e3o para aliviar o tr\u00e2nsito. Pois, em Hangzhou, na China, n\u00e3o foi diferente. As f\u00e9rias s\u00e3o raras, mas, desta vez, os moradores tiveram tr\u00eas semanas e incentivos para sair da cidade.<\/p>\n<p>L\u00e1 e c\u00e1 II \/\/ Nos caminhos por onde passam os chefes de estado, est\u00e3o \u00e1rvores rec\u00e9m-plantadas, algumas, inclusive, escoradas. No Rio de Janeiro, n\u00e3o foram poucas as reclama\u00e7\u00f5es por ajustes de \u00faltima hora.<\/p>\n<p>Enquanto isso, no interior&#8230; \/\/ No tempo da internet, muitos decretaram a morte dos com\u00edcios nas campanhas eleitorais. No interior, por\u00e9m, onde a campanha \u00e9 feita de porta em porta, essa modalidade resiste. Dia desses, em Timon (MA), um candidato reuniu 20 mil pessoas. Sinal de que a pol\u00edtica ainda guarda os velhos costumes.<\/p>\n","protected":false},"excerpt":{"rendered":"<p>Nas horas de voo, o presidente Michel Temer, aliados e ministros acertaram que, al\u00e9m das quest\u00f5es econ\u00f4micas, v\u00e3o acelerar a reforma pol\u00edtica: leia-se cl\u00e1usula de barreira e fim das coliga\u00e7\u00f5es para as elei\u00e7\u00f5es proporcionais (deputados federais, estaduais e vereadores). A ideia \u00e9 votar o projeto do senador Ricardo Ferra\u00e7o (PSDB-ES), hoje na Comiss\u00e3o de Constitui\u00e7\u00e3o e Justi\u00e7a (CCJ) do Senado. [&hellip;]<\/p>\n","protected":false},"author":29,"featured_media":0,"comment_status":"closed","ping_status":"closed","sticky":false,"template":"","format":"standard","meta":{"footnotes":""},"categories":[4],"tags":[],"class_list":["post-870","post","type-post","status-publish","format-standard","hentry","category-coluna-brasilia-df"],"_links":{"self":[{"href":"https:\/\/blogs.correiobraziliense.com.br\/denise\/wp-json\/wp\/v2\/posts\/870","targetHints":{"allow":["GET"]}}],"collection":[{"href":"https:\/\/blogs.correiobraziliense.com.br\/denise\/wp-json\/wp\/v2\/posts"}],"about":[{"href":"https:\/\/blogs.correiobraziliense.com.br\/denise\/wp-json\/wp\/v2\/types\/post"}],"author":[{"embeddable":true,"href":"https:\/\/blogs.correiobraziliense.com.br\/denise\/wp-json\/wp\/v2\/users\/29"}],"replies":[{"embeddable":true,"href":"https:\/\/blogs.correiobraziliense.com.br\/denise\/wp-json\/wp\/v2\/comments?post=870"}],"version-history":[{"count":1,"href":"https:\/\/blogs.correiobraziliense.com.br\/denise\/wp-json\/wp\/v2\/posts\/870\/revisions"}],"predecessor-version":[{"id":871,"href":"https:\/\/blogs.correiobraziliense.com.br\/denise\/wp-json\/wp\/v2\/posts\/870\/revisions\/871"}],"wp:attachment":[{"href":"https:\/\/blogs.correiobraziliense.com.br\/denise\/wp-json\/wp\/v2\/media?parent=870"}],"wp:term":[{"taxonomy":"category","embeddable":true,"href":"https:\/\/blogs.correiobraziliense.com.br\/denise\/wp-json\/wp\/v2\/categories?post=870"},{"taxonomy":"post_tag","embeddable":true,"href":"https:\/\/blogs.correiobraziliense.com.br\/denise\/wp-json\/wp\/v2\/tags?post=870"}],"curies":[{"name":"wp","href":"https:\/\/api.w.org\/{rel}","templated":true}]}}