{"id":830,"date":"2016-08-14T18:25:19","date_gmt":"2016-08-14T21:25:19","guid":{"rendered":"https:\/\/blogs.correiobraziliense.com.br\/denise\/?p=830"},"modified":"2016-08-14T18:25:19","modified_gmt":"2016-08-14T21:25:19","slug":"conta-nao-vai-fechar","status":"publish","type":"post","link":"https:\/\/blogs.correiobraziliense.com.br\/denise\/conta-nao-vai-fechar\/","title":{"rendered":"A conta n\u00e3o vai fechar"},"content":{"rendered":"<p>A disposi\u00e7\u00e3o do governo federal em ajudar o governador Rodrigo Rollemberg a resolver a crise com a Pol\u00edcia Civil esbarra no risco do efeito cascata: t\u00e9cnicos da Fazenda avisam que, se o presidente fizer qualquer concess\u00e3o ao Governo do Distrito Federal, ainda que dentro dos valores que o governo local tem a receber, outros governadores far\u00e3o fila no Planalto com a mesma finalidade. Isso sem contar os 505 deputados de outras unidades da Federa\u00e7\u00e3o. E tem mais: se continuar esta onda de aumentos, sem reformas estruturais, periga outros estados entrarem na onda do Rio de Janeiro e do Rio Grande do Sul, de parcelamento de sal\u00e1rio e benef\u00edcios. O momento \u00e9 considerado o mais grave desde a redemocratiza\u00e7\u00e3o do pa\u00eds.<\/p>\n<p>Governo ref\u00e9m<\/p>\n<p>O desenho do governo Michel Temer foi concebido para deixar o ministro da Casa Civil, Eliseu Padilha, voltado \u00e0s a\u00e7\u00f5es internas e propostas de melhoria na gest\u00e3o. Por\u00e9m, a realidade \u00e9 outra. Com a pulveriza\u00e7\u00e3o da pol\u00edtica e as dificuldades do ministro Geddel Vieira Lima em atender a todos os pedidos, a agenda de Padilha est\u00e1 cada dia mais recheada de parlamentares. \u00c9 o governo rendido ao Congresso Nacional.<\/p>\n<p>Migra\u00e7\u00e3o<\/p>\n<p>Aos poucos, os governadores v\u00e3o acabando com o tal regime estatut\u00e1rio de admiss\u00e3o de funcion\u00e1rios, que n\u00e3o tem FGTS, por\u00e9m, garante aposentadoria integral e estabilidade no emprego. Em Goi\u00e1s, por exemplo, a tend\u00eancia tem sido buscar meios de contratar pelo regime CLT.  \u00c9 o jeito de tentar fazer com que a conta da Previd\u00eancia feche mais \u00e0 frente. De quebra, o governo estadual ainda joga para evitar a turma que, por causa da estabilidade, considera desnecess\u00e1rio se dedicar ao trabalho.<\/p>\n<p>Por falar em conta&#8230;<\/p>\n<p>Sexta-feira, 20h, Iate Clube de Bras\u00edlia. Uma mulher de 44 anos, funcion\u00e1ria de um tribunal, comenta com uma amiga numa das lanchonetes do clube mais badalado de Bras\u00edlia: \u201cTristeza, se a reforma da Previd\u00eancia for aprovada, n\u00e3o poderei mais me aposentar aos 47\u201d.  Ou essa mentalidade muda, ou daqui alguns anos quem deseja se aposentar jovem assim vai terminar sem receber os proventos.<\/p>\n<p>Melhor de tr\u00eas<\/p>\n<p>2018 ainda est\u00e1 longe, mas os pol\u00edticos come\u00e7am a fazer as apostas sobre quem, dentro do PSDB, teria hoje mais empuxo de deixar o ninho para concorrer \u00e0 Presid\u00eancia da Rep\u00fablica. E, ao contr\u00e1rio do que se tornou senso comum, n\u00e3o \u00e9 Jos\u00e9 Serra e sim Geraldo Alckmin. Isso porque, no PSB, o governador paulista acredita ser poss\u00edvel abarcar a maioria dos votos de centro-esquerda e centro-direita, deixando os advers\u00e1rios disputando as extremidades.<\/p>\n<p>\u00c9 o cara<\/p>\n<p> O deputado Max Beltr\u00e3o ainda \u00e9 o nome para assumir o Minist\u00e9rio do Turismo. A nomea\u00e7\u00e3o, entretanto, s\u00f3 sai depois do impeachment, com a recria\u00e7\u00e3o do Minist\u00e9rio do Desenvolvimento Agr\u00e1rio. Sinal de que o presidente em exerc\u00edcio n\u00e3o quer briga com Renan Calheiros (PMDB-AL).<\/p>\n<p>Quem n\u00e3o deve&#8230;\/ O senador Reguffe (foto),  do PDT-DF, avisa que votar\u00e1 contra o reajuste salarial dos ministros do Supremo Tribunal Federal. \u201cAs pessoas esquecem que algu\u00e9m vai ter que pagar por isso, e esse algu\u00e9m \u00e9 o contribuinte\u201d, diz ele.<\/p>\n<p>Aprovado\/ At\u00e9 os pol\u00edticos que tachavam o presidente do Supremo Tribunal Federal, Ricardo Lewandowski, de governista est\u00e3o satisfeitos com a condu\u00e7\u00e3o dos trabalhos do processo de impeachment. Ele passou no teste ao cortar a palavra tanto de Gleisi Hoffmann quanto de \u00c1lvaro Dias.<\/p>\n<p>Por falar em teste&#8230;\/ O presidente da C\u00e2mara, Rodrigo Maia, n\u00e3o ter\u00e1 vida f\u00e1cil em 12 de setembro. Se o qu\u00f3rum for baixo, v\u00e3o dizer que ele atuou para livrar Eduardo Cunha da cassa\u00e7\u00e3o. A sorte de Rodrigo est\u00e1 lan\u00e7ada.<\/p>\n<p>\u201cSpa\u201d do Luiz\/ A ala da Papuda reformada por Luiz Estev\u00e3o virou sonho de consumo daqueles detidos pela Lava-Jato. Valdemar Costa Neto, por exemplo, considera a de melhor padr\u00e3o. N\u00e3o \u00e9 \u00e0 toa que muitos tentam transfer\u00eancia para a penitenci\u00e1ria da capital.<\/p>\n","protected":false},"excerpt":{"rendered":"<p>A disposi\u00e7\u00e3o do governo federal em ajudar o governador Rodrigo Rollemberg a resolver a crise com a Pol\u00edcia Civil esbarra no risco do efeito cascata: t\u00e9cnicos da Fazenda avisam que, se o presidente fizer qualquer concess\u00e3o ao Governo do Distrito Federal, ainda que dentro dos valores que o governo local tem a receber, outros governadores far\u00e3o fila no Planalto com [&hellip;]<\/p>\n","protected":false},"author":29,"featured_media":0,"comment_status":"closed","ping_status":"closed","sticky":false,"template":"","format":"standard","meta":{"footnotes":""},"categories":[4],"tags":[],"class_list":["post-830","post","type-post","status-publish","format-standard","hentry","category-coluna-brasilia-df"],"_links":{"self":[{"href":"https:\/\/blogs.correiobraziliense.com.br\/denise\/wp-json\/wp\/v2\/posts\/830","targetHints":{"allow":["GET"]}}],"collection":[{"href":"https:\/\/blogs.correiobraziliense.com.br\/denise\/wp-json\/wp\/v2\/posts"}],"about":[{"href":"https:\/\/blogs.correiobraziliense.com.br\/denise\/wp-json\/wp\/v2\/types\/post"}],"author":[{"embeddable":true,"href":"https:\/\/blogs.correiobraziliense.com.br\/denise\/wp-json\/wp\/v2\/users\/29"}],"replies":[{"embeddable":true,"href":"https:\/\/blogs.correiobraziliense.com.br\/denise\/wp-json\/wp\/v2\/comments?post=830"}],"version-history":[{"count":1,"href":"https:\/\/blogs.correiobraziliense.com.br\/denise\/wp-json\/wp\/v2\/posts\/830\/revisions"}],"predecessor-version":[{"id":831,"href":"https:\/\/blogs.correiobraziliense.com.br\/denise\/wp-json\/wp\/v2\/posts\/830\/revisions\/831"}],"wp:attachment":[{"href":"https:\/\/blogs.correiobraziliense.com.br\/denise\/wp-json\/wp\/v2\/media?parent=830"}],"wp:term":[{"taxonomy":"category","embeddable":true,"href":"https:\/\/blogs.correiobraziliense.com.br\/denise\/wp-json\/wp\/v2\/categories?post=830"},{"taxonomy":"post_tag","embeddable":true,"href":"https:\/\/blogs.correiobraziliense.com.br\/denise\/wp-json\/wp\/v2\/tags?post=830"}],"curies":[{"name":"wp","href":"https:\/\/api.w.org\/{rel}","templated":true}]}}