{"id":806,"date":"2016-07-23T08:47:52","date_gmt":"2016-07-23T11:47:52","guid":{"rendered":"https:\/\/blogs.correiobraziliense.com.br\/denise\/?p=806"},"modified":"2016-07-25T11:49:15","modified_gmt":"2016-07-25T14:49:15","slug":"joao-santana-e-fichinha","status":"publish","type":"post","link":"https:\/\/blogs.correiobraziliense.com.br\/denise\/joao-santana-e-fichinha\/","title":{"rendered":"Jo\u00e3o Santana \u00e9 fichinha"},"content":{"rendered":"<p>Se o depoimento de Jo\u00e3o Santana provocou um alvoro\u00e7o entre os aliados de Dilma Rousseff e no PT, \u00e9 bom que todos fiquem de olhos bem abertos para o que vem por a\u00ed em rela\u00e7\u00e3o ao ex-diretor da Petrobras Renato Duque. Para se ter uma ideia, nestas tratativas para a dela\u00e7\u00e3o, ele mencionou que pensou em sair da Petrobras e nem Dilma, nem o PT deixaram. O argumento que pesou sob a \u00f3tica do partido foi o de que Duque era um dos maiores arrecadadores para o caixa partid\u00e1rio.<\/p>\n<p>Corredor polon\u00eas<\/p>\n<p>O vazamento do nome do deputado Max Beltr\u00e3o (PMDB-AL) como ministro do Turismo foi proposital. A ideia \u00e9 ver se v\u00eam novas den\u00fancias envolvendo o parlamentar. E se ele vai aguentar o tranco diante do que foi divulgado. Se resistir, pode at\u00e9 ser nomeado.<\/p>\n<p>&#8220;O financiamento das campanhas se tornou uma fonte de corrup\u00e7\u00e3o inesgot\u00e1vel&#8221;<\/p>\n<p>Roberto Veloso, presidente da Ajufe, quase parafraseando o publicit\u00e1rio Jo\u00e3o Santana<\/p>\n<p>\u3000<\/p>\n<p>Claudia no para\u00edso&#8230;<\/p>\n<p>Numa das fotos das viagens de Claudia Cruz que o jornalista Guilherme Amado colocou ontem na internet, a mulher de Eduardo Cunha menciona Carina Torrealba numa selfie em Barbados. Carina \u00e9 mulher de Gon\u00e7alo Torrealba, s\u00f3cio do grupo Libra, um dos maiores do setor portu\u00e1rio no Brasil.<\/p>\n<p>&#8230;Fiscal!!!!<\/p>\n<p>Barbados, realmente, \u00e9 paradis\u00edaco para muitos e em v\u00e1rios sentidos. Por l\u00e1 est\u00e3o, pelo menos, 34 empresas flagradas no Panam\u00e1 Papers.<\/p>\n<p>Vale lembrar<\/p>\n<p>Em 2013, quando Eduardo Cunha emendou a Lei dos Portos, ele e o ent\u00e3o deputado Anthony Garotinho (PR-RJ) quase foram \u00e0s vias de fato. Tudo porque Garotinho se referiu \u00e0 emenda aglutinativa proposta por Cunha como &#8220;a lei dos porcos&#8221;.<\/p>\n<p>Pensando bem\u2026\/ Nem s\u00f3 de gasto p\u00fablico e arrecada\u00e7\u00e3o entende o ex-secret\u00e1rio da Receita Federal Everardo Maciel (foto): &#8220;O governo jamais poderia dizer que o grupo terrorista era amador. E se agora resolverem mandar profissionais?&#8221;<\/p>\n<p>Enquanto isso, na Papuda\u2026\/ Luiz Estev\u00e3o pede, por interm\u00e9dio de assessores, para dizer que n\u00e3o est\u00e1 de cabe\u00e7a raspada nem socou as paredes. Vai ver que o amigo dele se equivocou ao contar a hist\u00f3ria a terceiros. Afinal, na Papuda, n\u00e3o se exige cabe\u00e7a raspada. &#8220;Isso \u00e9 t\u00e3o falso quanto uma nota de R$ 3&#8221;, diz Estev\u00e3o.<\/p>\n<p>\u2026A hora \u00e9 dos livros\/ O ex-senador, respons\u00e1vel pela entrega de quentinhas a 45 presos, dedica-se com afinco \u00e0 leitura. J\u00e1 leu 11 publica\u00e7\u00f5es de v\u00e1rios g\u00eaneros. A velocidade da luz, de Javier Cercas; O Sol \u00e9 para todos, de Harper Lee, um cl\u00e1ssico, conta a hist\u00f3ria de um advogado que defende um homem negro acusado de estuprar uma mulher branca nos Estados Unidos dos anos 1930 e enfrenta repres\u00e1lias da comunidade racista. O livro \u00e9 narrado pela sens\u00edvel Scout, filha do advogado. Uma hist\u00f3ria atemporal sobre toler\u00e2ncia, perda da inoc\u00eancia e conceito de justi\u00e7a.<\/p>\n<p>Olha a foto!\/ Ainda d\u00e1 o que falar o jantar do presidente em exerc\u00edcio, Michel Temer, com os presidentes da C\u00e2mara, Rodrigo Maia (DEM-RJ), e o do Senado, Renan Calheiros (PMDB-AL). Quando o pessoal da foto oficial chegou, quis recolher os copos de u\u00edsque sobre a mesa para n\u00e3o dar uma conota\u00e7\u00e3o festiva. O presidente em exerc\u00edcio, Michel Temer, estava de t\u00e3o bom humor que brincou: &#8220;Se tirar, ningu\u00e9m vai acreditar que era um jantar pol\u00edtico&#8221;. A gargalhada foi geral, mas os copos sa\u00edram de cena assim mesmo.<\/p>\n","protected":false},"excerpt":{"rendered":"<p>Se o depoimento de Jo\u00e3o Santana provocou um alvoro\u00e7o entre os aliados de Dilma Rousseff e no PT, \u00e9 bom que todos fiquem de olhos bem abertos para o que vem por a\u00ed em rela\u00e7\u00e3o ao ex-diretor da Petrobras Renato Duque. Para se ter uma ideia, nestas tratativas para a dela\u00e7\u00e3o, ele mencionou que pensou em sair da Petrobras e [&hellip;]<\/p>\n","protected":false},"author":29,"featured_media":0,"comment_status":"closed","ping_status":"closed","sticky":false,"template":"","format":"standard","meta":{"footnotes":""},"categories":[4],"tags":[],"class_list":["post-806","post","type-post","status-publish","format-standard","hentry","category-coluna-brasilia-df"],"_links":{"self":[{"href":"https:\/\/blogs.correiobraziliense.com.br\/denise\/wp-json\/wp\/v2\/posts\/806","targetHints":{"allow":["GET"]}}],"collection":[{"href":"https:\/\/blogs.correiobraziliense.com.br\/denise\/wp-json\/wp\/v2\/posts"}],"about":[{"href":"https:\/\/blogs.correiobraziliense.com.br\/denise\/wp-json\/wp\/v2\/types\/post"}],"author":[{"embeddable":true,"href":"https:\/\/blogs.correiobraziliense.com.br\/denise\/wp-json\/wp\/v2\/users\/29"}],"replies":[{"embeddable":true,"href":"https:\/\/blogs.correiobraziliense.com.br\/denise\/wp-json\/wp\/v2\/comments?post=806"}],"version-history":[{"count":1,"href":"https:\/\/blogs.correiobraziliense.com.br\/denise\/wp-json\/wp\/v2\/posts\/806\/revisions"}],"predecessor-version":[{"id":807,"href":"https:\/\/blogs.correiobraziliense.com.br\/denise\/wp-json\/wp\/v2\/posts\/806\/revisions\/807"}],"wp:attachment":[{"href":"https:\/\/blogs.correiobraziliense.com.br\/denise\/wp-json\/wp\/v2\/media?parent=806"}],"wp:term":[{"taxonomy":"category","embeddable":true,"href":"https:\/\/blogs.correiobraziliense.com.br\/denise\/wp-json\/wp\/v2\/categories?post=806"},{"taxonomy":"post_tag","embeddable":true,"href":"https:\/\/blogs.correiobraziliense.com.br\/denise\/wp-json\/wp\/v2\/tags?post=806"}],"curies":[{"name":"wp","href":"https:\/\/api.w.org\/{rel}","templated":true}]}}