{"id":7902,"date":"2021-12-23T06:28:06","date_gmt":"2021-12-23T09:28:06","guid":{"rendered":"https:\/\/blogs.correiobraziliense.com.br\/denise\/?p=7902"},"modified":"2021-12-23T06:28:06","modified_gmt":"2021-12-23T09:28:06","slug":"a-incrivel-historia-da-companhia-que-enganou-o-governo","status":"publish","type":"post","link":"https:\/\/blogs.correiobraziliense.com.br\/denise\/a-incrivel-historia-da-companhia-que-enganou-o-governo\/","title":{"rendered":"A incr\u00edvel hist\u00f3ria da companhia que enganou o governo"},"content":{"rendered":"<p>Por Carlos Alexandre de Souza &#8211;<\/p>\n<p><strong>A incr\u00edvel hist\u00f3ria da companhia que enganou o governo<\/strong><\/p>\n<p>Mais de 45 mil brasileiros foram prejudicados pela Itapemirim Transportes A\u00e9reos (ITA), que suspendeu as atividades na semana passada e vem causando enormes transtornos a quem tinha planos de viajar neste fim de ano. Mais impressionante do que as muitas hist\u00f3rias de gente que perdeu tempo, dinheiro e oportunidades, \u00e9 a sequ\u00eancia de desculpas oferecidas pelos \u00f3rg\u00e3os de controle.<\/p>\n<p>O ministro da Infraestrutura, Tarc\u00edsio Freitas, avaliou que a Ag\u00eancia Nacional de Avia\u00e7\u00e3o Civil agiu corretamente, pois o CNPJ da empresa estava limpo. A Secretaria Nacional do Consumidor (Senacom), ligada ao Minist\u00e9rio da Justi\u00e7a, j\u00e1 havia se reunido com representantes da ITA em tr\u00eas ocasi\u00f5es nos \u00faltimos meses, em raz\u00e3o da enxurrada de reclama\u00e7\u00f5es contra a companhia a\u00e9rea. Mas acredito na boa f\u00e9 da compahia. &#8220;Fomos pegos absolutamente de surpresa com a paralisa\u00e7\u00e3o e n\u00e3o disponibiliza\u00e7\u00e3o de apoio (ao consumidor)&#8221;, disse a secret\u00e1ria nacional do consumidor, Juliana Domingues, em entrevista ao Estad\u00e3o.<\/p>\n<p>Ora, n\u00e3o \u00e9 preciso ser especialista em avia\u00e7\u00e3o civil para saber que a ITA, empreendimento proveniente do grupo Itapemirim, h\u00e1 anos em processo de recupera\u00e7\u00e3o judicial, merecia uma an\u00e1lise mais criteriosa at\u00e9 receber a autoriza\u00e7\u00e3o para voar. \u00c9 p\u00fablico e not\u00f3rio, ainda, que o setor a\u00e9reo no Brasil enfrenta dificuldades financeiras antes mesmo da pandemia, que agravou a situa\u00e7\u00e3o.<\/p>\n<p>Nada leva a crer que as medidas punitivas, anunciadas dia a dia por autoridades, v\u00e3o compensar os transtornos provocados a milhares de fam\u00edlias. Oh, c\u00e9us.<\/p>\n<p><strong>Responsabiliza\u00e7\u00e3o<\/strong><\/p>\n<p>Ainda sobre a Itapemirim Transportes A\u00e9reos (ITA), a Funda\u00e7\u00e3o Procon SP avisou que vai multar a empresa, que anunciou a suspens\u00e3o das atividades na semana passada, em raz\u00e3o dos transtornos causados a 45 mil passageiros. O Procon n\u00e3o divulgou o valor da multa, mas deixou claro que pretende responsabilizar a ITA do ponto de vista administrativo, civil e criminal.<\/p>\n<p><strong>Comigo, n\u00e3o<\/strong><\/p>\n<p>A ministra da Agricultura, Tereza Cristina (DEM-MS), negou, ontem, que tenha tido qualquer conversa com o presidente Jair Bolsonaro sobre a possibilidade de ela ser sua vice nas elei\u00e7\u00f5es do ano que vem. &#8220;Vamos deixar claro: nunca o presidente conversou comigo sobre esse assunto. Isso (ser indicada a vice) n\u00e3o \u00e9 um projeto pessoal; tem de ser um projeto do presidente&#8221;, disse, em entrevista no programa F\u00e1bio Sousa, de Goi\u00e1s. E aproveitou para confirmar que colocou o nome \u00e0 disposi\u00e7\u00e3o do DEM para se candidatar a senadora por Mato Grosso do Sul em 2022.<\/p>\n<p><strong>Eu mesma<\/strong><\/p>\n<p>At\u00e9 o momento, a senadora Simone Tebet (MDB-MS) \u00e9 a \u00fanica pr\u00e9-candidata para a presid\u00eancia da Rep\u00fablica. Por enquanto, n\u00e3o consta nos planos da emedebista uma posi\u00e7\u00e3o de vice.<\/p>\n<p>Compromisso<\/p>\n<p>O comandante do Ex\u00e9rcito, general Paulo S\u00e9rgio Nogueira de Oliveira, reafirmou, em v\u00eddeo de mensagem de fim de ano divulgado ontem, o compromisso das For\u00e7as Armadas com a Constitui\u00e7\u00e3o. Ele apontou que &#8220;a principal raz\u00e3o da exist\u00eancia do Ex\u00e9rcito&#8221; \u00e9 o seu preparo e prontid\u00e3o para defesa da P\u00e1tria, e que \u00e9 ineg\u00e1vel a confian\u00e7a que os brasileiros t\u00eam no Ex\u00e9rcito, &#8220;ratificado pelos mais altos \u00edndices de credibilidade&#8221;.<\/p>\n<p><strong>Vou de metr\u00f4<\/strong><\/p>\n<p>O metr\u00f4 do Rio de Janeiro anunciou uma medida para estimular os cariocas a se protegerem da covid-19. Quem tomar a segunda dose ou dose de refor\u00e7o pode voltar para casa gratuitamente. Basta apresentar, em uma das 41 esta\u00e7\u00f5es, o comprovante de que recebeu a aplica\u00e7\u00e3o do imunizante e um documento de identidade.<\/p>\n<p><strong>Desamparadas<\/strong><\/p>\n<p>Novamente, crian\u00e7as s\u00e3o prejudicadas pela teimosia do governo federal no enfrentamento da pandemia. Ap\u00f3s 450 dias sem aula presencial entre 2020 e 2021, obrigados a estudar no modelo remoto &#8211; quando tinham acesso \u00e0 internet &#8211; os brasileiros entre 5 e 11 anos s\u00e3o tratados com des\u00eddia pelo governo federal. Apesar das recomenda\u00e7\u00f5es da Anvisa e de sociedades m\u00e9dicas em favor da vacina\u00e7\u00e3o infantial, o minist\u00e9rio da Sa\u00fade insiste em desafiar consensos.<\/p>\n<p><strong>Mais amea\u00e7as<\/strong><\/p>\n<p>A debandada dos auditores fiscais, em resposta ao agrado salarial de R$ 1,7 bilh\u00e3o reservado aos policiais federais, pode ir al\u00e9m das notas de rep\u00fadio. Uma assembleia, marcada para hoje, avalia a paralisa\u00e7\u00e3o total da Receita Federal. Os impactos s\u00e3o diversos e podem afetar a fiscaliza\u00e7\u00e3o em aeroportos ou no controle alimentar.<\/p>\n<p>&nbsp;<\/p>\n","protected":false},"excerpt":{"rendered":"<p>Por Carlos Alexandre de Souza &#8211; A incr\u00edvel hist\u00f3ria da companhia que enganou o governo Mais de 45 mil brasileiros foram prejudicados pela Itapemirim Transportes A\u00e9reos (ITA), que suspendeu as atividades na semana passada e vem causando enormes transtornos a quem tinha planos de viajar neste fim de ano. Mais impressionante do que as muitas hist\u00f3rias de gente que perdeu [&hellip;]<\/p>\n","protected":false},"author":29,"featured_media":7903,"comment_status":"closed","ping_status":"closed","sticky":false,"template":"","format":"standard","meta":{"footnotes":""},"categories":[5],"tags":[],"class_list":["post-7902","post","type-post","status-publish","format-standard","has-post-thumbnail","hentry","category-politica"],"_links":{"self":[{"href":"https:\/\/blogs.correiobraziliense.com.br\/denise\/wp-json\/wp\/v2\/posts\/7902","targetHints":{"allow":["GET"]}}],"collection":[{"href":"https:\/\/blogs.correiobraziliense.com.br\/denise\/wp-json\/wp\/v2\/posts"}],"about":[{"href":"https:\/\/blogs.correiobraziliense.com.br\/denise\/wp-json\/wp\/v2\/types\/post"}],"author":[{"embeddable":true,"href":"https:\/\/blogs.correiobraziliense.com.br\/denise\/wp-json\/wp\/v2\/users\/29"}],"replies":[{"embeddable":true,"href":"https:\/\/blogs.correiobraziliense.com.br\/denise\/wp-json\/wp\/v2\/comments?post=7902"}],"version-history":[{"count":1,"href":"https:\/\/blogs.correiobraziliense.com.br\/denise\/wp-json\/wp\/v2\/posts\/7902\/revisions"}],"predecessor-version":[{"id":7904,"href":"https:\/\/blogs.correiobraziliense.com.br\/denise\/wp-json\/wp\/v2\/posts\/7902\/revisions\/7904"}],"wp:featuredmedia":[{"embeddable":true,"href":"https:\/\/blogs.correiobraziliense.com.br\/denise\/wp-json\/wp\/v2\/media\/7903"}],"wp:attachment":[{"href":"https:\/\/blogs.correiobraziliense.com.br\/denise\/wp-json\/wp\/v2\/media?parent=7902"}],"wp:term":[{"taxonomy":"category","embeddable":true,"href":"https:\/\/blogs.correiobraziliense.com.br\/denise\/wp-json\/wp\/v2\/categories?post=7902"},{"taxonomy":"post_tag","embeddable":true,"href":"https:\/\/blogs.correiobraziliense.com.br\/denise\/wp-json\/wp\/v2\/tags?post=7902"}],"curies":[{"name":"wp","href":"https:\/\/api.w.org\/{rel}","templated":true}]}}