{"id":755,"date":"2016-07-05T07:51:51","date_gmt":"2016-07-05T10:51:51","guid":{"rendered":"https:\/\/blogs.correiobraziliense.com.br\/denise\/?p=755"},"modified":"2016-07-05T07:51:51","modified_gmt":"2016-07-05T10:51:51","slug":"o-preventivo-de-michel","status":"publish","type":"post","link":"https:\/\/blogs.correiobraziliense.com.br\/denise\/o-preventivo-de-michel\/","title":{"rendered":"O preventivo de Michel"},"content":{"rendered":"<p>A fala de Michel Temer ontem em S\u00e3o Paulo, sobre n\u00e3o ter preocupa\u00e7\u00f5es eleitorais e ficar satisfeito de conseguir colocar o pa\u00eds nos eixos em dois anos e meio, foi um recado direto para manter na \u00f3rbita do governo todos os partidos da base aliada que pretendem lan\u00e7ar candidatos a presidente: PSDB, DEM, PPS, PSB. Nesse sentido, cita ainda as duras medidas que vir\u00e3o. Temer sabe que, na hora das medidas amargas, muitos partidos ou pr\u00e9-candidatos a presidente que hoje lhe d\u00e3o respaldo ser\u00e3o os primeiros a correr. E \u00e9 isso que ele quer evitar.<\/p>\n<p>Olho vivo<\/p>\n<p>Os empres\u00e1rios est\u00e3o \u201cabismados\u201d com a ousadia de pol\u00edticos que continuam pedindo vantagens em troca de projetos. Mesmo depois do petrol\u00e3o, a reclama\u00e7\u00e3o com os achaques continua forte nos bastidores.<\/p>\n<p>Paternidade<\/p>\n<p>Com a Lava-Jato passando o rodo no partido, os petistas est\u00e3o num verdadeiro jogo de empurra sobre quem \u00e9 ligado a quem, em especial ao vereador Alexandre Romano, preso na Opera\u00e7\u00e3o Pixuleco II, a 18\u00aa fase da Lava-Jato. Em recente depoimento, o deputado Jos\u00e9 Guimar\u00e3es afirmou aos procuradores que o padrinho de \u201cChambinho\u201d \u00e9 Jilmar Tatto.<\/p>\n<p>Alvos<\/p>\n<p>O discurso pol\u00edtico dos procuradores da Lava-Jato ontem em Curitiba, sobre a sociedade cansada do \u201ccasamento\u201d de agentes pol\u00edticos com a corrup\u00e7\u00e3o tem como primeiro endere\u00e7o os deputados da Comiss\u00e3o de Constitui\u00e7\u00e3o e Justi\u00e7a da C\u00e2mara, que v\u00e3o votar o recurso do presidente da C\u00e2mara, Eduardo Cunha. O segundo \u00e9 aquele grupo que planeja engavetar as 10 medidas contra a corrup\u00e7\u00e3o e por a\u00ed vai.<\/p>\n<p>Inseguran\u00e7a geral<\/p>\n<p>A autoriza\u00e7\u00e3o do governo para que a Casa da Moeda imprima passaportes sem a numera\u00e7\u00e3o perfurada em todas as p\u00e1ginas fez soar o alerta na Pol\u00edcia Federal.  \u201cPode ter brasileiro pedindo passaporte para vender por um bom pre\u00e7o\u201d, avisa Luiz Boudens, presidente da Federa\u00e7\u00e3o Nacional dos Policiais Federais.  Boudens lembra que os passaportes brasileiros s\u00e3o os mais valorizados pelo crime organizado por causa da diversidade \u00e9tnica do pa\u00eds.<\/p>\n<p>\u201cDa sabedoria busquei a humildade; da humildade clamei por justi\u00e7a\u201d<\/p>\n<p>Enredo da escola Estado Maior da Restinga, em 2016,  aquela que recebeu dinheiro de propina via Paulo Ferreira, ex-tesoureiro do PT, represo ontem<\/p>\n<p>MMA\/ Nos bastidores, a aposta \u00e9 a de que se S\u00e9rgio Machado (foto), algum dia, cruzar na rua com Jader Barbalho, Renan Calheiros ou Edison Lob\u00e3o, apanha. J\u00e1 o ex-presidente Jos\u00e9 Sarney, um cavalheiro \u00e0 moda antiga, prefere um duelo.<\/p>\n<p>A Esf\u00edngie I\/ Todos que tentam puxar assunto sobre sucess\u00e3o na C\u00e2mara com o presidente em exerc\u00edcio t\u00eam a mesma resposta: \u201cFicaria muito feliz se voc\u00ea fosse o candidato, mas busque consenso dentro da base\u201d.<\/p>\n<p>A Esf\u00edngie II\/ Temer j\u00e1 recebeu pelo menos dois potenciais candidatos, Rog\u00e9rio Rosso (PSD-DF) e Her\u00e1clito Fortes (PSB-PI). J\u00falio Delgado (PSB-MG) pediu uma conversa e aguarda a marca\u00e7\u00e3o da audi\u00eancia.<\/p>\n<p>Depois de Maranh\u00e3o&#8230;\/ Com o Judici\u00e1rio em recesso, Marco Aur\u00e9lio Mello aproveita para dar uma palestra em Coimbra, Portugal, num semin\u00e1rio de ver\u00e3o sobre o papel do Direito nos desafios globais. Sabe como \u00e9, passada a quebra de sigilo de Waldir Maranh\u00e3o, nada como uns dias fora do pa\u00eds.<\/p>\n","protected":false},"excerpt":{"rendered":"<p>A fala de Michel Temer ontem em S\u00e3o Paulo, sobre n\u00e3o ter preocupa\u00e7\u00f5es eleitorais e ficar satisfeito de conseguir colocar o pa\u00eds nos eixos em dois anos e meio, foi um recado direto para manter na \u00f3rbita do governo todos os partidos da base aliada que pretendem lan\u00e7ar candidatos a presidente: PSDB, DEM, PPS, PSB. Nesse sentido, cita ainda as [&hellip;]<\/p>\n","protected":false},"author":29,"featured_media":0,"comment_status":"closed","ping_status":"closed","sticky":false,"template":"","format":"standard","meta":{"footnotes":""},"categories":[4],"tags":[],"class_list":["post-755","post","type-post","status-publish","format-standard","hentry","category-coluna-brasilia-df"],"_links":{"self":[{"href":"https:\/\/blogs.correiobraziliense.com.br\/denise\/wp-json\/wp\/v2\/posts\/755","targetHints":{"allow":["GET"]}}],"collection":[{"href":"https:\/\/blogs.correiobraziliense.com.br\/denise\/wp-json\/wp\/v2\/posts"}],"about":[{"href":"https:\/\/blogs.correiobraziliense.com.br\/denise\/wp-json\/wp\/v2\/types\/post"}],"author":[{"embeddable":true,"href":"https:\/\/blogs.correiobraziliense.com.br\/denise\/wp-json\/wp\/v2\/users\/29"}],"replies":[{"embeddable":true,"href":"https:\/\/blogs.correiobraziliense.com.br\/denise\/wp-json\/wp\/v2\/comments?post=755"}],"version-history":[{"count":1,"href":"https:\/\/blogs.correiobraziliense.com.br\/denise\/wp-json\/wp\/v2\/posts\/755\/revisions"}],"predecessor-version":[{"id":756,"href":"https:\/\/blogs.correiobraziliense.com.br\/denise\/wp-json\/wp\/v2\/posts\/755\/revisions\/756"}],"wp:attachment":[{"href":"https:\/\/blogs.correiobraziliense.com.br\/denise\/wp-json\/wp\/v2\/media?parent=755"}],"wp:term":[{"taxonomy":"category","embeddable":true,"href":"https:\/\/blogs.correiobraziliense.com.br\/denise\/wp-json\/wp\/v2\/categories?post=755"},{"taxonomy":"post_tag","embeddable":true,"href":"https:\/\/blogs.correiobraziliense.com.br\/denise\/wp-json\/wp\/v2\/tags?post=755"}],"curies":[{"name":"wp","href":"https:\/\/api.w.org\/{rel}","templated":true}]}}