{"id":731,"date":"2016-06-19T08:09:08","date_gmt":"2016-06-19T11:09:08","guid":{"rendered":"https:\/\/blogs.correiobraziliense.com.br\/denise\/?p=731"},"modified":"2016-06-20T12:09:52","modified_gmt":"2016-06-20T15:09:52","slug":"discurso-para-o-futuro","status":"publish","type":"post","link":"https:\/\/blogs.correiobraziliense.com.br\/denise\/discurso-para-o-futuro\/","title":{"rendered":"Discurso para o futuro"},"content":{"rendered":"<p>Cientes de que reverter o impedimento de Dilma Rousseff \u00e9 miss\u00e3o praticamente imposs\u00edvel, os senadores petistas mudaram o foco na comiss\u00e3o especial do impeachment. Em vez da defesa pura e simples da presidente afastada, uma reuni\u00e3o recente fechou como estrat\u00e9gia tentar se diferenciar do governo Michel Temer na quest\u00e3o econ\u00f4mica, a fim de reconquistar o eleitorado com vistas a 2018. Integrantes do PT passaram, ent\u00e3o, a dizer diariamente que, quando o partido era governo, havia uma preocupa\u00e7\u00e3o maior com os programas sociais. As imagens est\u00e3o prontas para compor o hor\u00e1rio eleitoral deste ano nos munic\u00edpios e da pr\u00f3xima elei\u00e7\u00e3o presidencial.<\/p>\n<p>O governo Temer j\u00e1 percebeu esse jogo. Da\u00ed, a ideia de fazer um pronunciamento \u00e0 na\u00e7\u00e3o, defendida por alguns ministros, para que Temer possa apresentar a real situa\u00e7\u00e3o recebida da gest\u00e3o de Dilma. O problema \u00e9 que, com a Lava-Jato no calcanhar do governo e ministros caindo, est\u00e1 dif\u00edcil centrar todo o f\u00f4lego nos assuntos econ\u00f4micos. Os senadores petistas, hoje na oposi\u00e7\u00e3o, t\u00eam mais tempo de organizar o discurso. Resta saber se vai colar.<\/p>\n<p>Al\u00e9m das multas<br \/>\nA perspectiva de rejei\u00e7\u00e3o das contas eleitorais do PT deixa a \u00e1rea financeira do partido insone e n\u00e3o \u00e9 apenas por causa da suspens\u00e3o do fundo partid\u00e1rio ou do pagamento de multa. O que tira o sono \u00e9 o risco de o partido perder a imunidade tribut\u00e1ria e ser obrigado a pagar impostos de forma retroativa. Nos tempos do mensal\u00e3o, quando essa hip\u00f3tese foi levantada, o Congresso mudou a lei e ligou a suspens\u00e3o da imunidade a decis\u00f5es do TSE sobre as contas partid\u00e1rias. Agora, pelo visto, n\u00e3o haver\u00e1 escapat\u00f3ria. Os valores ainda n\u00e3o foram calculados, mas \u00e9 coisa para milh\u00f5es.<\/p>\n<p>&#8220;O Brasil \u00e9 grande, mas n\u00e3o sabe ser\u201d<br \/>\nGui Brand\u00e3o, embaixador, do alto de seus 87 anos e com a experi\u00eancia de quem j\u00e1 rodou o mundo<\/p>\n<p>Ruim sem ela&#8230;<br \/>\nO governo age para tentar deixar em frequ\u00eancias diferentes as den\u00fancias de pagamento de propina ao presidente do Senado, Renan Calheiros, e o processo de impeachment de Dilma. A ordem dos peemedebistas \u00e9, daqui para frente, repisar com mais \u00eanfase aos senadores que os agentes econ\u00f4micos esperam apenas o afastamento definitivo de Dilma para dar algum f\u00f4lego \u00e0 economia.<\/p>\n<p>Retorno I<br \/>\nGilberto Kassab quer nomear o ex-ministro das Comunica\u00e7\u00f5es Juarez Quadros para o conselho diretor da Anatel. Quadros, um bem-sucedido consultor na \u00e1rea de telecomunica\u00e7\u00f5es e hoje muito ligado ao conselheiro da Anatel Anibal Diniz, j\u00e1 sinalizou que aceitaria o convite. Ele assumiu o minist\u00e9rio como titular do cargo em 1998, no governo Fernando Henrique, depois da morte de S\u00e9rgio Motta.<\/p>\n<p>Retorno II<br \/>\nA ideia de Kassab \u00e9 nomear Quadros na vaga de Rodrigo Zerbone, que termina o mandato em novembro. Quanto a Jo\u00e3o Rezende, o pol\u00eamico presidente da Anatel ligado ao ex-ministro Paulo Bernardo, Kassab n\u00e3o tem alternativa, a n\u00e3o ser mant\u00ea-lo. O per\u00edodo dele no colegiado termina apenas em dezembro de 2018.<\/p>\n<p>CURTIDAS    <\/p>\n<p>Se dizem que nem cunhado \u00e9 parente&#8230;\/ Expedito Machado Neto, Dide, queria se filiar ao PSDB e disputar um mandato de deputado federal e, apesar da roubalheira do pai, pensou em manter o projeto. O senador Tasso Jereissati (foto), por\u00e9m, vetou a filia\u00e7\u00e3o. Embora Dide seja casado com uma sobrinha da mulher do tucano, n\u00e3o \u00e9 momento de misturar as coisas.<\/p>\n<p>Dupla do barulho\/ Jos\u00e9 Dirceu e Eduardo Cunha s\u00e3o vistos nos bastidores como \u201caqueles que podem ajudar a passar o Brasil a limpo\u201d. Cunha, dizem alguns, a partir de amanh\u00e3, come\u00e7a a se preparar para essa etapa.<\/p>\n<p>Por falar em Cunha&#8230;\/ O n\u00famero de delatores que menciona algum envolvimento de Eduardo Cunha no esquema da Lava-Jato j\u00e1 ultrapassou a casa da dezena.<\/p>\n<p>Custo &amp; benef\u00edcio\/ Com as elei\u00e7\u00f5es municipais logo ali, os pr\u00e9-candidatos a presidente da C\u00e2mara fizeram as contas e descobriram que o eleito ter\u00e1, na pr\u00e1tica, menos de tr\u00eas meses no comando.<\/p>\n","protected":false},"excerpt":{"rendered":"<p>Cientes de que reverter o impedimento de Dilma Rousseff \u00e9 miss\u00e3o praticamente imposs\u00edvel, os senadores petistas mudaram o foco na comiss\u00e3o especial do impeachment. Em vez da defesa pura e simples da presidente afastada, uma reuni\u00e3o recente fechou como estrat\u00e9gia tentar se diferenciar do governo Michel Temer na quest\u00e3o econ\u00f4mica, a fim de reconquistar o eleitorado com vistas a 2018. [&hellip;]<\/p>\n","protected":false},"author":29,"featured_media":0,"comment_status":"closed","ping_status":"closed","sticky":false,"template":"","format":"standard","meta":{"footnotes":""},"categories":[4],"tags":[],"class_list":["post-731","post","type-post","status-publish","format-standard","hentry","category-coluna-brasilia-df"],"_links":{"self":[{"href":"https:\/\/blogs.correiobraziliense.com.br\/denise\/wp-json\/wp\/v2\/posts\/731","targetHints":{"allow":["GET"]}}],"collection":[{"href":"https:\/\/blogs.correiobraziliense.com.br\/denise\/wp-json\/wp\/v2\/posts"}],"about":[{"href":"https:\/\/blogs.correiobraziliense.com.br\/denise\/wp-json\/wp\/v2\/types\/post"}],"author":[{"embeddable":true,"href":"https:\/\/blogs.correiobraziliense.com.br\/denise\/wp-json\/wp\/v2\/users\/29"}],"replies":[{"embeddable":true,"href":"https:\/\/blogs.correiobraziliense.com.br\/denise\/wp-json\/wp\/v2\/comments?post=731"}],"version-history":[{"count":1,"href":"https:\/\/blogs.correiobraziliense.com.br\/denise\/wp-json\/wp\/v2\/posts\/731\/revisions"}],"predecessor-version":[{"id":732,"href":"https:\/\/blogs.correiobraziliense.com.br\/denise\/wp-json\/wp\/v2\/posts\/731\/revisions\/732"}],"wp:attachment":[{"href":"https:\/\/blogs.correiobraziliense.com.br\/denise\/wp-json\/wp\/v2\/media?parent=731"}],"wp:term":[{"taxonomy":"category","embeddable":true,"href":"https:\/\/blogs.correiobraziliense.com.br\/denise\/wp-json\/wp\/v2\/categories?post=731"},{"taxonomy":"post_tag","embeddable":true,"href":"https:\/\/blogs.correiobraziliense.com.br\/denise\/wp-json\/wp\/v2\/tags?post=731"}],"curies":[{"name":"wp","href":"https:\/\/api.w.org\/{rel}","templated":true}]}}