{"id":703,"date":"2016-05-31T09:00:06","date_gmt":"2016-05-31T12:00:06","guid":{"rendered":"https:\/\/blogs.correiobraziliense.com.br\/denise\/?p=703"},"modified":"2016-05-31T21:08:50","modified_gmt":"2016-06-01T00:08:50","slug":"casa-de-marimbondos","status":"publish","type":"post","link":"https:\/\/blogs.correiobraziliense.com.br\/denise\/casa-de-marimbondos\/","title":{"rendered":"Casa de marimbondos"},"content":{"rendered":"<p>A queda de mais um ministro do governo Michel Temer por causa das grava\u00e7\u00f5es feitas pelo ex-presidente da Transpetro S\u00e9rgio Machado p\u00f5e mais um pote de m\u00e1goas no PMDB, mais precisamente em Renan Calheiros, presidente do Senado. Ali, o presidente em exerc\u00edcio precisa de, pelo menos, 54 votos para permanecer no poder, e est\u00e1 hoje no epicentro da crise e a maior tens\u00e3o envolvendo a Lava-Jato. Por isso, a presidente afastada, Dilma Rousseff, jogar\u00e1 para constranger os senadores da mesma forma que ontem os funcion\u00e1rios da antiga Controladoria-Geral da Uni\u00e3o embara\u00e7aram o ministro da Transpar\u00eancia, Fabiano Silveira, n\u00e3o deixando alternativa, fora a demiss\u00e3o.<\/p>\n<p>\u00bb   \u00bb   \u00bb<\/p>\n<p>Dilma sabe que, se mantiver a discuss\u00e3o do seu afastamento definitivo restrita \u00e0s pedaladas, n\u00e3o conseguir\u00e1 mudar nenhum dos 55 votos que consentiram a abertura de processo. Por\u00e9m, ela acredita que, se conseguir convencer alguns de que foi afastada para que os peemedebistas tentassem sufocar a Lava-Jato, tem alguma chance. \u00c9 o que lhe resta.<\/p>\n<p>\u00bb   \u00bb   \u00bb<\/p>\n<p>A estrat\u00e9gia de Dilma, entretanto, carece de aten\u00e7\u00e3o ao cen\u00e1rio geral. Ministros enroscados nas grava\u00e7\u00f5es est\u00e3o fora do governo. E, para completar, senadores que se dizem f\u00e3s da Lava-Jato lembram que, dias antes de ser afastada, ela tentou fazer de Lula ministro justamente para evitar que o ex-presidente enfrentasse a Justi\u00e7a.<\/p>\n<p>Noves fora\u2026<\/p>\n<p>Ao manter o ministro que terminou pedindo demiss\u00e3o, Michel Temer conseguiu, ao menos, n\u00e3o fazer Renan Calheiros vociferar contra o governo em exerc\u00edcio. A ordem no Poder Executivo \u00e9 n\u00e3o brigar com o Senado.<\/p>\n<p>Servi\u00e7o n\u00e3o falta<\/p>\n<p>Fabiano Silveira havia sido aconselhado de manh\u00e3 a \u201cmostrar servi\u00e7o\u201d, ou seja, apresentar resultados como a nova legisla\u00e7\u00e3o sobre acordos de leni\u00eancia, uma vez que a medida provis\u00f3ria em vigor est\u00e1 prestes a perder a validade. Caber\u00e1 agora ao futuro ministro da Transpar\u00eancia cuidar dessa tarefa.<\/p>\n<p>O que separa<\/p>\n<p>A discuss\u00e3o de cargos de segundo escal\u00e3o e vagas nas ag\u00eancias reguladoras deflagrou um empurra-empurra na base de Michel Temer. \u00c9 que a ideia do presidente em exerc\u00edcio de indicar nomes t\u00e9cnicos \u00e0s ag\u00eancias fez murchar as listas de pedidos que come\u00e7avam a circular em algumas bancadas, especialmente Minas Gerais, ainda sem minist\u00e9rio.<\/p>\n<p>Curtidas<\/p>\n<p>Tiro n\u2019\u00e1gua\/ Os petistas tentaram se reaproximar do senador Fernando Bezerra Coelho na semana passada. Apostaram tamb\u00e9m em Reguffe (foto). O primeiro tem o filho ministro de Michel Temer. O segundo j\u00e1 avisou que, se houver algum problema com o governo de Temer, n\u00e3o ser\u00e1 a volta de Dilma que vai resolver.<\/p>\n<p>Diferen\u00e7as\/ Ao longo do dia, auxiliares do presidente em exerc\u00edcio, Michel Temer, mencionavam o fato de Fabiano Silveira n\u00e3o ser investigado pela Lava-Jato como o principal argumento para dar ao ministro um destino diverso daquele de Romero Juc\u00e1.<\/p>\n<p>Semelhan\u00e7as\/ H\u00e1 quem veja a sa\u00edda de ministros nessa largada de Michel Temer o mesmo sistema que marcou o primeiro ano de Dilma Rousseff. Ali, foram sete demitidos porque terminaram enroscados em alguma den\u00fancia.<\/p>\n<p>O que une\/ A revolta contra o estupro coletivo de uma menina de 16 anos no Rio de Janeiro foi tema no Senado ontem. S\u00f3 uma barb\u00e1rie desse porte para fazer com que pol\u00edticos de v\u00e1rias matizes ficassem do mesmo lado. Nem tudo est\u00e1 perdido.<\/p>\n","protected":false},"excerpt":{"rendered":"<p>A queda de mais um ministro do governo Michel Temer por causa das grava\u00e7\u00f5es feitas pelo ex-presidente da Transpetro S\u00e9rgio Machado p\u00f5e mais um pote de m\u00e1goas no PMDB, mais precisamente em Renan Calheiros, presidente do Senado. Ali, o presidente em exerc\u00edcio precisa de, pelo menos, 54 votos para permanecer no poder, e est\u00e1 hoje no epicentro da crise e [&hellip;]<\/p>\n","protected":false},"author":29,"featured_media":0,"comment_status":"closed","ping_status":"closed","sticky":false,"template":"","format":"standard","meta":{"footnotes":""},"categories":[4],"tags":[],"class_list":["post-703","post","type-post","status-publish","format-standard","hentry","category-coluna-brasilia-df"],"_links":{"self":[{"href":"https:\/\/blogs.correiobraziliense.com.br\/denise\/wp-json\/wp\/v2\/posts\/703","targetHints":{"allow":["GET"]}}],"collection":[{"href":"https:\/\/blogs.correiobraziliense.com.br\/denise\/wp-json\/wp\/v2\/posts"}],"about":[{"href":"https:\/\/blogs.correiobraziliense.com.br\/denise\/wp-json\/wp\/v2\/types\/post"}],"author":[{"embeddable":true,"href":"https:\/\/blogs.correiobraziliense.com.br\/denise\/wp-json\/wp\/v2\/users\/29"}],"replies":[{"embeddable":true,"href":"https:\/\/blogs.correiobraziliense.com.br\/denise\/wp-json\/wp\/v2\/comments?post=703"}],"version-history":[{"count":1,"href":"https:\/\/blogs.correiobraziliense.com.br\/denise\/wp-json\/wp\/v2\/posts\/703\/revisions"}],"predecessor-version":[{"id":704,"href":"https:\/\/blogs.correiobraziliense.com.br\/denise\/wp-json\/wp\/v2\/posts\/703\/revisions\/704"}],"wp:attachment":[{"href":"https:\/\/blogs.correiobraziliense.com.br\/denise\/wp-json\/wp\/v2\/media?parent=703"}],"wp:term":[{"taxonomy":"category","embeddable":true,"href":"https:\/\/blogs.correiobraziliense.com.br\/denise\/wp-json\/wp\/v2\/categories?post=703"},{"taxonomy":"post_tag","embeddable":true,"href":"https:\/\/blogs.correiobraziliense.com.br\/denise\/wp-json\/wp\/v2\/tags?post=703"}],"curies":[{"name":"wp","href":"https:\/\/api.w.org\/{rel}","templated":true}]}}