{"id":663,"date":"2016-05-05T10:13:56","date_gmt":"2016-05-05T13:13:56","guid":{"rendered":"https:\/\/blogs.correiobraziliense.com.br\/denise\/?p=663"},"modified":"2016-05-05T10:13:56","modified_gmt":"2016-05-05T13:13:56","slug":"e-o-que-tem-para-hoje-voces-nomeiam-eu-demito","status":"publish","type":"post","link":"https:\/\/blogs.correiobraziliense.com.br\/denise\/e-o-que-tem-para-hoje-voces-nomeiam-eu-demito\/","title":{"rendered":"\u00c9 o que tem para hoje: \u201cVoc\u00eas nomeiam, eu demito\u201d"},"content":{"rendered":"<p>   Entre um governo de not\u00e1veis e outro que lhe renda votos no Congresso para aprovar medidas importantes logo na largada, o vice-presidente Michel Temer ficou com a segunda op\u00e7\u00e3o. Seus aliados informam que pancada maior do que o desgaste do toma-l\u00e1-d\u00e1-c\u00e1 ser\u00e1 patinar nas primeiras medidas econ\u00f4micas a serem apresentadas. <\/p>\n<p>   O discurso para Michel Temer desistir de reduzir j\u00e1 o n\u00famero de minist\u00e9rios vai mais al\u00e9m: \u00c9 que, sem uma reforma pol\u00edtica, n\u00e3o h\u00e1 como promover uma reforma administrativa. E quem quer maioria para governar tem que se relacionar com esse congresso que a\u00ed est\u00e1: S\u00e3o 24 partidos com representa\u00e7\u00e3o na C\u00e2mara, sendo que apenas quatro n\u00e3o v\u00e3o compor a base parlamentar de Temer __ PT, PCdoB, Rede e PSol. Michel Temer, entretanto, faz chegar a todos escalados para representar os partidos: \u201cVoc\u00eas nomeiam e eu demito\u201d. Ou seja, se o sujeito indicado n\u00e3o apresentar resultados ou se enrolar no cargo, estar\u00e1 fora. <\/p>\n<p>Vingan\u00e7a<br \/>\n    A ministra da Agricultura, K\u00e1tia Abreu, n\u00e3o brinca. Essa semana, mandou exonerar M\u00f4nica Azambuja da Companhia Nacional de Abastecimento (Conab). A funcion\u00e1ria chegou para trabalhar e lhe pediram o crach\u00e1, porque estava demitida \u201cpor ordem da ministra\u201d. M\u00f4nica foi casada por 27 anos com o ex-ministro do Turismo Henrique Eduardo Alves.<\/p>\n<p>Dan\u00e7a das cadeiras I<br \/>\n    A c\u00fapula do PR comunicou a seus deputados que o convite para integrar a equipe de Michel Temer inclu\u00eda o Minist\u00e9rio dos Transportes acrescido da estrutura da pasta da Avia\u00e7\u00e3o Civil. A bancada do PMDB na C\u00e2mara foi informada de que a Avia\u00e7\u00e3o Civil n\u00e3o ser\u00e1 incorporada aos Transportes e ser\u00e1 entregue a um representante do partido na C\u00e2mara.  <\/p>\n<p>Dan\u00e7a das cadeiras II<br \/>\n   Quem acompanha o dia-a-dia das negocia\u00e7\u00f5es de Michel Temer avisa: \u201cAt\u00e9 o dia da posse, nada \u00e9 definitivo\u201d. <\/p>\n<p>Nem vem<br \/>\n   O chefe do Estado Maior do Ex\u00e9rcito, general S\u00e9rgio Etchegoyen, esteve com Michel Temer na noite de ter\u00e7a-feira e, segundo interlocutores do vice-presidente, ainda insiste na recria\u00e7\u00e3o do Gabinete de Seguran\u00e7a Institucional.  Temer n\u00e3o pretende recriar cargos. J\u00e1 chega o fato de n\u00e3o conseguir extinguir tantos minist\u00e9rios como gostaria. Afinal, \u00e9 um novo governo com Congresso velho.<\/p>\n<p>CURTIDAS<\/p>\n<p>   Festa no vizinho\/ Renan Calheiros e Eduardo Cunha que se preparem: uma das vizinhas, a advogada Fernanda Hernandez, prepara uma recep\u00e7\u00e3o para o filho e a noiva, em sua mans\u00e3o. \u00c9 a pr\u00e9via de casamento, que ser\u00e1 em junho, na Gr\u00e9cia. Do jeito que a vida de Cunha e de Renan anda complicada, tudo o que eles querem \u00e9 dist\u00e2ncia da badala\u00e7\u00e3o.<\/p>\n<p>   RSVP\/ O senador Gim Argello (PTB-DF), se estivesse liberado, certamente estaria presente. Ele \u00e9 ligado a  Alexandre Pantazis, parente da noiva. Para quem n\u00e3o se lembra, Pantazis \u00e9 aquele empres\u00e1rio milion\u00e1rio, que j\u00e1 foi filiado ao PTB de Gim e terminou acusado de vender trilhos de m\u00e1 qualidade para a Ferronorte. <\/p>\n<p>   Por falar em Gim&#8230;\/ Seus amigos informam que ele est\u00e1 mais magro e chora todos os dias, por causa da condu\u00e7\u00e3o coercitiva do filho e o receio de que tamb\u00e9m acabe preso. Ali\u00e1s, a carceragem de Curitiba ganhou o apelido de Spa do Moro. Todos que passaram por l\u00e1 sa\u00edram mais magros, inclusive M\u00f4nica Moura e Jo\u00e3o Santana.<\/p>\n<p>Onaireves II\/ Assim os deputados aliados ao governo se referem ao deputado Adail Carneiro, do PP do Cear\u00e1. Ele saiu do secretariado de Camilo Santana para votar a favor de Dilma na C\u00e2mara. Numa tacada s\u00f3, traiu o governador, Dilma, Lula e ainda os irm\u00e3os Cid e Ciro Gomes. Onaireves, para quem n\u00e3o se lembra ou \u00e9 jovem, foi o deputado que fez um jantar de apoio para Fernando Collor em 28 de setembro de 1992 e, no dia seguinte, votou a favor do impeachment.<\/p>\n<p>E o Cunha, hein?\/ Hoje, com o julgamento do Supremo Tribunal Federal, voltar\u00e1 ao foco. <\/p>\n","protected":false},"excerpt":{"rendered":"<p>Entre um governo de not\u00e1veis e outro que lhe renda votos no Congresso para aprovar medidas importantes logo na largada, o vice-presidente Michel Temer ficou com a segunda op\u00e7\u00e3o. Seus aliados informam que pancada maior do que o desgaste do toma-l\u00e1-d\u00e1-c\u00e1 ser\u00e1 patinar nas primeiras medidas econ\u00f4micas a serem apresentadas. O discurso para Michel Temer desistir de reduzir j\u00e1 o [&hellip;]<\/p>\n","protected":false},"author":29,"featured_media":0,"comment_status":"closed","ping_status":"closed","sticky":false,"template":"","format":"standard","meta":{"footnotes":""},"categories":[4],"tags":[],"class_list":["post-663","post","type-post","status-publish","format-standard","hentry","category-coluna-brasilia-df"],"_links":{"self":[{"href":"https:\/\/blogs.correiobraziliense.com.br\/denise\/wp-json\/wp\/v2\/posts\/663","targetHints":{"allow":["GET"]}}],"collection":[{"href":"https:\/\/blogs.correiobraziliense.com.br\/denise\/wp-json\/wp\/v2\/posts"}],"about":[{"href":"https:\/\/blogs.correiobraziliense.com.br\/denise\/wp-json\/wp\/v2\/types\/post"}],"author":[{"embeddable":true,"href":"https:\/\/blogs.correiobraziliense.com.br\/denise\/wp-json\/wp\/v2\/users\/29"}],"replies":[{"embeddable":true,"href":"https:\/\/blogs.correiobraziliense.com.br\/denise\/wp-json\/wp\/v2\/comments?post=663"}],"version-history":[{"count":1,"href":"https:\/\/blogs.correiobraziliense.com.br\/denise\/wp-json\/wp\/v2\/posts\/663\/revisions"}],"predecessor-version":[{"id":664,"href":"https:\/\/blogs.correiobraziliense.com.br\/denise\/wp-json\/wp\/v2\/posts\/663\/revisions\/664"}],"wp:attachment":[{"href":"https:\/\/blogs.correiobraziliense.com.br\/denise\/wp-json\/wp\/v2\/media?parent=663"}],"wp:term":[{"taxonomy":"category","embeddable":true,"href":"https:\/\/blogs.correiobraziliense.com.br\/denise\/wp-json\/wp\/v2\/categories?post=663"},{"taxonomy":"post_tag","embeddable":true,"href":"https:\/\/blogs.correiobraziliense.com.br\/denise\/wp-json\/wp\/v2\/tags?post=663"}],"curies":[{"name":"wp","href":"https:\/\/api.w.org\/{rel}","templated":true}]}}