{"id":661,"date":"2016-05-04T10:49:12","date_gmt":"2016-05-04T13:49:12","guid":{"rendered":"https:\/\/blogs.correiobraziliense.com.br\/denise\/?p=661"},"modified":"2016-05-04T10:49:12","modified_gmt":"2016-05-04T13:49:12","slug":"ordem-unida-de-michel","status":"publish","type":"post","link":"https:\/\/blogs.correiobraziliense.com.br\/denise\/ordem-unida-de-michel\/","title":{"rendered":"A ordem unida de Michel"},"content":{"rendered":"\n<p>   A poucos dias de assumir a presid\u00eancia da Rep\u00fablica, o vice presidente Michel Temer passou uma descompostura (bem ao seu estilo, quase impercept\u00edvel) no grupo mais pr\u00f3ximo e desautorizou todos a falar sobre economia. Com o jeito educado que o caracteriza, Michel abriu a reuni\u00e3o do chamado &#8220;n\u00facleo duro&#8221; anunciando que a \u00fanica pessoa autorizada a falar sobre pol\u00edtica econ\u00f4mica \u00e9 o quase ministro da Fazenda, Henrique Meirelles, e, al\u00e9m dele, o futuro presidente da Rep\u00fablica. aos demais, resta apenas refor\u00e7ar o que Temer e Meirelles disserem.<\/p>\n<p>  A &#8220;bronca&#8221; tem um objetivo claro: evitar que a presidente Dilma Rousseff, sempre de olho nos passos do vice, tente se antecipar a ele, de forma a boicotar ou se antecipar a a\u00e7\u00f5es que est\u00e3o em planejamento no Pal\u00e1cio do Jaburu. O reajuste do Bolsa Fam\u00edlia, dizem aliados de Temer, foi um desses projetos que veio sob encomenda para evitar que o vice pudesse elevar os valores pagos aos mais pobres.<\/p>\n<p>Ayres, o nome<br \/>\n  O vice-presidente Michel Temer n\u00e3o desistiu de nomear um ex-ministro do Supremo Tribunal Federal para comandar a Justi\u00e7a ou a Defesa. Ontem, jantou com o ex-ministro Carlos Ayres Britto, de quem \u00e9 amigo. Sinal de que vai insistir. <\/p>\n<p>Cunha contra Maia<br \/>\n   O presidente da C\u00e2mara, Eduardo Cunha (PMDB-RJ), passou a trabalhar contra a indica\u00e7\u00e3o de Rodrigo Maia (DEM-RJ) para l\u00edder do governo Michel Temer na C\u00e2mara. S\u00e3o dois problemas: primeiro, Cunha prefere algu\u00e9m que responda mais ao seu comando. Em segundo, Rodrigo \u00e9 do Rio, onde o presidente da C\u00e2mara n\u00e3o pretende ver ningu\u00e9m brilhando acima do PMDB.<\/p>\n<p>D\u00favida cruel<br \/>\n  A presidente Dilma Rousseff foi alertada por alguns amigos que, em caso de impeachment, ela perder\u00e1 a aposentadoria presidencial e os seguran\u00e7as a que tem direito. Se renunciar, n\u00e3o perde esses benef\u00edcios. \u00c9 algo a pensar. Por\u00e9m, no momento, ela n\u00e3o cogita.<\/p>\n<p>Realidade cruel<br \/>\n  Apenas no final da semana passada a presidente passou a ter ci\u00eancia de que seus dias no poder est\u00e3o contados e que um governo Michel Temer, depois de ganhar f\u00f4lego, s\u00f3 terminar\u00e1 em 01 de janeiro de 2019.<\/p>\n<p>CURTIDAS<\/p>\n<p>Aproveita, querida\/ Dilma vai aproveitar esses \u00faltimos dias para inaugurar casas populares e dar entrevistas. Hoje \u00e9 a vez da BBC. Em sua equipe, h\u00e1 quem desconfie que, passada a posse de Temer, as falas da presidente afastada v\u00e3o virar nota de rodap\u00e9.<\/p>\n<p>Terra de Murici\/ A aus\u00eancia de Lula no 1 de maio foi lida por muitos como o gesto de &#8220;adeus, querida&#8221;. Ontem, a ida do ex-presidente a Bras\u00edlia foi vista mais como uma a\u00e7\u00e3o para cuidar de si, depois da den\u00fancia ao STF! Do que uma ajuda \u00e0 presidente Dilma. N\u00e3o \u00e9 de hoje que alguns petistas de peso afirmam que Lula s\u00f3 pensa em si. <\/p>\n<p>Ensaio geral\/ O ex-deputado Geddel Vieira Lima acompanhou a reuni\u00e3o de Michel Temer com o presidente do PSDB, A\u00e9cio Neves. J\u00e1 exercia ali o papel de articulador pol\u00edtico do futuro governo Michel Temer.<\/p>\n<p>Vem a\u00ed\/ O vice-presidente Michel Temer vai mandar colocar uma tenda, com banheiro, caf\u00e9 e \u00e1gua para os rep\u00f3rteres que fazem plant\u00e3o no Pal\u00e1cio do Jaburu. Ufa! <\/p>\n<p>Enviado do meu iPad<\/p>\n","protected":false},"excerpt":{"rendered":"<p>A poucos dias de assumir a presid\u00eancia da Rep\u00fablica, o vice presidente Michel Temer passou uma descompostura (bem ao seu estilo, quase impercept\u00edvel) no grupo mais pr\u00f3ximo e desautorizou todos a falar sobre economia. Com o jeito educado que o caracteriza, Michel abriu a reuni\u00e3o do chamado &#8220;n\u00facleo duro&#8221; anunciando que a \u00fanica pessoa autorizada a falar sobre pol\u00edtica econ\u00f4mica [&hellip;]<\/p>\n","protected":false},"author":29,"featured_media":0,"comment_status":"closed","ping_status":"closed","sticky":false,"template":"","format":"standard","meta":{"footnotes":""},"categories":[4],"tags":[],"class_list":["post-661","post","type-post","status-publish","format-standard","hentry","category-coluna-brasilia-df"],"_links":{"self":[{"href":"https:\/\/blogs.correiobraziliense.com.br\/denise\/wp-json\/wp\/v2\/posts\/661","targetHints":{"allow":["GET"]}}],"collection":[{"href":"https:\/\/blogs.correiobraziliense.com.br\/denise\/wp-json\/wp\/v2\/posts"}],"about":[{"href":"https:\/\/blogs.correiobraziliense.com.br\/denise\/wp-json\/wp\/v2\/types\/post"}],"author":[{"embeddable":true,"href":"https:\/\/blogs.correiobraziliense.com.br\/denise\/wp-json\/wp\/v2\/users\/29"}],"replies":[{"embeddable":true,"href":"https:\/\/blogs.correiobraziliense.com.br\/denise\/wp-json\/wp\/v2\/comments?post=661"}],"version-history":[{"count":1,"href":"https:\/\/blogs.correiobraziliense.com.br\/denise\/wp-json\/wp\/v2\/posts\/661\/revisions"}],"predecessor-version":[{"id":662,"href":"https:\/\/blogs.correiobraziliense.com.br\/denise\/wp-json\/wp\/v2\/posts\/661\/revisions\/662"}],"wp:attachment":[{"href":"https:\/\/blogs.correiobraziliense.com.br\/denise\/wp-json\/wp\/v2\/media?parent=661"}],"wp:term":[{"taxonomy":"category","embeddable":true,"href":"https:\/\/blogs.correiobraziliense.com.br\/denise\/wp-json\/wp\/v2\/categories?post=661"},{"taxonomy":"post_tag","embeddable":true,"href":"https:\/\/blogs.correiobraziliense.com.br\/denise\/wp-json\/wp\/v2\/tags?post=661"}],"curies":[{"name":"wp","href":"https:\/\/api.w.org\/{rel}","templated":true}]}}