{"id":6415,"date":"2020-12-15T16:22:30","date_gmt":"2020-12-15T19:22:30","guid":{"rendered":"https:\/\/blogs.correiobraziliense.com.br\/denise\/?p=6415"},"modified":"2020-12-15T16:22:30","modified_gmt":"2020-12-15T19:22:30","slug":"relator-vai-consultar-lideres-sobre-termo-de-responsabilidade-para-vacina","status":"publish","type":"post","link":"https:\/\/blogs.correiobraziliense.com.br\/denise\/relator-vai-consultar-lideres-sobre-termo-de-responsabilidade-para-vacina\/","title":{"rendered":"Relator vai consultar l\u00edderes sobre termo de responsabilidade para vacina"},"content":{"rendered":"<p>    O presidente Jair Bolsonaro conversou com deputado Geninho Zuliani (DEM-SP), relator do plano global de imuniza\u00e7\u00e3o contra covid-19, o cons\u00f3rcio da Covas, em tramita\u00e7\u00e3o no Congresso, sobre a inclus\u00e3o do termo de responsabilidade para quem quiser tomar a vacina. Geninho ouviu do presidente que a preocupa\u00e7\u00e3o do governo \u00e9 com poss\u00edveis a\u00e7\u00f5es judiciais que possam comprometer as contas p\u00fabicas mais \u00e0 frente. A Pfizer, por exemplo, em seu pr\u00e9-contrato de fornecimento da vacina, quer que os pa\u00edses compradores assinem um termo de responsabilidade. Outros n\u00e3o t\u00eam essa cl\u00e1usula. Geninho vai ouvir os l\u00edderes, antes de apresentar seu relat\u00f3rio e a tend\u00eancia \u00e9 que isso fique fora do relat\u00f3rio. Zuliani estuda o assunto h\u00e1 meses. Visitou a Fiocruz, o Butant\u00e3 e outros laborat\u00f3rio e n\u00e3o vai tirar mais pol\u00eamica sobre o tema.<\/p>\n","protected":false},"excerpt":{"rendered":"<p>O presidente Jair Bolsonaro conversou com deputado Geninho Zuliani (DEM-SP), relator do plano global de imuniza\u00e7\u00e3o contra covid-19, o cons\u00f3rcio da Covas, em tramita\u00e7\u00e3o no Congresso, sobre a inclus\u00e3o do termo de responsabilidade para quem quiser tomar a vacina. Geninho ouviu do presidente que a preocupa\u00e7\u00e3o do governo \u00e9 com poss\u00edveis a\u00e7\u00f5es judiciais que possam comprometer as contas p\u00fabicas mais [&hellip;]<\/p>\n","protected":false},"author":29,"featured_media":0,"comment_status":"closed","ping_status":"closed","sticky":false,"template":"","format":"standard","meta":{"footnotes":""},"categories":[501],"tags":[],"class_list":["post-6415","post","type-post","status-publish","format-standard","hentry","category-vacinas-coronavirus"],"_links":{"self":[{"href":"https:\/\/blogs.correiobraziliense.com.br\/denise\/wp-json\/wp\/v2\/posts\/6415","targetHints":{"allow":["GET"]}}],"collection":[{"href":"https:\/\/blogs.correiobraziliense.com.br\/denise\/wp-json\/wp\/v2\/posts"}],"about":[{"href":"https:\/\/blogs.correiobraziliense.com.br\/denise\/wp-json\/wp\/v2\/types\/post"}],"author":[{"embeddable":true,"href":"https:\/\/blogs.correiobraziliense.com.br\/denise\/wp-json\/wp\/v2\/users\/29"}],"replies":[{"embeddable":true,"href":"https:\/\/blogs.correiobraziliense.com.br\/denise\/wp-json\/wp\/v2\/comments?post=6415"}],"version-history":[{"count":1,"href":"https:\/\/blogs.correiobraziliense.com.br\/denise\/wp-json\/wp\/v2\/posts\/6415\/revisions"}],"predecessor-version":[{"id":6416,"href":"https:\/\/blogs.correiobraziliense.com.br\/denise\/wp-json\/wp\/v2\/posts\/6415\/revisions\/6416"}],"wp:attachment":[{"href":"https:\/\/blogs.correiobraziliense.com.br\/denise\/wp-json\/wp\/v2\/media?parent=6415"}],"wp:term":[{"taxonomy":"category","embeddable":true,"href":"https:\/\/blogs.correiobraziliense.com.br\/denise\/wp-json\/wp\/v2\/categories?post=6415"},{"taxonomy":"post_tag","embeddable":true,"href":"https:\/\/blogs.correiobraziliense.com.br\/denise\/wp-json\/wp\/v2\/tags?post=6415"}],"curies":[{"name":"wp","href":"https:\/\/api.w.org\/{rel}","templated":true}]}}