{"id":5963,"date":"2020-08-26T07:48:46","date_gmt":"2020-08-26T10:48:46","guid":{"rendered":"https:\/\/blogs.correiobraziliense.com.br\/denise\/?p=5963"},"modified":"2020-08-26T07:48:46","modified_gmt":"2020-08-26T10:48:46","slug":"propostas-da-equipe-economica-esbarram-na-vontade-politica","status":"publish","type":"post","link":"https:\/\/blogs.correiobraziliense.com.br\/denise\/propostas-da-equipe-economica-esbarram-na-vontade-politica\/","title":{"rendered":"Propostas da equipe econ\u00f4mica esbarram na vontade pol\u00edtica"},"content":{"rendered":"<p><strong>Coluna Bras\u00edlia-DF<\/strong><\/p>\n<p>Se sa\u00fade e economia andam juntas, como o presidente Jair Bolsonaro costuma repetir \u2014 e justi\u00e7a seja feita, at\u00e9 a Organiza\u00e7\u00e3o Mundial de Sa\u00fade (OMS) reconheceu recentemente \u2014, o mesmo n\u00e3o est\u00e1 acontecendo com a pol\u00edtica e a economia dentro do governo.<\/p>\n<p>At\u00e9 aqui, as sugest\u00f5es apresentadas pela equipe do ministro Paulo Guedes esbarram nas cr\u00edticas que o presidente receber\u00e1 \u2014 seja o fim do programa Farm\u00e1cia Popular, das dedu\u00e7\u00f5es do Imposto de Renda de Pessoa F\u00edsica, que aliviam a classe m\u00e9dia na hora de acertar as contas com a Receita Federal.<\/p>\n<p>Os congressistas j\u00e1 fizeram chegar ao Planalto que \u00e9 preciso buscar outras sa\u00eddas. Essas a\u00ed, ainda mais em ano eleitoral, n\u00e3o passam. Quanto \u00e0s dedu\u00e7\u00f5es de gastos com sa\u00fade, conforme j\u00e1 avisou \u00e0 coluna recentemente o ex-secret\u00e1rio da Receita, Everardo Maciel, ser\u00e1 uma festa para aos advogados tributaristas.<\/p>\n<p>No in\u00edcio do m\u00eas, ele alertou que isso \u00e9 n\u00e3o \u00e9 renda. \u201cSa\u00fade \u00e9 um direito social, previsto na Constitui\u00e7\u00e3o. Se o governo mexer a\u00ed, trocar\u00e1 um problema por dez\u201d. Para al\u00edvio do contribuinte, Bolsonaro tem dito a alguns interlocutores que pensa da mesma forma. Ou seja: a\u00ed n\u00e3o d\u00e1 para mexer.<\/p>\n<h2>\n<strong>O foco de Bolsonaro<\/strong><\/h2>\n<p>Embalado pelo aux\u00edlio emergencial de R$ 600, o presidente avisou aos t\u00e9cnicos que n\u00e3o d\u00e1 para perder para a oposi\u00e7\u00e3o essas pessoas que agora foram atendidas. O governo, ali\u00e1s, comemora o estudo da Funda\u00e7\u00e3o Getulio Vargas a respeito da redu\u00e7\u00e3o da pobreza no Norte e Nordeste.<\/p>\n<h2>\n<strong>Seguuura, pe\u00e3o<\/strong><\/h2>\n<p>Todo o esfor\u00e7o do governo \u00e9 no sentido de evitar que a redu\u00e7\u00e3o do aux\u00edlio leve junto a popularidade do presidente.<\/p>\n<h2>\n<strong>Banho de loja e de esperan\u00e7a<\/strong><\/h2>\n<p>Com o Casa Verde e Amarela, que modifica o Minha Casa Minha Vida lan\u00e7ado por Lula, o governo Bolsonaro espera conseguir alavancar a ind\u00fastria da constru\u00e7\u00e3o civil, que ajuda na gera\u00e7\u00e3o de empregos. H\u00e1 um consenso de que, sem reabrir vagas de trabalho, o motor da reelei\u00e7\u00e3o pode engasgar ali na frente.<\/p>\n<h2>\n<strong>Dallagnol respira, mas&#8230;<\/strong><\/h2>\n<p>Ao ter o processo sobre o Power Point com o nome de Lula no centro arquivado no Conselho Nacional do Minist\u00e9rio P\u00fablico, o procurador Deltan Dallagnol ganhou uma batalha antes de o procurador-geral, Augusto Aras, decidir se vai mant\u00ea-lo no comando da for\u00e7a-tarefa em Curitiba. Por\u00e9m, quem conhece Aras garante que essa decis\u00e3o n\u00e3o afeta a sua convic\u00e7\u00e3o de que algo precisa mudar em Curitiba.<\/p>\n<h2>\n<strong>Bolsonaro \u00e9 o Trump de amanh\u00e3<\/strong><\/h2>\n<p>O discurso de Donald Trump, de culpar os governadores e advers\u00e1rios pelas adversidades e a gravidade da pandemia nos Estados Unidos, \u00e9 um ensaio do que o Brasil viver\u00e1 em 2022, apostam brasileiros da oposi\u00e7\u00e3o e at\u00e9 da situa\u00e7\u00e3o. Ambos negaram a pandemia no in\u00edcio e disseram que o v\u00edrus ia passar logo.<\/p>\n<p>A diferen\u00e7a \u00e9 que Bolsonaro ainda tem tempo para se refazer e aposta nos programas sociais e na recupera\u00e7\u00e3o econ\u00f4mica para alavancar sua campanha l\u00e1 na frente. Trump n\u00e3o tem esse tempo para buscar musculatura pol\u00edtico-eleitoral.<\/p>\n<p><strong>Nas m\u00e3os do STF\/<\/strong> O presidente do Senado, Davi Alcolumbre (DEM-AP), tem dito em conversas reservadas que sua reelei\u00e7\u00e3o est\u00e1, hoje, nas m\u00e3os do Supremo Tribunal Federal. Se puder ser candidato, disputar\u00e1 e, avaliam seus aliados, ganhar\u00e1 f\u00e1cil.<\/p>\n<p><strong>Muitos l\u00edderes para uma vaga\/<\/strong> Caso a tese da reelei\u00e7\u00e3o seja derrotada, o problema ser\u00e1 encontrar um nome de consenso. S\u00f3 no MDB h\u00e1 tr\u00eas: o l\u00edder da bancada, Eduardo Braga (AM, foto), e os dois l\u00edderes do governo, Eduardo Gomes (TO) e Fernando Bezerra Coelho (PE).<\/p>\n<p><strong>Enquanto isso, na C\u00e2mara&#8230; \/<\/strong> A falta de sess\u00f5es presenciais na Casa tem tirado o term\u00f4metro da prefer\u00eancia dos deputados para a elei\u00e7\u00e3o do ano que vem. Nesse tipo de pleito, as conversas no plen\u00e1rio, as rodinhas na sala de caf\u00e9 sempre davam alguma pista aos pr\u00e9-candidatos. Agora, por telefone, \u00e9 aquela hist\u00f3ria do \u201cconte comigo, viu?\u201d<\/p>\n<p><strong>Marimex responde\/<\/strong> A prop\u00f3sito da nota publicada ontem sobre a autua\u00e7\u00e3o da Ag\u00eancia Nacional de Transportes Aquavi\u00e1rios (Antaq), \u201ca Marimex esclarece que a infra\u00e7\u00e3o sobre a movimenta\u00e7\u00e3o de cargas inflam\u00e1veis foi descartada, posteriormente, pela pr\u00f3pria Ag\u00eancia. A empresa foi advertida pela Codesp, apenas, para que providenciasse melhor nitidez nas demarca\u00e7\u00f5es no p\u00e1tio de descarga. \u00c9 preciso ressaltar ainda que a Marimex, por ser um Terminal Retroalfandegado, atua no desembara\u00e7o de cargas conteinerizadas at\u00e9 a conclus\u00e3o do despacho aduaneiro. Portanto, n\u00e3o \u00e9 compar\u00e1vel a situa\u00e7\u00e3o transit\u00f3ria de dois cont\u00eaineres aos riscos da circula\u00e7\u00e3o e armazenamento de produtos perigosos de forma permanente em zona portu\u00e1ria\u201d.<\/p>\n","protected":false},"excerpt":{"rendered":"<p>Coluna Bras\u00edlia-DF Se sa\u00fade e economia andam juntas, como o presidente Jair Bolsonaro costuma repetir \u2014 e justi\u00e7a seja feita, at\u00e9 a Organiza\u00e7\u00e3o Mundial de Sa\u00fade (OMS) reconheceu recentemente \u2014, o mesmo n\u00e3o est\u00e1 acontecendo com a pol\u00edtica e a economia dentro do governo. At\u00e9 aqui, as sugest\u00f5es apresentadas pela equipe do ministro Paulo Guedes esbarram nas cr\u00edticas que o [&hellip;]<\/p>\n","protected":false},"author":29,"featured_media":5964,"comment_status":"closed","ping_status":"closed","sticky":false,"template":"","format":"standard","meta":{"footnotes":""},"categories":[4],"tags":[28,230,411,49],"class_list":["post-5963","post","type-post","status-publish","format-standard","has-post-thumbnail","hentry","category-coluna-brasilia-df","tag-bolsonaro","tag-eleicao","tag-equipe-economica","tag-paulo-guedes"],"_links":{"self":[{"href":"https:\/\/blogs.correiobraziliense.com.br\/denise\/wp-json\/wp\/v2\/posts\/5963","targetHints":{"allow":["GET"]}}],"collection":[{"href":"https:\/\/blogs.correiobraziliense.com.br\/denise\/wp-json\/wp\/v2\/posts"}],"about":[{"href":"https:\/\/blogs.correiobraziliense.com.br\/denise\/wp-json\/wp\/v2\/types\/post"}],"author":[{"embeddable":true,"href":"https:\/\/blogs.correiobraziliense.com.br\/denise\/wp-json\/wp\/v2\/users\/29"}],"replies":[{"embeddable":true,"href":"https:\/\/blogs.correiobraziliense.com.br\/denise\/wp-json\/wp\/v2\/comments?post=5963"}],"version-history":[{"count":1,"href":"https:\/\/blogs.correiobraziliense.com.br\/denise\/wp-json\/wp\/v2\/posts\/5963\/revisions"}],"predecessor-version":[{"id":5965,"href":"https:\/\/blogs.correiobraziliense.com.br\/denise\/wp-json\/wp\/v2\/posts\/5963\/revisions\/5965"}],"wp:featuredmedia":[{"embeddable":true,"href":"https:\/\/blogs.correiobraziliense.com.br\/denise\/wp-json\/wp\/v2\/media\/5964"}],"wp:attachment":[{"href":"https:\/\/blogs.correiobraziliense.com.br\/denise\/wp-json\/wp\/v2\/media?parent=5963"}],"wp:term":[{"taxonomy":"category","embeddable":true,"href":"https:\/\/blogs.correiobraziliense.com.br\/denise\/wp-json\/wp\/v2\/categories?post=5963"},{"taxonomy":"post_tag","embeddable":true,"href":"https:\/\/blogs.correiobraziliense.com.br\/denise\/wp-json\/wp\/v2\/tags?post=5963"}],"curies":[{"name":"wp","href":"https:\/\/api.w.org\/{rel}","templated":true}]}}